{"id":1167,"date":"2025-01-03T13:41:29","date_gmt":"2025-01-03T13:41:29","guid":{"rendered":"https:\/\/voxsahel.com\/?p=1167"},"modified":"2025-01-03T13:41:29","modified_gmt":"2025-01-03T13:41:29","slug":"protection-de-leconomie-la-douane-de-dakola-intercepte-23-camions-de-marchandises-illegalement-exportees","status":"publish","type":"post","link":"https:\/\/voxsahel.com\/?p=1167","title":{"rendered":"Protection de l&rsquo;\u00e9conomie : La douane de Dakola intercepte 23 camions de marchandises ill\u00e9galement export\u00e9es"},"content":{"rendered":"<p class=\"p1\">Dans le cadre des efforts intensifi\u00e9s pour prot\u00e9ger l\u2019\u00e9conomie nationale, la Douane burkinab\u00e8 a intercept\u00e9 23 camions transportant ill\u00e9galement du ni\u00e9b\u00e9 et des amandes de karit\u00e9, d\u2019une valeur totale estim\u00e9e \u00e0 68 millions de francs CFA. Cette saisie a \u00e9t\u00e9 r\u00e9alis\u00e9e par le Bureau des douanes de Dakola, conform\u00e9ment aux instructions de la Direction de lutte contre la fraude et de la surveillance du territoire, qui a mis l\u2019accent sur le contr\u00f4le rigoureux des exportations de marchandises.<\/p>\n<p class=\"p1\"><span class=\"s1\">Sur les 23 camions saisis, <\/span><span class=\"s2\">22 transportaient 8 930 sacs de ni\u00e9b\u00e9<\/span><span class=\"s1\">, pour une valeur totale estim\u00e9e \u00e0 <\/span><span class=\"s2\">66 millions de francs CFA<\/span><span class=\"s1\">, tandis qu\u2019un autre camion contenait <\/span><span class=\"s2\">625 sacs d\u2019amandes de karit\u00e9<\/span><span class=\"s1\">, \u00e9valu\u00e9s \u00e0 <\/span><span class=\"s2\">2 millions de francs CFA<\/span><span class=\"s1\">. Ces marchandises provenaient du Niger et \u00e9taient destin\u00e9es \u00e0 \u00eatre export\u00e9es ill\u00e9galement vers le Ghana.<\/span><\/p>\n<p class=\"p1\"><span class=\"s1\">Les agents de la douane de Dakola ont d\u00e9montr\u00e9 une vigilance exemplaire et un professionnalisme remarquable dans l\u2019ex\u00e9cution de leur mission.<\/span><\/p>\n<p class=\"p1\"><span class=\"s1\">Cette interception intervient dans un contexte o\u00f9 le <\/span><span class=\"s2\">Burkina Faso et le Niger<\/span><span class=\"s1\"> ont interdit l\u2019exportation de c\u00e9r\u00e9ales hors des fronti\u00e8res de l&rsquo;<\/span><span class=\"s2\">Alliance des \u00c9tats du Sahel (AES)<\/span><span class=\"s1\">, qui regroupe les pays membres. Cette mesure vise \u00e0 pr\u00e9server la s\u00e9curit\u00e9 alimentaire dans la sous-r\u00e9gion, face \u00e0 des d\u00e9fis \u00e9conomiques et climatiques croissants.<\/span><\/p>\n<p class=\"p1\"><span class=\"s1\">Le Directeur g\u00e9n\u00e9ral des douanes a f\u00e9licit\u00e9 ses \u00e9quipes pour leur travail exemplaire, soulignant l\u2019importance de leur r\u00f4le dans la protection de l\u2019\u00e9conomie nationale. \u00ab Cette saisie t\u00e9moigne de notre engagement \u00e0 faire respecter les lois en vigueur et \u00e0 prot\u00e9ger nos ressources \u00bb, a-t-il d\u00e9clar\u00e9.<\/span><\/p>\n<p class=\"p1\"><span class=\"s1\">En renfor\u00e7ant les contr\u00f4les aux fronti\u00e8res, le Burkina Faso r\u00e9affirme sa d\u00e9termination \u00e0 combattre toutes les formes de fraude \u00e9conomique. Cette op\u00e9ration \u00e0 Dakola envoie un signal fort \u00e0 ceux qui tenteraient de contourner les r\u00e8gles : les autorit\u00e9s restent vigilantes et pr\u00eates \u00e0 agir pour d\u00e9fendre les int\u00e9r\u00eats du pays.<\/span><\/p>\n<p class=\"p1\"><span class=\"s1\">La vigilance des services douaniers et leur coop\u00e9ration renforc\u00e9e avec les autres institutions continuent d\u2019\u00eatre un pilier essentiel dans la lutte contre la contrebande et les exportations ill\u00e9gales.<\/span><\/p>\n","protected":false},"excerpt":{"rendered":"<p>Dans le cadre des efforts intensifi\u00e9s pour prot\u00e9ger l\u2019\u00e9conomie nationale, la Douane burkinab\u00e8 a intercept\u00e9<\/p>\n","protected":false},"author":2,"featured_media":1168,"comment_status":"open","ping_status":"open","sticky":false,"template":"","format":"standard","meta":{"_et_pb_use_builder":"","_et_pb_old_content":"","_et_gb_content_width":"","footnotes":""},"categories":[8],"tags":[18,142,146,370,310],"class_list":["post-1167","post","type-post","status-publish","format-standard","has-post-thumbnail","hentry","category-developpement","tag-burkina-faso","tag-douane","tag-douanes-du-burkina-faso","tag-observatoire-pour-la-celerite-des-operations-douanieres-au-burkina-faso","tag-organisation-mondiale-des-douanes"],"yoast_head":"<!-- This site is optimized with the Yoast SEO plugin v27.5 - https:\/\/yoast.com\/product\/yoast-seo-wordpress\/ -->\n<title>Protection de l&#039;\u00e9conomie : La douane de Dakola intercepte 23 camions de marchandises ill\u00e9galement export\u00e9es - Vox Sahel<\/title>\n<meta name=\"robots\" content=\"index, follow, max-snippet:-1, max-image-preview:large, max-video-preview:-1\" \/>\n<link rel=\"canonical\" href=\"https:\/\/voxsahel.com\/?p=1167\" \/>\n<meta property=\"og:locale\" content=\"fr_FR\" \/>\n<meta property=\"og:type\" content=\"article\" \/>\n<meta property=\"og:title\" content=\"Protection de l&#039;\u00e9conomie : La douane de Dakola intercepte 23 camions de marchandises ill\u00e9galement export\u00e9es - Vox Sahel\" \/>\n<meta property=\"og:description\" content=\"Dans le cadre des efforts intensifi\u00e9s pour prot\u00e9ger l\u2019\u00e9conomie nationale, la Douane burkinab\u00e8 a intercept\u00e9\" \/>\n<meta property=\"og:url\" content=\"https:\/\/voxsahel.com\/?p=1167\" \/>\n<meta property=\"og:site_name\" content=\"Vox Sahel\" \/>\n<meta property=\"article:publisher\" content=\"https:\/\/www.facebook.com\/journal.voxsahel\" \/>\n<meta property=\"article:published_time\" content=\"2025-01-03T13:41:29+00:00\" \/>\n<meta property=\"og:image\" content=\"https:\/\/voxsahel.com\/wp-content\/uploads\/2025\/01\/IMG_8628.jpeg\" \/>\n\t<meta property=\"og:image:width\" content=\"936\" \/>\n\t<meta property=\"og:image:height\" content=\"624\" \/>\n\t<meta property=\"og:image:type\" content=\"image\/jpeg\" \/>\n<meta name=\"author\" content=\"Vox Sahel\" \/>\n<meta name=\"twitter:card\" content=\"summary_large_image\" \/>\n<meta name=\"twitter:label1\" content=\"\u00c9crit par\" \/>\n\t<meta name=\"twitter:data1\" content=\"Vox Sahel\" \/>\n\t<meta name=\"twitter:label2\" content=\"Dur\u00e9e de lecture estim\u00e9e\" \/>\n\t<meta name=\"twitter:data2\" content=\"2 minutes\" \/>\n<script type=\"application\/ld+json\" class=\"yoast-schema-graph\">{\"@context\":\"https:\\\/\\\/schema.org\",\"@graph\":[{\"@type\":\"Article\",\"@id\":\"https:\\\/\\\/voxsahel.com\\\/?p=1167#article\",\"isPartOf\":{\"@id\":\"https:\\\/\\\/voxsahel.com\\\/?p=1167\"},\"author\":{\"name\":\"Vox Sahel\",\"@id\":\"https:\\\/\\\/voxsahel.com\\\/#\\\/schema\\\/person\\\/b4043608248f8fa227cd760e7ff1e19e\"},\"headline\":\"Protection de l&rsquo;\u00e9conomie : La douane de Dakola intercepte 23 camions de marchandises ill\u00e9galement export\u00e9es\",\"datePublished\":\"2025-01-03T13:41:29+00:00\",\"mainEntityOfPage\":{\"@id\":\"https:\\\/\\\/voxsahel.com\\\/?p=1167\"},\"wordCount\":379,\"commentCount\":0,\"publisher\":{\"@id\":\"https:\\\/\\\/voxsahel.com\\\/#organization\"},\"image\":{\"@id\":\"https:\\\/\\\/voxsahel.com\\\/?p=1167#primaryimage\"},\"thumbnailUrl\":\"https:\\\/\\\/voxsahel.com\\\/wp-content\\\/uploads\\\/2025\\\/01\\\/IMG_8628.jpeg\",\"keywords\":[\"Burkina Faso\",\"Douane\",\"Douanes du Burkina Faso\",\"Observatoire pour la c\u00e9l\u00e9rit\u00e9 des op\u00e9rations douani\u00e8res au Burkina Faso\",\"Organisation mondiale des Douanes\"],\"articleSection\":[\"DEVELOPPEMENT\"],\"inLanguage\":\"fr-FR\",\"potentialAction\":[{\"@type\":\"CommentAction\",\"name\":\"Comment\",\"target\":[\"https:\\\/\\\/voxsahel.com\\\/?p=1167#respond\"]}]},{\"@type\":\"WebPage\",\"@id\":\"https:\\\/\\\/voxsahel.com\\\/?p=1167\",\"url\":\"https:\\\/\\\/voxsahel.com\\\/?p=1167\",\"name\":\"Protection de l'\u00e9conomie : La douane de Dakola intercepte 23 camions de marchandises ill\u00e9galement export\u00e9es - Vox Sahel\",\"isPartOf\":{\"@id\":\"https:\\\/\\\/voxsahel.com\\\/#website\"},\"primaryImageOfPage\":{\"@id\":\"https:\\\/\\\/voxsahel.com\\\/?p=1167#primaryimage\"},\"image\":{\"@id\":\"https:\\\/\\\/voxsahel.com\\\/?p=1167#primaryimage\"},\"thumbnailUrl\":\"https:\\\/\\\/voxsahel.com\\\/wp-content\\\/uploads\\\/2025\\\/01\\\/IMG_8628.jpeg\",\"datePublished\":\"2025-01-03T13:41:29+00:00\",\"breadcrumb\":{\"@id\":\"https:\\\/\\\/voxsahel.com\\\/?p=1167#breadcrumb\"},\"inLanguage\":\"fr-FR\",\"potentialAction\":[{\"@type\":\"ReadAction\",\"target\":[\"https:\\\/\\\/voxsahel.com\\\/?p=1167\"]}]},{\"@type\":\"ImageObject\",\"inLanguage\":\"fr-FR\",\"@id\":\"https:\\\/\\\/voxsahel.com\\\/?p=1167#primaryimage\",\"url\":\"https:\\\/\\\/voxsahel.com\\\/wp-content\\\/uploads\\\/2025\\\/01\\\/IMG_8628.jpeg\",\"contentUrl\":\"https:\\\/\\\/voxsahel.com\\\/wp-content\\\/uploads\\\/2025\\\/01\\\/IMG_8628.jpeg\",\"width\":936,\"height\":624},{\"@type\":\"BreadcrumbList\",\"@id\":\"https:\\\/\\\/voxsahel.com\\\/?p=1167#breadcrumb\",\"itemListElement\":[{\"@type\":\"ListItem\",\"position\":1,\"name\":\"Home\",\"item\":\"https:\\\/\\\/voxsahel.com\\\/\"},{\"@type\":\"ListItem\",\"position\":2,\"name\":\"Protection de l&rsquo;\u00e9conomie : La douane de Dakola intercepte 23 camions de marchandises ill\u00e9galement export\u00e9es\"}]},{\"@type\":\"WebSite\",\"@id\":\"https:\\\/\\\/voxsahel.com\\\/#website\",\"url\":\"https:\\\/\\\/voxsahel.com\\\/\",\"name\":\"Vox Sahel\",\"description\":\"Informez-vous sur le Sahel en un clic\",\"publisher\":{\"@id\":\"https:\\\/\\\/voxsahel.com\\\/#organization\"},\"potentialAction\":[{\"@type\":\"SearchAction\",\"target\":{\"@type\":\"EntryPoint\",\"urlTemplate\":\"https:\\\/\\\/voxsahel.com\\\/?s={search_term_string}\"},\"query-input\":{\"@type\":\"PropertyValueSpecification\",\"valueRequired\":true,\"valueName\":\"search_term_string\"}}],\"inLanguage\":\"fr-FR\"},{\"@type\":\"Organization\",\"@id\":\"https:\\\/\\\/voxsahel.com\\\/#organization\",\"name\":\"Vox Sahel\",\"url\":\"https:\\\/\\\/voxsahel.com\\\/\",\"logo\":{\"@type\":\"ImageObject\",\"inLanguage\":\"fr-FR\",\"@id\":\"https:\\\/\\\/voxsahel.com\\\/#\\\/schema\\\/logo\\\/image\\\/\",\"url\":\"https:\\\/\\\/voxsahel.com\\\/wp-content\\\/uploads\\\/2024\\\/09\\\/Logo-Vox-Sahel.jpg\",\"contentUrl\":\"https:\\\/\\\/voxsahel.com\\\/wp-content\\\/uploads\\\/2024\\\/09\\\/Logo-Vox-Sahel.jpg\",\"width\":1181,\"height\":848,\"caption\":\"Vox Sahel\"},\"image\":{\"@id\":\"https:\\\/\\\/voxsahel.com\\\/#\\\/schema\\\/logo\\\/image\\\/\"},\"sameAs\":[\"https:\\\/\\\/www.facebook.com\\\/journal.voxsahel\"]},{\"@type\":\"Person\",\"@id\":\"https:\\\/\\\/voxsahel.com\\\/#\\\/schema\\\/person\\\/b4043608248f8fa227cd760e7ff1e19e\",\"name\":\"Vox Sahel\",\"image\":{\"@type\":\"ImageObject\",\"inLanguage\":\"fr-FR\",\"@id\":\"https:\\\/\\\/secure.gravatar.com\\\/avatar\\\/f70e7fa0cb9b29d4a7c5788d6eb2e9ab4d3135cbae1c9161810fdf77a8964699?s=96&d=mm&r=g\",\"url\":\"https:\\\/\\\/secure.gravatar.com\\\/avatar\\\/f70e7fa0cb9b29d4a7c5788d6eb2e9ab4d3135cbae1c9161810fdf77a8964699?s=96&d=mm&r=g\",\"contentUrl\":\"https:\\\/\\\/secure.gravatar.com\\\/avatar\\\/f70e7fa0cb9b29d4a7c5788d6eb2e9ab4d3135cbae1c9161810fdf77a8964699?s=96&d=mm&r=g\",\"caption\":\"Vox Sahel\"},\"sameAs\":[\"http:\\\/\\\/www.voxsahel.com\"],\"url\":\"https:\\\/\\\/voxsahel.com\\\/?author=2\"}]}<\/script>\n<!-- \/ Yoast SEO plugin. -->","yoast_head_json":{"title":"Protection de l'\u00e9conomie : La douane de Dakola intercepte 23 camions de marchandises ill\u00e9galement export\u00e9es - Vox Sahel","robots":{"index":"index","follow":"follow","max-snippet":"max-snippet:-1","max-image-preview":"max-image-preview:large","max-video-preview":"max-video-preview:-1"},"canonical":"https:\/\/voxsahel.com\/?p=1167","og_locale":"fr_FR","og_type":"article","og_title":"Protection de l'\u00e9conomie : La douane de Dakola intercepte 23 camions de marchandises ill\u00e9galement export\u00e9es - Vox Sahel","og_description":"Dans le cadre des efforts intensifi\u00e9s pour prot\u00e9ger l\u2019\u00e9conomie nationale, la Douane burkinab\u00e8 a intercept\u00e9","og_url":"https:\/\/voxsahel.com\/?p=1167","og_site_name":"Vox Sahel","article_publisher":"https:\/\/www.facebook.com\/journal.voxsahel","article_published_time":"2025-01-03T13:41:29+00:00","og_image":[{"width":936,"height":624,"url":"https:\/\/voxsahel.com\/wp-content\/uploads\/2025\/01\/IMG_8628.jpeg","type":"image\/jpeg"}],"author":"Vox Sahel","twitter_card":"summary_large_image","twitter_misc":{"\u00c9crit par":"Vox Sahel","Dur\u00e9e de lecture estim\u00e9e":"2 minutes"},"schema":{"@context":"https:\/\/schema.org","@graph":[{"@type":"Article","@id":"https:\/\/voxsahel.com\/?p=1167#article","isPartOf":{"@id":"https:\/\/voxsahel.com\/?p=1167"},"author":{"name":"Vox Sahel","@id":"https:\/\/voxsahel.com\/#\/schema\/person\/b4043608248f8fa227cd760e7ff1e19e"},"headline":"Protection de l&rsquo;\u00e9conomie : La douane de Dakola intercepte 23 camions de marchandises ill\u00e9galement export\u00e9es","datePublished":"2025-01-03T13:41:29+00:00","mainEntityOfPage":{"@id":"https:\/\/voxsahel.com\/?p=1167"},"wordCount":379,"commentCount":0,"publisher":{"@id":"https:\/\/voxsahel.com\/#organization"},"image":{"@id":"https:\/\/voxsahel.com\/?p=1167#primaryimage"},"thumbnailUrl":"https:\/\/voxsahel.com\/wp-content\/uploads\/2025\/01\/IMG_8628.jpeg","keywords":["Burkina Faso","Douane","Douanes du Burkina Faso","Observatoire pour la c\u00e9l\u00e9rit\u00e9 des op\u00e9rations douani\u00e8res au Burkina Faso","Organisation mondiale des Douanes"],"articleSection":["DEVELOPPEMENT"],"inLanguage":"fr-FR","potentialAction":[{"@type":"CommentAction","name":"Comment","target":["https:\/\/voxsahel.com\/?p=1167#respond"]}]},{"@type":"WebPage","@id":"https:\/\/voxsahel.com\/?p=1167","url":"https:\/\/voxsahel.com\/?p=1167","name":"Protection de l'\u00e9conomie : La douane de Dakola intercepte 23 camions de marchandises ill\u00e9galement export\u00e9es - Vox Sahel","isPartOf":{"@id":"https:\/\/voxsahel.com\/#website"},"primaryImageOfPage":{"@id":"https:\/\/voxsahel.com\/?p=1167#primaryimage"},"image":{"@id":"https:\/\/voxsahel.com\/?p=1167#primaryimage"},"thumbnailUrl":"https:\/\/voxsahel.com\/wp-content\/uploads\/2025\/01\/IMG_8628.jpeg","datePublished":"2025-01-03T13:41:29+00:00","breadcrumb":{"@id":"https:\/\/voxsahel.com\/?p=1167#breadcrumb"},"inLanguage":"fr-FR","potentialAction":[{"@type":"ReadAction","target":["https:\/\/voxsahel.com\/?p=1167"]}]},{"@type":"ImageObject","inLanguage":"fr-FR","@id":"https:\/\/voxsahel.com\/?p=1167#primaryimage","url":"https:\/\/voxsahel.com\/wp-content\/uploads\/2025\/01\/IMG_8628.jpeg","contentUrl":"https:\/\/voxsahel.com\/wp-content\/uploads\/2025\/01\/IMG_8628.jpeg","width":936,"height":624},{"@type":"BreadcrumbList","@id":"https:\/\/voxsahel.com\/?p=1167#breadcrumb","itemListElement":[{"@type":"ListItem","position":1,"name":"Home","item":"https:\/\/voxsahel.com\/"},{"@type":"ListItem","position":2,"name":"Protection de l&rsquo;\u00e9conomie : La douane de Dakola intercepte 23 camions de marchandises ill\u00e9galement export\u00e9es"}]},{"@type":"WebSite","@id":"https:\/\/voxsahel.com\/#website","url":"https:\/\/voxsahel.com\/","name":"Vox Sahel","description":"Informez-vous sur le Sahel en un clic","publisher":{"@id":"https:\/\/voxsahel.com\/#organization"},"potentialAction":[{"@type":"SearchAction","target":{"@type":"EntryPoint","urlTemplate":"https:\/\/voxsahel.com\/?s={search_term_string}"},"query-input":{"@type":"PropertyValueSpecification","valueRequired":true,"valueName":"search_term_string"}}],"inLanguage":"fr-FR"},{"@type":"Organization","@id":"https:\/\/voxsahel.com\/#organization","name":"Vox Sahel","url":"https:\/\/voxsahel.com\/","logo":{"@type":"ImageObject","inLanguage":"fr-FR","@id":"https:\/\/voxsahel.com\/#\/schema\/logo\/image\/","url":"https:\/\/voxsahel.com\/wp-content\/uploads\/2024\/09\/Logo-Vox-Sahel.jpg","contentUrl":"https:\/\/voxsahel.com\/wp-content\/uploads\/2024\/09\/Logo-Vox-Sahel.jpg","width":1181,"height":848,"caption":"Vox Sahel"},"image":{"@id":"https:\/\/voxsahel.com\/#\/schema\/logo\/image\/"},"sameAs":["https:\/\/www.facebook.com\/journal.voxsahel"]},{"@type":"Person","@id":"https:\/\/voxsahel.com\/#\/schema\/person\/b4043608248f8fa227cd760e7ff1e19e","name":"Vox Sahel","image":{"@type":"ImageObject","inLanguage":"fr-FR","@id":"https:\/\/secure.gravatar.com\/avatar\/f70e7fa0cb9b29d4a7c5788d6eb2e9ab4d3135cbae1c9161810fdf77a8964699?s=96&d=mm&r=g","url":"https:\/\/secure.gravatar.com\/avatar\/f70e7fa0cb9b29d4a7c5788d6eb2e9ab4d3135cbae1c9161810fdf77a8964699?s=96&d=mm&r=g","contentUrl":"https:\/\/secure.gravatar.com\/avatar\/f70e7fa0cb9b29d4a7c5788d6eb2e9ab4d3135cbae1c9161810fdf77a8964699?s=96&d=mm&r=g","caption":"Vox Sahel"},"sameAs":["http:\/\/www.voxsahel.com"],"url":"https:\/\/voxsahel.com\/?author=2"}]}},"_links":{"self":[{"href":"https:\/\/voxsahel.com\/index.php?rest_route=\/wp\/v2\/posts\/1167","targetHints":{"allow":["GET"]}}],"collection":[{"href":"https:\/\/voxsahel.com\/index.php?rest_route=\/wp\/v2\/posts"}],"about":[{"href":"https:\/\/voxsahel.com\/index.php?rest_route=\/wp\/v2\/types\/post"}],"author":[{"embeddable":true,"href":"https:\/\/voxsahel.com\/index.php?rest_route=\/wp\/v2\/users\/2"}],"replies":[{"embeddable":true,"href":"https:\/\/voxsahel.com\/index.php?rest_route=%2Fwp%2Fv2%2Fcomments&post=1167"}],"version-history":[{"count":1,"href":"https:\/\/voxsahel.com\/index.php?rest_route=\/wp\/v2\/posts\/1167\/revisions"}],"predecessor-version":[{"id":1169,"href":"https:\/\/voxsahel.com\/index.php?rest_route=\/wp\/v2\/posts\/1167\/revisions\/1169"}],"wp:featuredmedia":[{"embeddable":true,"href":"https:\/\/voxsahel.com\/index.php?rest_route=\/wp\/v2\/media\/1168"}],"wp:attachment":[{"href":"https:\/\/voxsahel.com\/index.php?rest_route=%2Fwp%2Fv2%2Fmedia&parent=1167"}],"wp:term":[{"taxonomy":"category","embeddable":true,"href":"https:\/\/voxsahel.com\/index.php?rest_route=%2Fwp%2Fv2%2Fcategories&post=1167"},{"taxonomy":"post_tag","embeddable":true,"href":"https:\/\/voxsahel.com\/index.php?rest_route=%2Fwp%2Fv2%2Ftags&post=1167"}],"curies":[{"name":"wp","href":"https:\/\/api.w.org\/{rel}","templated":true}]}}