{"id":1164,"date":"2025-01-03T13:13:55","date_gmt":"2025-01-03T13:13:55","guid":{"rendered":"https:\/\/voxsahel.com\/?p=1164"},"modified":"2025-01-03T13:13:55","modified_gmt":"2025-01-03T13:13:55","slug":"burkina-faso-creation-de-nouveaux-bataillons-dintervention-rapide-pour-renforcer-la-securite-nationale","status":"publish","type":"post","link":"https:\/\/voxsahel.com\/?p=1164","title":{"rendered":"Burkina Faso : Cr\u00e9ation de nouveaux Bataillons d&rsquo;Intervention rapide pour renforcer la s\u00e9curit\u00e9 nationale"},"content":{"rendered":"<p class=\"p1\">Le 2 janvier 2025, dans un d\u00e9cret sign\u00e9 par le Pr\u00e9sident du Faso, le Capitaine Ibrahim Traor\u00e9, le gouvernement a annonc\u00e9 la mise en place de trois nouveaux Bataillons d&rsquo;Intervention Rapide (BIR) dans le cadre du renforcement de la s\u00e9curit\u00e9 et de la stabilit\u00e9 du pays. Cette initiative vise \u00e0 am\u00e9liorer la r\u00e9activit\u00e9 des forces arm\u00e9es face aux menaces internes et externes.<\/p>\n<p class=\"p1\"><span class=\"s2\">Les nouveaux Bataillons d&rsquo;Intervention Rapide sont d\u00e9ploy\u00e9s dans diff\u00e9rentes garnisons \u00e0 travers le pays, avec pour mission de renforcer la mobilit\u00e9 et la capacit\u00e9 de frappe rapide. Ces unit\u00e9s, appel\u00e9es \u00e0 intervenir en premi\u00e8re ligne lors de crises de s\u00e9curit\u00e9, seront stationn\u00e9es \u00e0 Ougarou, Diapaga, et Arbinda, et rattach\u00e9es respectivement aux quatri\u00e8me et troisi\u00e8me Groupements d&rsquo;Intervention Rapide. Les 26\u00e8me, 27\u00e8me et 28\u00e8me Bataillon auront ainsi la responsabilit\u00e9 d&rsquo;assurer la d\u00e9fense du territoire et de r\u00e9pondre aux situations d&rsquo;urgence avec une grande rapidit\u00e9.<\/span><\/p>\n<p class=\"p1\"><span class=\"s2\">Les missions de ces Bataillons d&rsquo;Intervention Rapide comprennent, entre autres, la protection des grands convois logistiques au profit des Forces arm\u00e9es nationales, la lutte contre le grand banditisme aux c\u00f4t\u00e9s des forces de s\u00e9curit\u00e9 int\u00e9rieure, et la pr\u00e9servation des traditions militaires. En outre, la priorit\u00e9 est donn\u00e9e \u00e0 l&rsquo;efficacit\u00e9 op\u00e9rationnelle, notamment par la mobilit\u00e9 et la puissance de feu, en vue de contrer toute menace potentielle.<\/span><\/p>\n<p class=\"p1\"><span class=\"s2\">Ces unit\u00e9s seront command\u00e9es par des officiers de haut rang, nomm\u00e9s par d\u00e9cret pr\u00e9sidentiel, et assist\u00e9s de commandants adjoints. Leur efficacit\u00e9 sera cruciale dans le cadre des efforts visant \u00e0 stabiliser les r\u00e9gions touch\u00e9es par des violences arm\u00e9es et \u00e0 renforcer la pr\u00e9sence de l&rsquo;\u00c9tat dans les zones strat\u00e9giques.<\/span><\/p>\n<p class=\"p1\"><span class=\"s2\">Ce d\u00e9veloppement intervient \u00e0 un moment o\u00f9 le Burkina Faso, confront\u00e9 \u00e0 des d\u00e9fis s\u00e9curitaires importants, cherche \u00e0 optimiser ses moyens de d\u00e9fense et \u00e0 moderniser ses structures militaires. Avec cette nouvelle organisation, le gouvernement du Capitaine Ibrahim Traor\u00e9 esp\u00e8re offrir une r\u00e9ponse rapide et d\u00e9cisive face \u00e0 toute menace contre l&rsquo;int\u00e9grit\u00e9 du territoire national.<br \/>\n<\/span><span style=\"text-align: right;\">L&rsquo;annonce de la cr\u00e9ation de ces Bataillons d&rsquo;Intervention Rapide marque ainsi une \u00e9tape importante dans la reforme des strat\u00e9gies de d\u00e9fense et de s\u00e9curit\u00e9 du pays. Les autorit\u00e9s burkinab\u00e8 ont soulign\u00e9 que ces initiatives sont en phase avec les efforts continus pour renforcer la s\u00e9curit\u00e9 des citoyens et pr\u00e9server la souverainet\u00e9 nationale.<\/span><\/p>\n<p class=\"p1\" style=\"text-align: right;\"><strong><span class=\"s1\">Par Vox Sahel <\/span><\/strong><\/p>\n","protected":false},"excerpt":{"rendered":"<p>Le 2 janvier 2025, dans un d\u00e9cret sign\u00e9 par le Pr\u00e9sident du Faso, le Capitaine<\/p>\n","protected":false},"author":2,"featured_media":1165,"comment_status":"open","ping_status":"open","sticky":false,"template":"","format":"standard","meta":{"_et_pb_use_builder":"","_et_pb_old_content":"","_et_gb_content_width":"","footnotes":""},"categories":[6],"tags":[],"class_list":["post-1164","post","type-post","status-publish","format-standard","has-post-thumbnail","hentry","category-politique"],"yoast_head":"<!-- This site is optimized with the Yoast SEO plugin v27.5 - https:\/\/yoast.com\/product\/yoast-seo-wordpress\/ -->\n<title>Burkina Faso : Cr\u00e9ation de nouveaux Bataillons d&#039;Intervention rapide pour renforcer la s\u00e9curit\u00e9 nationale - Vox Sahel<\/title>\n<meta name=\"robots\" content=\"index, follow, max-snippet:-1, max-image-preview:large, max-video-preview:-1\" \/>\n<link rel=\"canonical\" href=\"https:\/\/voxsahel.com\/?p=1164\" \/>\n<meta property=\"og:locale\" content=\"fr_FR\" \/>\n<meta property=\"og:type\" content=\"article\" \/>\n<meta property=\"og:title\" content=\"Burkina Faso : Cr\u00e9ation de nouveaux Bataillons d&#039;Intervention rapide pour renforcer la s\u00e9curit\u00e9 nationale - Vox Sahel\" \/>\n<meta property=\"og:description\" content=\"Le 2 janvier 2025, dans un d\u00e9cret sign\u00e9 par le Pr\u00e9sident du Faso, le Capitaine\" \/>\n<meta property=\"og:url\" content=\"https:\/\/voxsahel.com\/?p=1164\" \/>\n<meta property=\"og:site_name\" content=\"Vox Sahel\" \/>\n<meta property=\"article:publisher\" content=\"https:\/\/www.facebook.com\/journal.voxsahel\" \/>\n<meta property=\"article:published_time\" content=\"2025-01-03T13:13:55+00:00\" \/>\n<meta property=\"og:image\" content=\"https:\/\/voxsahel.com\/wp-content\/uploads\/2025\/01\/IMG_8615.jpeg\" \/>\n\t<meta property=\"og:image:width\" content=\"720\" \/>\n\t<meta property=\"og:image:height\" content=\"434\" \/>\n\t<meta property=\"og:image:type\" content=\"image\/jpeg\" \/>\n<meta name=\"author\" content=\"Vox Sahel\" \/>\n<meta name=\"twitter:card\" content=\"summary_large_image\" \/>\n<meta name=\"twitter:label1\" content=\"\u00c9crit par\" \/>\n\t<meta name=\"twitter:data1\" content=\"Vox Sahel\" \/>\n\t<meta name=\"twitter:label2\" content=\"Dur\u00e9e de lecture estim\u00e9e\" \/>\n\t<meta name=\"twitter:data2\" content=\"3 minutes\" \/>\n<script type=\"application\/ld+json\" class=\"yoast-schema-graph\">{\"@context\":\"https:\\\/\\\/schema.org\",\"@graph\":[{\"@type\":\"Article\",\"@id\":\"https:\\\/\\\/voxsahel.com\\\/?p=1164#article\",\"isPartOf\":{\"@id\":\"https:\\\/\\\/voxsahel.com\\\/?p=1164\"},\"author\":{\"name\":\"Vox Sahel\",\"@id\":\"https:\\\/\\\/voxsahel.com\\\/#\\\/schema\\\/person\\\/b4043608248f8fa227cd760e7ff1e19e\"},\"headline\":\"Burkina Faso : Cr\u00e9ation de nouveaux Bataillons d&rsquo;Intervention rapide pour renforcer la s\u00e9curit\u00e9 nationale\",\"datePublished\":\"2025-01-03T13:13:55+00:00\",\"mainEntityOfPage\":{\"@id\":\"https:\\\/\\\/voxsahel.com\\\/?p=1164\"},\"wordCount\":435,\"commentCount\":0,\"publisher\":{\"@id\":\"https:\\\/\\\/voxsahel.com\\\/#organization\"},\"image\":{\"@id\":\"https:\\\/\\\/voxsahel.com\\\/?p=1164#primaryimage\"},\"thumbnailUrl\":\"https:\\\/\\\/voxsahel.com\\\/wp-content\\\/uploads\\\/2025\\\/01\\\/IMG_8615.jpeg\",\"articleSection\":[\"POLITIQUE\"],\"inLanguage\":\"fr-FR\",\"potentialAction\":[{\"@type\":\"CommentAction\",\"name\":\"Comment\",\"target\":[\"https:\\\/\\\/voxsahel.com\\\/?p=1164#respond\"]}]},{\"@type\":\"WebPage\",\"@id\":\"https:\\\/\\\/voxsahel.com\\\/?p=1164\",\"url\":\"https:\\\/\\\/voxsahel.com\\\/?p=1164\",\"name\":\"Burkina Faso : Cr\u00e9ation de nouveaux Bataillons d'Intervention rapide pour renforcer la s\u00e9curit\u00e9 nationale - Vox Sahel\",\"isPartOf\":{\"@id\":\"https:\\\/\\\/voxsahel.com\\\/#website\"},\"primaryImageOfPage\":{\"@id\":\"https:\\\/\\\/voxsahel.com\\\/?p=1164#primaryimage\"},\"image\":{\"@id\":\"https:\\\/\\\/voxsahel.com\\\/?p=1164#primaryimage\"},\"thumbnailUrl\":\"https:\\\/\\\/voxsahel.com\\\/wp-content\\\/uploads\\\/2025\\\/01\\\/IMG_8615.jpeg\",\"datePublished\":\"2025-01-03T13:13:55+00:00\",\"breadcrumb\":{\"@id\":\"https:\\\/\\\/voxsahel.com\\\/?p=1164#breadcrumb\"},\"inLanguage\":\"fr-FR\",\"potentialAction\":[{\"@type\":\"ReadAction\",\"target\":[\"https:\\\/\\\/voxsahel.com\\\/?p=1164\"]}]},{\"@type\":\"ImageObject\",\"inLanguage\":\"fr-FR\",\"@id\":\"https:\\\/\\\/voxsahel.com\\\/?p=1164#primaryimage\",\"url\":\"https:\\\/\\\/voxsahel.com\\\/wp-content\\\/uploads\\\/2025\\\/01\\\/IMG_8615.jpeg\",\"contentUrl\":\"https:\\\/\\\/voxsahel.com\\\/wp-content\\\/uploads\\\/2025\\\/01\\\/IMG_8615.jpeg\",\"width\":720,\"height\":434},{\"@type\":\"BreadcrumbList\",\"@id\":\"https:\\\/\\\/voxsahel.com\\\/?p=1164#breadcrumb\",\"itemListElement\":[{\"@type\":\"ListItem\",\"position\":1,\"name\":\"Home\",\"item\":\"https:\\\/\\\/voxsahel.com\\\/\"},{\"@type\":\"ListItem\",\"position\":2,\"name\":\"Burkina Faso : Cr\u00e9ation de nouveaux Bataillons d&rsquo;Intervention rapide pour renforcer la s\u00e9curit\u00e9 nationale\"}]},{\"@type\":\"WebSite\",\"@id\":\"https:\\\/\\\/voxsahel.com\\\/#website\",\"url\":\"https:\\\/\\\/voxsahel.com\\\/\",\"name\":\"Vox Sahel\",\"description\":\"Informez-vous sur le Sahel en un clic\",\"publisher\":{\"@id\":\"https:\\\/\\\/voxsahel.com\\\/#organization\"},\"potentialAction\":[{\"@type\":\"SearchAction\",\"target\":{\"@type\":\"EntryPoint\",\"urlTemplate\":\"https:\\\/\\\/voxsahel.com\\\/?s={search_term_string}\"},\"query-input\":{\"@type\":\"PropertyValueSpecification\",\"valueRequired\":true,\"valueName\":\"search_term_string\"}}],\"inLanguage\":\"fr-FR\"},{\"@type\":\"Organization\",\"@id\":\"https:\\\/\\\/voxsahel.com\\\/#organization\",\"name\":\"Vox Sahel\",\"url\":\"https:\\\/\\\/voxsahel.com\\\/\",\"logo\":{\"@type\":\"ImageObject\",\"inLanguage\":\"fr-FR\",\"@id\":\"https:\\\/\\\/voxsahel.com\\\/#\\\/schema\\\/logo\\\/image\\\/\",\"url\":\"https:\\\/\\\/voxsahel.com\\\/wp-content\\\/uploads\\\/2024\\\/09\\\/Logo-Vox-Sahel.jpg\",\"contentUrl\":\"https:\\\/\\\/voxsahel.com\\\/wp-content\\\/uploads\\\/2024\\\/09\\\/Logo-Vox-Sahel.jpg\",\"width\":1181,\"height\":848,\"caption\":\"Vox Sahel\"},\"image\":{\"@id\":\"https:\\\/\\\/voxsahel.com\\\/#\\\/schema\\\/logo\\\/image\\\/\"},\"sameAs\":[\"https:\\\/\\\/www.facebook.com\\\/journal.voxsahel\"]},{\"@type\":\"Person\",\"@id\":\"https:\\\/\\\/voxsahel.com\\\/#\\\/schema\\\/person\\\/b4043608248f8fa227cd760e7ff1e19e\",\"name\":\"Vox Sahel\",\"image\":{\"@type\":\"ImageObject\",\"inLanguage\":\"fr-FR\",\"@id\":\"https:\\\/\\\/secure.gravatar.com\\\/avatar\\\/f70e7fa0cb9b29d4a7c5788d6eb2e9ab4d3135cbae1c9161810fdf77a8964699?s=96&d=mm&r=g\",\"url\":\"https:\\\/\\\/secure.gravatar.com\\\/avatar\\\/f70e7fa0cb9b29d4a7c5788d6eb2e9ab4d3135cbae1c9161810fdf77a8964699?s=96&d=mm&r=g\",\"contentUrl\":\"https:\\\/\\\/secure.gravatar.com\\\/avatar\\\/f70e7fa0cb9b29d4a7c5788d6eb2e9ab4d3135cbae1c9161810fdf77a8964699?s=96&d=mm&r=g\",\"caption\":\"Vox Sahel\"},\"sameAs\":[\"http:\\\/\\\/www.voxsahel.com\"],\"url\":\"https:\\\/\\\/voxsahel.com\\\/?author=2\"}]}<\/script>\n<!-- \/ Yoast SEO plugin. -->","yoast_head_json":{"title":"Burkina Faso : Cr\u00e9ation de nouveaux Bataillons d'Intervention rapide pour renforcer la s\u00e9curit\u00e9 nationale - Vox Sahel","robots":{"index":"index","follow":"follow","max-snippet":"max-snippet:-1","max-image-preview":"max-image-preview:large","max-video-preview":"max-video-preview:-1"},"canonical":"https:\/\/voxsahel.com\/?p=1164","og_locale":"fr_FR","og_type":"article","og_title":"Burkina Faso : Cr\u00e9ation de nouveaux Bataillons d'Intervention rapide pour renforcer la s\u00e9curit\u00e9 nationale - Vox Sahel","og_description":"Le 2 janvier 2025, dans un d\u00e9cret sign\u00e9 par le Pr\u00e9sident du Faso, le Capitaine","og_url":"https:\/\/voxsahel.com\/?p=1164","og_site_name":"Vox Sahel","article_publisher":"https:\/\/www.facebook.com\/journal.voxsahel","article_published_time":"2025-01-03T13:13:55+00:00","og_image":[{"width":720,"height":434,"url":"https:\/\/voxsahel.com\/wp-content\/uploads\/2025\/01\/IMG_8615.jpeg","type":"image\/jpeg"}],"author":"Vox Sahel","twitter_card":"summary_large_image","twitter_misc":{"\u00c9crit par":"Vox Sahel","Dur\u00e9e de lecture estim\u00e9e":"3 minutes"},"schema":{"@context":"https:\/\/schema.org","@graph":[{"@type":"Article","@id":"https:\/\/voxsahel.com\/?p=1164#article","isPartOf":{"@id":"https:\/\/voxsahel.com\/?p=1164"},"author":{"name":"Vox Sahel","@id":"https:\/\/voxsahel.com\/#\/schema\/person\/b4043608248f8fa227cd760e7ff1e19e"},"headline":"Burkina Faso : Cr\u00e9ation de nouveaux Bataillons d&rsquo;Intervention rapide pour renforcer la s\u00e9curit\u00e9 nationale","datePublished":"2025-01-03T13:13:55+00:00","mainEntityOfPage":{"@id":"https:\/\/voxsahel.com\/?p=1164"},"wordCount":435,"commentCount":0,"publisher":{"@id":"https:\/\/voxsahel.com\/#organization"},"image":{"@id":"https:\/\/voxsahel.com\/?p=1164#primaryimage"},"thumbnailUrl":"https:\/\/voxsahel.com\/wp-content\/uploads\/2025\/01\/IMG_8615.jpeg","articleSection":["POLITIQUE"],"inLanguage":"fr-FR","potentialAction":[{"@type":"CommentAction","name":"Comment","target":["https:\/\/voxsahel.com\/?p=1164#respond"]}]},{"@type":"WebPage","@id":"https:\/\/voxsahel.com\/?p=1164","url":"https:\/\/voxsahel.com\/?p=1164","name":"Burkina Faso : Cr\u00e9ation de nouveaux Bataillons d'Intervention rapide pour renforcer la s\u00e9curit\u00e9 nationale - Vox Sahel","isPartOf":{"@id":"https:\/\/voxsahel.com\/#website"},"primaryImageOfPage":{"@id":"https:\/\/voxsahel.com\/?p=1164#primaryimage"},"image":{"@id":"https:\/\/voxsahel.com\/?p=1164#primaryimage"},"thumbnailUrl":"https:\/\/voxsahel.com\/wp-content\/uploads\/2025\/01\/IMG_8615.jpeg","datePublished":"2025-01-03T13:13:55+00:00","breadcrumb":{"@id":"https:\/\/voxsahel.com\/?p=1164#breadcrumb"},"inLanguage":"fr-FR","potentialAction":[{"@type":"ReadAction","target":["https:\/\/voxsahel.com\/?p=1164"]}]},{"@type":"ImageObject","inLanguage":"fr-FR","@id":"https:\/\/voxsahel.com\/?p=1164#primaryimage","url":"https:\/\/voxsahel.com\/wp-content\/uploads\/2025\/01\/IMG_8615.jpeg","contentUrl":"https:\/\/voxsahel.com\/wp-content\/uploads\/2025\/01\/IMG_8615.jpeg","width":720,"height":434},{"@type":"BreadcrumbList","@id":"https:\/\/voxsahel.com\/?p=1164#breadcrumb","itemListElement":[{"@type":"ListItem","position":1,"name":"Home","item":"https:\/\/voxsahel.com\/"},{"@type":"ListItem","position":2,"name":"Burkina Faso : Cr\u00e9ation de nouveaux Bataillons d&rsquo;Intervention rapide pour renforcer la s\u00e9curit\u00e9 nationale"}]},{"@type":"WebSite","@id":"https:\/\/voxsahel.com\/#website","url":"https:\/\/voxsahel.com\/","name":"Vox Sahel","description":"Informez-vous sur le Sahel en un clic","publisher":{"@id":"https:\/\/voxsahel.com\/#organization"},"potentialAction":[{"@type":"SearchAction","target":{"@type":"EntryPoint","urlTemplate":"https:\/\/voxsahel.com\/?s={search_term_string}"},"query-input":{"@type":"PropertyValueSpecification","valueRequired":true,"valueName":"search_term_string"}}],"inLanguage":"fr-FR"},{"@type":"Organization","@id":"https:\/\/voxsahel.com\/#organization","name":"Vox Sahel","url":"https:\/\/voxsahel.com\/","logo":{"@type":"ImageObject","inLanguage":"fr-FR","@id":"https:\/\/voxsahel.com\/#\/schema\/logo\/image\/","url":"https:\/\/voxsahel.com\/wp-content\/uploads\/2024\/09\/Logo-Vox-Sahel.jpg","contentUrl":"https:\/\/voxsahel.com\/wp-content\/uploads\/2024\/09\/Logo-Vox-Sahel.jpg","width":1181,"height":848,"caption":"Vox Sahel"},"image":{"@id":"https:\/\/voxsahel.com\/#\/schema\/logo\/image\/"},"sameAs":["https:\/\/www.facebook.com\/journal.voxsahel"]},{"@type":"Person","@id":"https:\/\/voxsahel.com\/#\/schema\/person\/b4043608248f8fa227cd760e7ff1e19e","name":"Vox Sahel","image":{"@type":"ImageObject","inLanguage":"fr-FR","@id":"https:\/\/secure.gravatar.com\/avatar\/f70e7fa0cb9b29d4a7c5788d6eb2e9ab4d3135cbae1c9161810fdf77a8964699?s=96&d=mm&r=g","url":"https:\/\/secure.gravatar.com\/avatar\/f70e7fa0cb9b29d4a7c5788d6eb2e9ab4d3135cbae1c9161810fdf77a8964699?s=96&d=mm&r=g","contentUrl":"https:\/\/secure.gravatar.com\/avatar\/f70e7fa0cb9b29d4a7c5788d6eb2e9ab4d3135cbae1c9161810fdf77a8964699?s=96&d=mm&r=g","caption":"Vox Sahel"},"sameAs":["http:\/\/www.voxsahel.com"],"url":"https:\/\/voxsahel.com\/?author=2"}]}},"_links":{"self":[{"href":"https:\/\/voxsahel.com\/index.php?rest_route=\/wp\/v2\/posts\/1164","targetHints":{"allow":["GET"]}}],"collection":[{"href":"https:\/\/voxsahel.com\/index.php?rest_route=\/wp\/v2\/posts"}],"about":[{"href":"https:\/\/voxsahel.com\/index.php?rest_route=\/wp\/v2\/types\/post"}],"author":[{"embeddable":true,"href":"https:\/\/voxsahel.com\/index.php?rest_route=\/wp\/v2\/users\/2"}],"replies":[{"embeddable":true,"href":"https:\/\/voxsahel.com\/index.php?rest_route=%2Fwp%2Fv2%2Fcomments&post=1164"}],"version-history":[{"count":1,"href":"https:\/\/voxsahel.com\/index.php?rest_route=\/wp\/v2\/posts\/1164\/revisions"}],"predecessor-version":[{"id":1166,"href":"https:\/\/voxsahel.com\/index.php?rest_route=\/wp\/v2\/posts\/1164\/revisions\/1166"}],"wp:featuredmedia":[{"embeddable":true,"href":"https:\/\/voxsahel.com\/index.php?rest_route=\/wp\/v2\/media\/1165"}],"wp:attachment":[{"href":"https:\/\/voxsahel.com\/index.php?rest_route=%2Fwp%2Fv2%2Fmedia&parent=1164"}],"wp:term":[{"taxonomy":"category","embeddable":true,"href":"https:\/\/voxsahel.com\/index.php?rest_route=%2Fwp%2Fv2%2Fcategories&post=1164"},{"taxonomy":"post_tag","embeddable":true,"href":"https:\/\/voxsahel.com\/index.php?rest_route=%2Fwp%2Fv2%2Ftags&post=1164"}],"curies":[{"name":"wp","href":"https:\/\/api.w.org\/{rel}","templated":true}]}}