{"id":1156,"date":"2025-01-02T15:08:41","date_gmt":"2025-01-02T15:08:41","guid":{"rendered":"https:\/\/voxsahel.com\/?p=1156"},"modified":"2025-01-02T15:08:41","modified_gmt":"2025-01-02T15:08:41","slug":"tensions-entre-le-mali-et-lalgeriele-gouvernement-malien-reagit-a-une-ingerence-dalger-dans-des-affaires","status":"publish","type":"post","link":"https:\/\/voxsahel.com\/?p=1156","title":{"rendered":"Tensions entre le Mali et l&rsquo;Alg\u00e9rie:Le gouvernement malien r\u00e9agit \u00e0 une ing\u00e9rence  d&rsquo;Alger dans des affaires"},"content":{"rendered":"<p class=\"p1\"><span class=\"s1\">\u00a0<\/span>Le gouvernement malien a exprim\u00e9, dans un communiqu\u00e9 publi\u00e9 le 1er janvier 2025, sa vive inqui\u00e9tude face \u00e0 ce qu\u2019il consid\u00e8re comme une ing\u00e9rence continue de certains responsables alg\u00e9riens dans les affaires internes du Mali. Le minist\u00e8re des Affaires \u00e9trang\u00e8res du Mali a d\u00e9nonc\u00e9 \u00ab l\u2019attitude persistante de certaines autorit\u00e9s alg\u00e9riennes \u00bb, lesquelles, selon lui, interviennent de mani\u00e8re condescendante et paternaliste, affichant un m\u00e9pris flagrant pour la souverainet\u00e9 malienne.<\/p>\n<p class=\"p1\"><span class=\"s1\">\u00a0<\/span>Cette r\u00e9action malienne fait suite aux r\u00e9centes d\u00e9clarations du ministre alg\u00e9rien des Affaires \u00e9trang\u00e8res, qui a critiqu\u00e9 la strat\u00e9gie du Mali en mati\u00e8re de lutte contre le terrorisme. Le communiqu\u00e9 malien d\u00e9nonce ces propos, affirmant que l\u2019Alg\u00e9rie soutiendrait des groupes terroristes op\u00e9rant au Mali, et qu\u2019elle serait impliqu\u00e9e dans des actes criminels \u00e0 l\u2019encontre des populations civiles de la r\u00e9gion.<\/p>\n<p class=\"p1\"><span class=\"s1\">Le minist\u00e8re malien met en avant les succ\u00e8s des forces arm\u00e9es maliennes et la pression exerc\u00e9e sur les groupes terroristes, souvent soutenus par l\u2019Alg\u00e9rie. Cette situation aurait apparemment d\u00e9rang\u00e9 certains responsables alg\u00e9riens, qui, selon le Mali, seraient nostalgiques d\u2019une \u00e9poque r\u00e9volue.<\/span><\/p>\n<p class=\"p1\"><span class=\"s1\">En r\u00e9ponse, le Mali a soulign\u00e9 qu&rsquo;il n\u2019a ni demand\u00e9 ni accept\u00e9 de le\u00e7ons de la part de l\u2019Alg\u00e9rie, insistant sur le fait que la lutte contre le terrorisme rel\u00e8ve enti\u00e8rement de sa souverainet\u00e9 et des orientations d\u00e9finies par la Conf\u00e9d\u00e9ration des \u00c9tats du Sahel (CES). Le gouvernement malien a \u00e9galement exhort\u00e9 l\u2019Alg\u00e9rie \u00e0 se concentrer sur ses propres d\u00e9fis internes, notamment la question kabyle, et \u00e0 cesser de chercher \u00e0 affirmer son influence \u00e0 travers le Mali.<\/span><\/p>\n<p class=\"p1\"><span class=\"s1\">Le Mali a r\u00e9affirm\u00e9 son rejet de toute forme d\u2019interf\u00e9rence alg\u00e9rienne dans ses affaires internes, r\u00e9affirmant sa d\u00e9termination \u00e0 \u00e9radiquer le terrorisme avec l\u2019aide de ses partenaires r\u00e9gionaux, tels que le Burkina Faso et le Niger, au sein de l\u2019AES (Alliance des \u00c9tats du Sahel).<\/span><\/p>\n<p class=\"p1\" style=\"text-align: right;\"><span class=\"s1\"><b>Par Amir BAKO <\/b><\/span><\/p>\n","protected":false},"excerpt":{"rendered":"<p>\u00a0Le gouvernement malien a exprim\u00e9, dans un communiqu\u00e9 publi\u00e9 le 1er janvier 2025, sa vive<\/p>\n","protected":false},"author":2,"featured_media":1157,"comment_status":"open","ping_status":"open","sticky":false,"template":"","format":"standard","meta":{"_et_pb_use_builder":"","_et_pb_old_content":"","_et_gb_content_width":"","footnotes":""},"categories":[15],"tags":[535,534,533,87,49,31,75,172,20],"class_list":["post-1156","post","type-post","status-publish","format-standard","has-post-thumbnail","hentry","category-international","tag-alger","tag-algerie","tag-bamako","tag-diplomatie","tag-geopolitique","tag-mali","tag-politique","tag-sahel","tag-terrorisme"],"yoast_head":"<!-- This site is optimized with the Yoast SEO plugin v27.5 - https:\/\/yoast.com\/product\/yoast-seo-wordpress\/ -->\n<title>Tensions entre le Mali et l&#039;Alg\u00e9rie:Le gouvernement malien r\u00e9agit \u00e0 une ing\u00e9rence d&#039;Alger dans des affaires - Vox Sahel<\/title>\n<meta name=\"robots\" content=\"index, follow, max-snippet:-1, max-image-preview:large, max-video-preview:-1\" \/>\n<link rel=\"canonical\" href=\"https:\/\/voxsahel.com\/?p=1156\" \/>\n<meta property=\"og:locale\" content=\"fr_FR\" \/>\n<meta property=\"og:type\" content=\"article\" \/>\n<meta property=\"og:title\" content=\"Tensions entre le Mali et l&#039;Alg\u00e9rie:Le gouvernement malien r\u00e9agit \u00e0 une ing\u00e9rence d&#039;Alger dans des affaires - Vox Sahel\" \/>\n<meta property=\"og:description\" content=\"\u00a0Le gouvernement malien a exprim\u00e9, dans un communiqu\u00e9 publi\u00e9 le 1er janvier 2025, sa vive\" \/>\n<meta property=\"og:url\" content=\"https:\/\/voxsahel.com\/?p=1156\" \/>\n<meta property=\"og:site_name\" content=\"Vox Sahel\" \/>\n<meta property=\"article:publisher\" content=\"https:\/\/www.facebook.com\/journal.voxsahel\" \/>\n<meta property=\"article:published_time\" content=\"2025-01-02T15:08:41+00:00\" \/>\n<meta property=\"og:image\" content=\"https:\/\/voxsahel.com\/wp-content\/uploads\/2025\/01\/IMG_8156.jpeg\" \/>\n\t<meta property=\"og:image:width\" content=\"1179\" \/>\n\t<meta property=\"og:image:height\" content=\"746\" \/>\n\t<meta property=\"og:image:type\" content=\"image\/jpeg\" \/>\n<meta name=\"author\" content=\"Vox Sahel\" \/>\n<meta name=\"twitter:card\" content=\"summary_large_image\" \/>\n<meta name=\"twitter:label1\" content=\"\u00c9crit par\" \/>\n\t<meta name=\"twitter:data1\" content=\"Vox Sahel\" \/>\n\t<meta name=\"twitter:label2\" content=\"Dur\u00e9e de lecture estim\u00e9e\" \/>\n\t<meta name=\"twitter:data2\" content=\"2 minutes\" \/>\n<script type=\"application\/ld+json\" class=\"yoast-schema-graph\">{\"@context\":\"https:\\\/\\\/schema.org\",\"@graph\":[{\"@type\":\"Article\",\"@id\":\"https:\\\/\\\/voxsahel.com\\\/?p=1156#article\",\"isPartOf\":{\"@id\":\"https:\\\/\\\/voxsahel.com\\\/?p=1156\"},\"author\":{\"name\":\"Vox Sahel\",\"@id\":\"https:\\\/\\\/voxsahel.com\\\/#\\\/schema\\\/person\\\/b4043608248f8fa227cd760e7ff1e19e\"},\"headline\":\"Tensions entre le Mali et l&rsquo;Alg\u00e9rie:Le gouvernement malien r\u00e9agit \u00e0 une ing\u00e9rence d&rsquo;Alger dans des affaires\",\"datePublished\":\"2025-01-02T15:08:41+00:00\",\"mainEntityOfPage\":{\"@id\":\"https:\\\/\\\/voxsahel.com\\\/?p=1156\"},\"wordCount\":368,\"commentCount\":0,\"publisher\":{\"@id\":\"https:\\\/\\\/voxsahel.com\\\/#organization\"},\"image\":{\"@id\":\"https:\\\/\\\/voxsahel.com\\\/?p=1156#primaryimage\"},\"thumbnailUrl\":\"https:\\\/\\\/voxsahel.com\\\/wp-content\\\/uploads\\\/2025\\\/01\\\/IMG_8156.jpeg\",\"keywords\":[\"Alger\",\"Alg\u00e9rie\",\"Bamako\",\"Diplomatie\",\"G\u00e9opolitique\",\"Mali\",\"Politique\",\"Sahel\",\"Terrorisme\"],\"articleSection\":[\"INTERNATIONAL\"],\"inLanguage\":\"fr-FR\",\"potentialAction\":[{\"@type\":\"CommentAction\",\"name\":\"Comment\",\"target\":[\"https:\\\/\\\/voxsahel.com\\\/?p=1156#respond\"]}]},{\"@type\":\"WebPage\",\"@id\":\"https:\\\/\\\/voxsahel.com\\\/?p=1156\",\"url\":\"https:\\\/\\\/voxsahel.com\\\/?p=1156\",\"name\":\"Tensions entre le Mali et l'Alg\u00e9rie:Le gouvernement malien r\u00e9agit \u00e0 une ing\u00e9rence d'Alger dans des affaires - Vox Sahel\",\"isPartOf\":{\"@id\":\"https:\\\/\\\/voxsahel.com\\\/#website\"},\"primaryImageOfPage\":{\"@id\":\"https:\\\/\\\/voxsahel.com\\\/?p=1156#primaryimage\"},\"image\":{\"@id\":\"https:\\\/\\\/voxsahel.com\\\/?p=1156#primaryimage\"},\"thumbnailUrl\":\"https:\\\/\\\/voxsahel.com\\\/wp-content\\\/uploads\\\/2025\\\/01\\\/IMG_8156.jpeg\",\"datePublished\":\"2025-01-02T15:08:41+00:00\",\"breadcrumb\":{\"@id\":\"https:\\\/\\\/voxsahel.com\\\/?p=1156#breadcrumb\"},\"inLanguage\":\"fr-FR\",\"potentialAction\":[{\"@type\":\"ReadAction\",\"target\":[\"https:\\\/\\\/voxsahel.com\\\/?p=1156\"]}]},{\"@type\":\"ImageObject\",\"inLanguage\":\"fr-FR\",\"@id\":\"https:\\\/\\\/voxsahel.com\\\/?p=1156#primaryimage\",\"url\":\"https:\\\/\\\/voxsahel.com\\\/wp-content\\\/uploads\\\/2025\\\/01\\\/IMG_8156.jpeg\",\"contentUrl\":\"https:\\\/\\\/voxsahel.com\\\/wp-content\\\/uploads\\\/2025\\\/01\\\/IMG_8156.jpeg\",\"width\":1179,\"height\":746},{\"@type\":\"BreadcrumbList\",\"@id\":\"https:\\\/\\\/voxsahel.com\\\/?p=1156#breadcrumb\",\"itemListElement\":[{\"@type\":\"ListItem\",\"position\":1,\"name\":\"Home\",\"item\":\"https:\\\/\\\/voxsahel.com\\\/\"},{\"@type\":\"ListItem\",\"position\":2,\"name\":\"Tensions entre le Mali et l&rsquo;Alg\u00e9rie:Le gouvernement malien r\u00e9agit \u00e0 une ing\u00e9rence d&rsquo;Alger dans des affaires\"}]},{\"@type\":\"WebSite\",\"@id\":\"https:\\\/\\\/voxsahel.com\\\/#website\",\"url\":\"https:\\\/\\\/voxsahel.com\\\/\",\"name\":\"Vox Sahel\",\"description\":\"Informez-vous sur le Sahel en un clic\",\"publisher\":{\"@id\":\"https:\\\/\\\/voxsahel.com\\\/#organization\"},\"potentialAction\":[{\"@type\":\"SearchAction\",\"target\":{\"@type\":\"EntryPoint\",\"urlTemplate\":\"https:\\\/\\\/voxsahel.com\\\/?s={search_term_string}\"},\"query-input\":{\"@type\":\"PropertyValueSpecification\",\"valueRequired\":true,\"valueName\":\"search_term_string\"}}],\"inLanguage\":\"fr-FR\"},{\"@type\":\"Organization\",\"@id\":\"https:\\\/\\\/voxsahel.com\\\/#organization\",\"name\":\"Vox Sahel\",\"url\":\"https:\\\/\\\/voxsahel.com\\\/\",\"logo\":{\"@type\":\"ImageObject\",\"inLanguage\":\"fr-FR\",\"@id\":\"https:\\\/\\\/voxsahel.com\\\/#\\\/schema\\\/logo\\\/image\\\/\",\"url\":\"https:\\\/\\\/voxsahel.com\\\/wp-content\\\/uploads\\\/2024\\\/09\\\/Logo-Vox-Sahel.jpg\",\"contentUrl\":\"https:\\\/\\\/voxsahel.com\\\/wp-content\\\/uploads\\\/2024\\\/09\\\/Logo-Vox-Sahel.jpg\",\"width\":1181,\"height\":848,\"caption\":\"Vox Sahel\"},\"image\":{\"@id\":\"https:\\\/\\\/voxsahel.com\\\/#\\\/schema\\\/logo\\\/image\\\/\"},\"sameAs\":[\"https:\\\/\\\/www.facebook.com\\\/journal.voxsahel\"]},{\"@type\":\"Person\",\"@id\":\"https:\\\/\\\/voxsahel.com\\\/#\\\/schema\\\/person\\\/b4043608248f8fa227cd760e7ff1e19e\",\"name\":\"Vox Sahel\",\"image\":{\"@type\":\"ImageObject\",\"inLanguage\":\"fr-FR\",\"@id\":\"https:\\\/\\\/secure.gravatar.com\\\/avatar\\\/f70e7fa0cb9b29d4a7c5788d6eb2e9ab4d3135cbae1c9161810fdf77a8964699?s=96&d=mm&r=g\",\"url\":\"https:\\\/\\\/secure.gravatar.com\\\/avatar\\\/f70e7fa0cb9b29d4a7c5788d6eb2e9ab4d3135cbae1c9161810fdf77a8964699?s=96&d=mm&r=g\",\"contentUrl\":\"https:\\\/\\\/secure.gravatar.com\\\/avatar\\\/f70e7fa0cb9b29d4a7c5788d6eb2e9ab4d3135cbae1c9161810fdf77a8964699?s=96&d=mm&r=g\",\"caption\":\"Vox Sahel\"},\"sameAs\":[\"http:\\\/\\\/www.voxsahel.com\"],\"url\":\"https:\\\/\\\/voxsahel.com\\\/?author=2\"}]}<\/script>\n<!-- \/ Yoast SEO plugin. -->","yoast_head_json":{"title":"Tensions entre le Mali et l'Alg\u00e9rie:Le gouvernement malien r\u00e9agit \u00e0 une ing\u00e9rence d'Alger dans des affaires - Vox Sahel","robots":{"index":"index","follow":"follow","max-snippet":"max-snippet:-1","max-image-preview":"max-image-preview:large","max-video-preview":"max-video-preview:-1"},"canonical":"https:\/\/voxsahel.com\/?p=1156","og_locale":"fr_FR","og_type":"article","og_title":"Tensions entre le Mali et l'Alg\u00e9rie:Le gouvernement malien r\u00e9agit \u00e0 une ing\u00e9rence d'Alger dans des affaires - Vox Sahel","og_description":"\u00a0Le gouvernement malien a exprim\u00e9, dans un communiqu\u00e9 publi\u00e9 le 1er janvier 2025, sa vive","og_url":"https:\/\/voxsahel.com\/?p=1156","og_site_name":"Vox Sahel","article_publisher":"https:\/\/www.facebook.com\/journal.voxsahel","article_published_time":"2025-01-02T15:08:41+00:00","og_image":[{"width":1179,"height":746,"url":"https:\/\/voxsahel.com\/wp-content\/uploads\/2025\/01\/IMG_8156.jpeg","type":"image\/jpeg"}],"author":"Vox Sahel","twitter_card":"summary_large_image","twitter_misc":{"\u00c9crit par":"Vox Sahel","Dur\u00e9e de lecture estim\u00e9e":"2 minutes"},"schema":{"@context":"https:\/\/schema.org","@graph":[{"@type":"Article","@id":"https:\/\/voxsahel.com\/?p=1156#article","isPartOf":{"@id":"https:\/\/voxsahel.com\/?p=1156"},"author":{"name":"Vox Sahel","@id":"https:\/\/voxsahel.com\/#\/schema\/person\/b4043608248f8fa227cd760e7ff1e19e"},"headline":"Tensions entre le Mali et l&rsquo;Alg\u00e9rie:Le gouvernement malien r\u00e9agit \u00e0 une ing\u00e9rence d&rsquo;Alger dans des affaires","datePublished":"2025-01-02T15:08:41+00:00","mainEntityOfPage":{"@id":"https:\/\/voxsahel.com\/?p=1156"},"wordCount":368,"commentCount":0,"publisher":{"@id":"https:\/\/voxsahel.com\/#organization"},"image":{"@id":"https:\/\/voxsahel.com\/?p=1156#primaryimage"},"thumbnailUrl":"https:\/\/voxsahel.com\/wp-content\/uploads\/2025\/01\/IMG_8156.jpeg","keywords":["Alger","Alg\u00e9rie","Bamako","Diplomatie","G\u00e9opolitique","Mali","Politique","Sahel","Terrorisme"],"articleSection":["INTERNATIONAL"],"inLanguage":"fr-FR","potentialAction":[{"@type":"CommentAction","name":"Comment","target":["https:\/\/voxsahel.com\/?p=1156#respond"]}]},{"@type":"WebPage","@id":"https:\/\/voxsahel.com\/?p=1156","url":"https:\/\/voxsahel.com\/?p=1156","name":"Tensions entre le Mali et l'Alg\u00e9rie:Le gouvernement malien r\u00e9agit \u00e0 une ing\u00e9rence d'Alger dans des affaires - Vox Sahel","isPartOf":{"@id":"https:\/\/voxsahel.com\/#website"},"primaryImageOfPage":{"@id":"https:\/\/voxsahel.com\/?p=1156#primaryimage"},"image":{"@id":"https:\/\/voxsahel.com\/?p=1156#primaryimage"},"thumbnailUrl":"https:\/\/voxsahel.com\/wp-content\/uploads\/2025\/01\/IMG_8156.jpeg","datePublished":"2025-01-02T15:08:41+00:00","breadcrumb":{"@id":"https:\/\/voxsahel.com\/?p=1156#breadcrumb"},"inLanguage":"fr-FR","potentialAction":[{"@type":"ReadAction","target":["https:\/\/voxsahel.com\/?p=1156"]}]},{"@type":"ImageObject","inLanguage":"fr-FR","@id":"https:\/\/voxsahel.com\/?p=1156#primaryimage","url":"https:\/\/voxsahel.com\/wp-content\/uploads\/2025\/01\/IMG_8156.jpeg","contentUrl":"https:\/\/voxsahel.com\/wp-content\/uploads\/2025\/01\/IMG_8156.jpeg","width":1179,"height":746},{"@type":"BreadcrumbList","@id":"https:\/\/voxsahel.com\/?p=1156#breadcrumb","itemListElement":[{"@type":"ListItem","position":1,"name":"Home","item":"https:\/\/voxsahel.com\/"},{"@type":"ListItem","position":2,"name":"Tensions entre le Mali et l&rsquo;Alg\u00e9rie:Le gouvernement malien r\u00e9agit \u00e0 une ing\u00e9rence d&rsquo;Alger dans des affaires"}]},{"@type":"WebSite","@id":"https:\/\/voxsahel.com\/#website","url":"https:\/\/voxsahel.com\/","name":"Vox Sahel","description":"Informez-vous sur le Sahel en un clic","publisher":{"@id":"https:\/\/voxsahel.com\/#organization"},"potentialAction":[{"@type":"SearchAction","target":{"@type":"EntryPoint","urlTemplate":"https:\/\/voxsahel.com\/?s={search_term_string}"},"query-input":{"@type":"PropertyValueSpecification","valueRequired":true,"valueName":"search_term_string"}}],"inLanguage":"fr-FR"},{"@type":"Organization","@id":"https:\/\/voxsahel.com\/#organization","name":"Vox Sahel","url":"https:\/\/voxsahel.com\/","logo":{"@type":"ImageObject","inLanguage":"fr-FR","@id":"https:\/\/voxsahel.com\/#\/schema\/logo\/image\/","url":"https:\/\/voxsahel.com\/wp-content\/uploads\/2024\/09\/Logo-Vox-Sahel.jpg","contentUrl":"https:\/\/voxsahel.com\/wp-content\/uploads\/2024\/09\/Logo-Vox-Sahel.jpg","width":1181,"height":848,"caption":"Vox Sahel"},"image":{"@id":"https:\/\/voxsahel.com\/#\/schema\/logo\/image\/"},"sameAs":["https:\/\/www.facebook.com\/journal.voxsahel"]},{"@type":"Person","@id":"https:\/\/voxsahel.com\/#\/schema\/person\/b4043608248f8fa227cd760e7ff1e19e","name":"Vox Sahel","image":{"@type":"ImageObject","inLanguage":"fr-FR","@id":"https:\/\/secure.gravatar.com\/avatar\/f70e7fa0cb9b29d4a7c5788d6eb2e9ab4d3135cbae1c9161810fdf77a8964699?s=96&d=mm&r=g","url":"https:\/\/secure.gravatar.com\/avatar\/f70e7fa0cb9b29d4a7c5788d6eb2e9ab4d3135cbae1c9161810fdf77a8964699?s=96&d=mm&r=g","contentUrl":"https:\/\/secure.gravatar.com\/avatar\/f70e7fa0cb9b29d4a7c5788d6eb2e9ab4d3135cbae1c9161810fdf77a8964699?s=96&d=mm&r=g","caption":"Vox Sahel"},"sameAs":["http:\/\/www.voxsahel.com"],"url":"https:\/\/voxsahel.com\/?author=2"}]}},"_links":{"self":[{"href":"https:\/\/voxsahel.com\/index.php?rest_route=\/wp\/v2\/posts\/1156","targetHints":{"allow":["GET"]}}],"collection":[{"href":"https:\/\/voxsahel.com\/index.php?rest_route=\/wp\/v2\/posts"}],"about":[{"href":"https:\/\/voxsahel.com\/index.php?rest_route=\/wp\/v2\/types\/post"}],"author":[{"embeddable":true,"href":"https:\/\/voxsahel.com\/index.php?rest_route=\/wp\/v2\/users\/2"}],"replies":[{"embeddable":true,"href":"https:\/\/voxsahel.com\/index.php?rest_route=%2Fwp%2Fv2%2Fcomments&post=1156"}],"version-history":[{"count":1,"href":"https:\/\/voxsahel.com\/index.php?rest_route=\/wp\/v2\/posts\/1156\/revisions"}],"predecessor-version":[{"id":1158,"href":"https:\/\/voxsahel.com\/index.php?rest_route=\/wp\/v2\/posts\/1156\/revisions\/1158"}],"wp:featuredmedia":[{"embeddable":true,"href":"https:\/\/voxsahel.com\/index.php?rest_route=\/wp\/v2\/media\/1157"}],"wp:attachment":[{"href":"https:\/\/voxsahel.com\/index.php?rest_route=%2Fwp%2Fv2%2Fmedia&parent=1156"}],"wp:term":[{"taxonomy":"category","embeddable":true,"href":"https:\/\/voxsahel.com\/index.php?rest_route=%2Fwp%2Fv2%2Fcategories&post=1156"},{"taxonomy":"post_tag","embeddable":true,"href":"https:\/\/voxsahel.com\/index.php?rest_route=%2Fwp%2Fv2%2Ftags&post=1156"}],"curies":[{"name":"wp","href":"https:\/\/api.w.org\/{rel}","templated":true}]}}