{"id":1150,"date":"2025-01-02T14:36:31","date_gmt":"2025-01-02T14:36:31","guid":{"rendered":"https:\/\/voxsahel.com\/?p=1150"},"modified":"2025-01-02T14:36:31","modified_gmt":"2025-01-02T14:36:31","slug":"senegal-le-president-diomaye-faye-revoque-son-ministre-charge-de-lequipement","status":"publish","type":"post","link":"https:\/\/voxsahel.com\/?p=1150","title":{"rendered":"S\u00e9n\u00e9gal: Le pr\u00e9sident Diomaye Faye r\u00e9voque son ministre charg\u00e9 de l&rsquo;\u00e9quipement"},"content":{"rendered":"<p class=\"p1\"><span class=\"s1\">Le pr\u00e9sident s\u00e9n\u00e9galais, Bassirou Diomaye Faye, a pris la d\u00e9cision de r\u00e9voquer son ministre charg\u00e9 de l\u2019administration et de l\u2019\u00e9quipement \u00e0 la Pr\u00e9sidence, Cheikh Oumar Diagne, le mardi 31 d\u00e9cembre 2024. Cette d\u00e9cision intervient apr\u00e8s des d\u00e9clarations controvers\u00e9es du ministre lors d&rsquo;une interview diffus\u00e9e le 21 d\u00e9cembre 2024 sur une cha\u00eene de t\u00e9l\u00e9vision locale.<\/span><\/p>\n<p class=\"p1\"><span class=\"s1\">\u00a0<\/span>Lors de cet entretien, M. Diagne avait qualifi\u00e9 les tirailleurs s\u00e9n\u00e9galais de \u00ab tra\u00eetres \u00bb et affirm\u00e9 que ceux qui les c\u00e9l\u00e8brent ignoraient leur v\u00e9ritable r\u00f4le pendant la p\u00e9riode coloniale. Il avait pr\u00e9cis\u00e9 que ces soldats, qui avaient combattu aux c\u00f4t\u00e9s des forces coloniales fran\u00e7aises, s\u2019\u00e9taient retourn\u00e9s contre leurs \u00ab fr\u00e8res \u00bb durant les luttes anti-coloniales en Afrique.<\/p>\n<p class=\"p1\"><span class=\"s1\">Ces propos ont suscit\u00e9 une vive r\u00e9action au S\u00e9n\u00e9gal, o\u00f9 la question des tirailleurs est d&rsquo;une grande sensibilit\u00e9 en raison de leur contribution historique et de leur sacrifice, notamment lors du massacre de Thiaroye en 1944.Le d\u00e9cret de r\u00e9vocation sign\u00e9 par le pr\u00e9sident Faye le 31 d\u00e9cembre ne pr\u00e9cise pas les raisons exactes de la d\u00e9cision, mais il est raisonnable de supposer que les propos de M. Diagne sur les tirailleurs en sont la principale cause. <\/span><\/p>\n<p class=\"p1\"><span class=\"s1\">Bien que le texte ne fasse pas directement mention de cet incident, l&rsquo;impact des d\u00e9clarations du ministre sur l&rsquo;opinion publique semble avoir jou\u00e9 un r\u00f4le cl\u00e9 dans son \u00e9viction.Pour rappel, les tirailleurs s\u00e9n\u00e9galais ont \u00e9t\u00e9 victimes du massacre de Thiaroye, pr\u00e8s de Dakar, le 1er d\u00e9cembre 1944, lorsqu&rsquo;un groupe de soldats africains, revenant d\u2019Europe apr\u00e8s avoir combattu dans l&rsquo;arm\u00e9e fran\u00e7aise, a \u00e9t\u00e9 tu\u00e9 par les forces coloniales. <\/span><\/p>\n<p class=\"p1\"><span class=\"s1\">Ils r\u00e9clamaient le paiement de leurs arri\u00e9r\u00e9s de solde, et bien que les autorit\u00e9s fran\u00e7aises aient \u00e9voqu\u00e9 une trentaine de victimes, de nombreux historiens estiment que pr\u00e8s de 400 tirailleurs ont perdu la vie. Les circonstances exactes de ce massacre demeurent encore floues, tout comme l&rsquo;identit\u00e9 des victimes et leur lieu de s\u00e9pulture.<\/span><\/p>\n<p class=\"p1\" style=\"text-align: right;\"><span class=\"s1\">\u00a0<\/span><b>Par Amir BAKO<\/b><\/p>\n<p class=\"p1\">\n","protected":false},"excerpt":{"rendered":"<p>Le pr\u00e9sident s\u00e9n\u00e9galais, Bassirou Diomaye Faye, a pris la d\u00e9cision de r\u00e9voquer son ministre charg\u00e9<\/p>\n","protected":false},"author":2,"featured_media":1151,"comment_status":"open","ping_status":"open","sticky":false,"template":"","format":"standard","meta":{"_et_pb_use_builder":"","_et_pb_old_content":"","_et_gb_content_width":"","footnotes":""},"categories":[15],"tags":[76,328,74],"class_list":["post-1150","post","type-post","status-publish","format-standard","has-post-thumbnail","hentry","category-international","tag-bassirou-diomaye-faye","tag-ousmane-sonko","tag-senegal"],"yoast_head":"<!-- This site is optimized with the Yoast SEO plugin v27.5 - https:\/\/yoast.com\/product\/yoast-seo-wordpress\/ -->\n<title>S\u00e9n\u00e9gal: Le pr\u00e9sident Diomaye Faye r\u00e9voque son ministre charg\u00e9 de l&#039;\u00e9quipement - Vox Sahel<\/title>\n<meta name=\"robots\" content=\"index, follow, max-snippet:-1, max-image-preview:large, max-video-preview:-1\" \/>\n<link rel=\"canonical\" href=\"https:\/\/voxsahel.com\/?p=1150\" \/>\n<meta property=\"og:locale\" content=\"fr_FR\" \/>\n<meta property=\"og:type\" content=\"article\" \/>\n<meta property=\"og:title\" content=\"S\u00e9n\u00e9gal: Le pr\u00e9sident Diomaye Faye r\u00e9voque son ministre charg\u00e9 de l&#039;\u00e9quipement - Vox Sahel\" \/>\n<meta property=\"og:description\" content=\"Le pr\u00e9sident s\u00e9n\u00e9galais, Bassirou Diomaye Faye, a pris la d\u00e9cision de r\u00e9voquer son ministre charg\u00e9\" \/>\n<meta property=\"og:url\" content=\"https:\/\/voxsahel.com\/?p=1150\" \/>\n<meta property=\"og:site_name\" content=\"Vox Sahel\" \/>\n<meta property=\"article:publisher\" content=\"https:\/\/www.facebook.com\/journal.voxsahel\" \/>\n<meta property=\"article:published_time\" content=\"2025-01-02T14:36:31+00:00\" \/>\n<meta property=\"og:image\" content=\"https:\/\/voxsahel.com\/wp-content\/uploads\/2025\/01\/fa6a0aa8-dbd0-4d3b-8d71-b6a497a7f413.jpeg\" \/>\n\t<meta property=\"og:image:width\" content=\"696\" \/>\n\t<meta property=\"og:image:height\" content=\"392\" \/>\n\t<meta property=\"og:image:type\" content=\"image\/jpeg\" \/>\n<meta name=\"author\" content=\"Vox Sahel\" \/>\n<meta name=\"twitter:card\" content=\"summary_large_image\" \/>\n<meta name=\"twitter:label1\" content=\"\u00c9crit par\" \/>\n\t<meta name=\"twitter:data1\" content=\"Vox Sahel\" \/>\n\t<meta name=\"twitter:label2\" content=\"Dur\u00e9e de lecture estim\u00e9e\" \/>\n\t<meta name=\"twitter:data2\" content=\"2 minutes\" \/>\n<script type=\"application\/ld+json\" class=\"yoast-schema-graph\">{\"@context\":\"https:\\\/\\\/schema.org\",\"@graph\":[{\"@type\":\"Article\",\"@id\":\"https:\\\/\\\/voxsahel.com\\\/?p=1150#article\",\"isPartOf\":{\"@id\":\"https:\\\/\\\/voxsahel.com\\\/?p=1150\"},\"author\":{\"name\":\"Vox Sahel\",\"@id\":\"https:\\\/\\\/voxsahel.com\\\/#\\\/schema\\\/person\\\/b4043608248f8fa227cd760e7ff1e19e\"},\"headline\":\"S\u00e9n\u00e9gal: Le pr\u00e9sident Diomaye Faye r\u00e9voque son ministre charg\u00e9 de l&rsquo;\u00e9quipement\",\"datePublished\":\"2025-01-02T14:36:31+00:00\",\"mainEntityOfPage\":{\"@id\":\"https:\\\/\\\/voxsahel.com\\\/?p=1150\"},\"wordCount\":382,\"commentCount\":0,\"publisher\":{\"@id\":\"https:\\\/\\\/voxsahel.com\\\/#organization\"},\"image\":{\"@id\":\"https:\\\/\\\/voxsahel.com\\\/?p=1150#primaryimage\"},\"thumbnailUrl\":\"https:\\\/\\\/voxsahel.com\\\/wp-content\\\/uploads\\\/2025\\\/01\\\/fa6a0aa8-dbd0-4d3b-8d71-b6a497a7f413.jpeg\",\"keywords\":[\"Bassirou Diomaye Faye\",\"Ousmane Sonko\",\"S\u00e9n\u00e9gal\"],\"articleSection\":[\"INTERNATIONAL\"],\"inLanguage\":\"fr-FR\",\"potentialAction\":[{\"@type\":\"CommentAction\",\"name\":\"Comment\",\"target\":[\"https:\\\/\\\/voxsahel.com\\\/?p=1150#respond\"]}]},{\"@type\":\"WebPage\",\"@id\":\"https:\\\/\\\/voxsahel.com\\\/?p=1150\",\"url\":\"https:\\\/\\\/voxsahel.com\\\/?p=1150\",\"name\":\"S\u00e9n\u00e9gal: Le pr\u00e9sident Diomaye Faye r\u00e9voque son ministre charg\u00e9 de l'\u00e9quipement - Vox Sahel\",\"isPartOf\":{\"@id\":\"https:\\\/\\\/voxsahel.com\\\/#website\"},\"primaryImageOfPage\":{\"@id\":\"https:\\\/\\\/voxsahel.com\\\/?p=1150#primaryimage\"},\"image\":{\"@id\":\"https:\\\/\\\/voxsahel.com\\\/?p=1150#primaryimage\"},\"thumbnailUrl\":\"https:\\\/\\\/voxsahel.com\\\/wp-content\\\/uploads\\\/2025\\\/01\\\/fa6a0aa8-dbd0-4d3b-8d71-b6a497a7f413.jpeg\",\"datePublished\":\"2025-01-02T14:36:31+00:00\",\"breadcrumb\":{\"@id\":\"https:\\\/\\\/voxsahel.com\\\/?p=1150#breadcrumb\"},\"inLanguage\":\"fr-FR\",\"potentialAction\":[{\"@type\":\"ReadAction\",\"target\":[\"https:\\\/\\\/voxsahel.com\\\/?p=1150\"]}]},{\"@type\":\"ImageObject\",\"inLanguage\":\"fr-FR\",\"@id\":\"https:\\\/\\\/voxsahel.com\\\/?p=1150#primaryimage\",\"url\":\"https:\\\/\\\/voxsahel.com\\\/wp-content\\\/uploads\\\/2025\\\/01\\\/fa6a0aa8-dbd0-4d3b-8d71-b6a497a7f413.jpeg\",\"contentUrl\":\"https:\\\/\\\/voxsahel.com\\\/wp-content\\\/uploads\\\/2025\\\/01\\\/fa6a0aa8-dbd0-4d3b-8d71-b6a497a7f413.jpeg\",\"width\":696,\"height\":392},{\"@type\":\"BreadcrumbList\",\"@id\":\"https:\\\/\\\/voxsahel.com\\\/?p=1150#breadcrumb\",\"itemListElement\":[{\"@type\":\"ListItem\",\"position\":1,\"name\":\"Home\",\"item\":\"https:\\\/\\\/voxsahel.com\\\/\"},{\"@type\":\"ListItem\",\"position\":2,\"name\":\"S\u00e9n\u00e9gal: Le pr\u00e9sident Diomaye Faye r\u00e9voque son ministre charg\u00e9 de l&rsquo;\u00e9quipement\"}]},{\"@type\":\"WebSite\",\"@id\":\"https:\\\/\\\/voxsahel.com\\\/#website\",\"url\":\"https:\\\/\\\/voxsahel.com\\\/\",\"name\":\"Vox Sahel\",\"description\":\"Informez-vous sur le Sahel en un clic\",\"publisher\":{\"@id\":\"https:\\\/\\\/voxsahel.com\\\/#organization\"},\"potentialAction\":[{\"@type\":\"SearchAction\",\"target\":{\"@type\":\"EntryPoint\",\"urlTemplate\":\"https:\\\/\\\/voxsahel.com\\\/?s={search_term_string}\"},\"query-input\":{\"@type\":\"PropertyValueSpecification\",\"valueRequired\":true,\"valueName\":\"search_term_string\"}}],\"inLanguage\":\"fr-FR\"},{\"@type\":\"Organization\",\"@id\":\"https:\\\/\\\/voxsahel.com\\\/#organization\",\"name\":\"Vox Sahel\",\"url\":\"https:\\\/\\\/voxsahel.com\\\/\",\"logo\":{\"@type\":\"ImageObject\",\"inLanguage\":\"fr-FR\",\"@id\":\"https:\\\/\\\/voxsahel.com\\\/#\\\/schema\\\/logo\\\/image\\\/\",\"url\":\"https:\\\/\\\/voxsahel.com\\\/wp-content\\\/uploads\\\/2024\\\/09\\\/Logo-Vox-Sahel.jpg\",\"contentUrl\":\"https:\\\/\\\/voxsahel.com\\\/wp-content\\\/uploads\\\/2024\\\/09\\\/Logo-Vox-Sahel.jpg\",\"width\":1181,\"height\":848,\"caption\":\"Vox Sahel\"},\"image\":{\"@id\":\"https:\\\/\\\/voxsahel.com\\\/#\\\/schema\\\/logo\\\/image\\\/\"},\"sameAs\":[\"https:\\\/\\\/www.facebook.com\\\/journal.voxsahel\"]},{\"@type\":\"Person\",\"@id\":\"https:\\\/\\\/voxsahel.com\\\/#\\\/schema\\\/person\\\/b4043608248f8fa227cd760e7ff1e19e\",\"name\":\"Vox Sahel\",\"image\":{\"@type\":\"ImageObject\",\"inLanguage\":\"fr-FR\",\"@id\":\"https:\\\/\\\/secure.gravatar.com\\\/avatar\\\/f70e7fa0cb9b29d4a7c5788d6eb2e9ab4d3135cbae1c9161810fdf77a8964699?s=96&d=mm&r=g\",\"url\":\"https:\\\/\\\/secure.gravatar.com\\\/avatar\\\/f70e7fa0cb9b29d4a7c5788d6eb2e9ab4d3135cbae1c9161810fdf77a8964699?s=96&d=mm&r=g\",\"contentUrl\":\"https:\\\/\\\/secure.gravatar.com\\\/avatar\\\/f70e7fa0cb9b29d4a7c5788d6eb2e9ab4d3135cbae1c9161810fdf77a8964699?s=96&d=mm&r=g\",\"caption\":\"Vox Sahel\"},\"sameAs\":[\"http:\\\/\\\/www.voxsahel.com\"],\"url\":\"https:\\\/\\\/voxsahel.com\\\/?author=2\"}]}<\/script>\n<!-- \/ Yoast SEO plugin. -->","yoast_head_json":{"title":"S\u00e9n\u00e9gal: Le pr\u00e9sident Diomaye Faye r\u00e9voque son ministre charg\u00e9 de l'\u00e9quipement - Vox Sahel","robots":{"index":"index","follow":"follow","max-snippet":"max-snippet:-1","max-image-preview":"max-image-preview:large","max-video-preview":"max-video-preview:-1"},"canonical":"https:\/\/voxsahel.com\/?p=1150","og_locale":"fr_FR","og_type":"article","og_title":"S\u00e9n\u00e9gal: Le pr\u00e9sident Diomaye Faye r\u00e9voque son ministre charg\u00e9 de l'\u00e9quipement - Vox Sahel","og_description":"Le pr\u00e9sident s\u00e9n\u00e9galais, Bassirou Diomaye Faye, a pris la d\u00e9cision de r\u00e9voquer son ministre charg\u00e9","og_url":"https:\/\/voxsahel.com\/?p=1150","og_site_name":"Vox Sahel","article_publisher":"https:\/\/www.facebook.com\/journal.voxsahel","article_published_time":"2025-01-02T14:36:31+00:00","og_image":[{"width":696,"height":392,"url":"https:\/\/voxsahel.com\/wp-content\/uploads\/2025\/01\/fa6a0aa8-dbd0-4d3b-8d71-b6a497a7f413.jpeg","type":"image\/jpeg"}],"author":"Vox Sahel","twitter_card":"summary_large_image","twitter_misc":{"\u00c9crit par":"Vox Sahel","Dur\u00e9e de lecture estim\u00e9e":"2 minutes"},"schema":{"@context":"https:\/\/schema.org","@graph":[{"@type":"Article","@id":"https:\/\/voxsahel.com\/?p=1150#article","isPartOf":{"@id":"https:\/\/voxsahel.com\/?p=1150"},"author":{"name":"Vox Sahel","@id":"https:\/\/voxsahel.com\/#\/schema\/person\/b4043608248f8fa227cd760e7ff1e19e"},"headline":"S\u00e9n\u00e9gal: Le pr\u00e9sident Diomaye Faye r\u00e9voque son ministre charg\u00e9 de l&rsquo;\u00e9quipement","datePublished":"2025-01-02T14:36:31+00:00","mainEntityOfPage":{"@id":"https:\/\/voxsahel.com\/?p=1150"},"wordCount":382,"commentCount":0,"publisher":{"@id":"https:\/\/voxsahel.com\/#organization"},"image":{"@id":"https:\/\/voxsahel.com\/?p=1150#primaryimage"},"thumbnailUrl":"https:\/\/voxsahel.com\/wp-content\/uploads\/2025\/01\/fa6a0aa8-dbd0-4d3b-8d71-b6a497a7f413.jpeg","keywords":["Bassirou Diomaye Faye","Ousmane Sonko","S\u00e9n\u00e9gal"],"articleSection":["INTERNATIONAL"],"inLanguage":"fr-FR","potentialAction":[{"@type":"CommentAction","name":"Comment","target":["https:\/\/voxsahel.com\/?p=1150#respond"]}]},{"@type":"WebPage","@id":"https:\/\/voxsahel.com\/?p=1150","url":"https:\/\/voxsahel.com\/?p=1150","name":"S\u00e9n\u00e9gal: Le pr\u00e9sident Diomaye Faye r\u00e9voque son ministre charg\u00e9 de l'\u00e9quipement - Vox Sahel","isPartOf":{"@id":"https:\/\/voxsahel.com\/#website"},"primaryImageOfPage":{"@id":"https:\/\/voxsahel.com\/?p=1150#primaryimage"},"image":{"@id":"https:\/\/voxsahel.com\/?p=1150#primaryimage"},"thumbnailUrl":"https:\/\/voxsahel.com\/wp-content\/uploads\/2025\/01\/fa6a0aa8-dbd0-4d3b-8d71-b6a497a7f413.jpeg","datePublished":"2025-01-02T14:36:31+00:00","breadcrumb":{"@id":"https:\/\/voxsahel.com\/?p=1150#breadcrumb"},"inLanguage":"fr-FR","potentialAction":[{"@type":"ReadAction","target":["https:\/\/voxsahel.com\/?p=1150"]}]},{"@type":"ImageObject","inLanguage":"fr-FR","@id":"https:\/\/voxsahel.com\/?p=1150#primaryimage","url":"https:\/\/voxsahel.com\/wp-content\/uploads\/2025\/01\/fa6a0aa8-dbd0-4d3b-8d71-b6a497a7f413.jpeg","contentUrl":"https:\/\/voxsahel.com\/wp-content\/uploads\/2025\/01\/fa6a0aa8-dbd0-4d3b-8d71-b6a497a7f413.jpeg","width":696,"height":392},{"@type":"BreadcrumbList","@id":"https:\/\/voxsahel.com\/?p=1150#breadcrumb","itemListElement":[{"@type":"ListItem","position":1,"name":"Home","item":"https:\/\/voxsahel.com\/"},{"@type":"ListItem","position":2,"name":"S\u00e9n\u00e9gal: Le pr\u00e9sident Diomaye Faye r\u00e9voque son ministre charg\u00e9 de l&rsquo;\u00e9quipement"}]},{"@type":"WebSite","@id":"https:\/\/voxsahel.com\/#website","url":"https:\/\/voxsahel.com\/","name":"Vox Sahel","description":"Informez-vous sur le Sahel en un clic","publisher":{"@id":"https:\/\/voxsahel.com\/#organization"},"potentialAction":[{"@type":"SearchAction","target":{"@type":"EntryPoint","urlTemplate":"https:\/\/voxsahel.com\/?s={search_term_string}"},"query-input":{"@type":"PropertyValueSpecification","valueRequired":true,"valueName":"search_term_string"}}],"inLanguage":"fr-FR"},{"@type":"Organization","@id":"https:\/\/voxsahel.com\/#organization","name":"Vox Sahel","url":"https:\/\/voxsahel.com\/","logo":{"@type":"ImageObject","inLanguage":"fr-FR","@id":"https:\/\/voxsahel.com\/#\/schema\/logo\/image\/","url":"https:\/\/voxsahel.com\/wp-content\/uploads\/2024\/09\/Logo-Vox-Sahel.jpg","contentUrl":"https:\/\/voxsahel.com\/wp-content\/uploads\/2024\/09\/Logo-Vox-Sahel.jpg","width":1181,"height":848,"caption":"Vox Sahel"},"image":{"@id":"https:\/\/voxsahel.com\/#\/schema\/logo\/image\/"},"sameAs":["https:\/\/www.facebook.com\/journal.voxsahel"]},{"@type":"Person","@id":"https:\/\/voxsahel.com\/#\/schema\/person\/b4043608248f8fa227cd760e7ff1e19e","name":"Vox Sahel","image":{"@type":"ImageObject","inLanguage":"fr-FR","@id":"https:\/\/secure.gravatar.com\/avatar\/f70e7fa0cb9b29d4a7c5788d6eb2e9ab4d3135cbae1c9161810fdf77a8964699?s=96&d=mm&r=g","url":"https:\/\/secure.gravatar.com\/avatar\/f70e7fa0cb9b29d4a7c5788d6eb2e9ab4d3135cbae1c9161810fdf77a8964699?s=96&d=mm&r=g","contentUrl":"https:\/\/secure.gravatar.com\/avatar\/f70e7fa0cb9b29d4a7c5788d6eb2e9ab4d3135cbae1c9161810fdf77a8964699?s=96&d=mm&r=g","caption":"Vox Sahel"},"sameAs":["http:\/\/www.voxsahel.com"],"url":"https:\/\/voxsahel.com\/?author=2"}]}},"_links":{"self":[{"href":"https:\/\/voxsahel.com\/index.php?rest_route=\/wp\/v2\/posts\/1150","targetHints":{"allow":["GET"]}}],"collection":[{"href":"https:\/\/voxsahel.com\/index.php?rest_route=\/wp\/v2\/posts"}],"about":[{"href":"https:\/\/voxsahel.com\/index.php?rest_route=\/wp\/v2\/types\/post"}],"author":[{"embeddable":true,"href":"https:\/\/voxsahel.com\/index.php?rest_route=\/wp\/v2\/users\/2"}],"replies":[{"embeddable":true,"href":"https:\/\/voxsahel.com\/index.php?rest_route=%2Fwp%2Fv2%2Fcomments&post=1150"}],"version-history":[{"count":1,"href":"https:\/\/voxsahel.com\/index.php?rest_route=\/wp\/v2\/posts\/1150\/revisions"}],"predecessor-version":[{"id":1152,"href":"https:\/\/voxsahel.com\/index.php?rest_route=\/wp\/v2\/posts\/1150\/revisions\/1152"}],"wp:featuredmedia":[{"embeddable":true,"href":"https:\/\/voxsahel.com\/index.php?rest_route=\/wp\/v2\/media\/1151"}],"wp:attachment":[{"href":"https:\/\/voxsahel.com\/index.php?rest_route=%2Fwp%2Fv2%2Fmedia&parent=1150"}],"wp:term":[{"taxonomy":"category","embeddable":true,"href":"https:\/\/voxsahel.com\/index.php?rest_route=%2Fwp%2Fv2%2Fcategories&post=1150"},{"taxonomy":"post_tag","embeddable":true,"href":"https:\/\/voxsahel.com\/index.php?rest_route=%2Fwp%2Fv2%2Ftags&post=1150"}],"curies":[{"name":"wp","href":"https:\/\/api.w.org\/{rel}","templated":true}]}}