{"id":1147,"date":"2025-01-01T14:04:18","date_gmt":"2025-01-01T14:04:18","guid":{"rendered":"https:\/\/voxsahel.com\/?p=1147"},"modified":"2025-01-03T09:22:57","modified_gmt":"2025-01-03T09:22:57","slug":"burkina-faso-la-douane-depasse-ses-previsions-de-recettes-de-decembre-2024","status":"publish","type":"post","link":"https:\/\/voxsahel.com\/?p=1147","title":{"rendered":"Burkina Faso : La Douane d\u00e9passe ses pr\u00e9visions de recettes de d\u00e9cembre 2024"},"content":{"rendered":"<p class=\"p2\"><span class=\"s1\">La Direction g\u00e9n\u00e9rale des Douanes du Burkina Faso a annonc\u00e9, ce mercredi 1er janvier 2024, avoir r\u00e9alis\u00e9 un chiffre de 118 379 595 690 FCFA pour le mois de d\u00e9cembre 2024. Ce montant repr\u00e9sente un taux de r\u00e9alisation de 106,08 % par rapport aux pr\u00e9visions initiales, fix\u00e9es \u00e0 111 589 708 723 FCFA.<\/span><\/p>\n<p class=\"p2\"><span class=\"s1\">Cette prouesse r\u00e9sulte d\u2019une strat\u00e9gie ambitieuse mise en \u0153uvre par la Direction g\u00e9n\u00e9rale des Douanes, qui a ouvert ses bureaux tous les week-ends et jours f\u00e9ri\u00e9s de d\u00e9cembre 2024. Ce r\u00e9am\u00e9nagement des horaires, op\u00e9rationnel de 7h30 \u00e0 16h sur tout le territoire national, visait \u00e0 renforcer la c\u00e9l\u00e9rit\u00e9 des op\u00e9rations douani\u00e8res et \u00e0 r\u00e9pondre aux besoins des acteurs \u00e9conomiques.<\/span><\/p>\n<p class=\"p2\"><span class=\"s1\">En effet, dans un communiqu\u00e9 en date du d\u00e9cembre 2024, le Directeur g\u00e9n\u00e9ral des Douanes, l\u2019inspecteur divisionnaire des Douanes, avait rappel\u00e9 que ces mesures exceptionnelles s\u2019inscrivent dans une dynamique de modernisation et de simplification des proc\u00e9dures douani\u00e8res. En permettant aux importateurs, exportateurs et commissionnaires agr\u00e9\u00e9s de traiter leurs transactions dans des d\u00e9lais optimaux, l\u2019administration douani\u00e8re a cr\u00e9\u00e9 un environnement propice \u00e0 la mobilisation accrue des recettes.<\/span><\/p>\n<blockquote>\n<p class=\"p2\"><span class=\"s1\">\u00ab\u202f\ud835\udc0b\ud835\udc1a \ud835\udc26\ud835\udc28\ud835\udc1b\ud835\udc22\ud835\udc25\ud835\udc22\ud835\udc2c\ud835\udc1a\ud835\udc2d\ud835\udc22\ud835\udc28\ud835\udc27 \ud835\udc28\ud835\udc29\ud835\udc2d\ud835\udc22\ud835\udc26\ud835\udc1a\ud835\udc25\ud835\udc1e \ud835\udc1d\ud835\udc1e\ud835\udc2c \ud835\udc2b\ud835\udc1e\ud835\udc2c\ud835\udc2c\ud835\udc28\ud835\udc2e\ud835\udc2b\ud835\udc1c\ud835\udc1e\ud835\udc2c \ud835\udc2c\ud835\udc28\ud835\udc2e\ud835\udc2f\ud835\udc1e\ud835\udc2b\ud835\udc1a\ud835\udc22\ud835\udc27\ud835\udc1e\ud835\udc2c \ud835\udc1e\ud835\udc2c\ud835\udc2d \ud835\udc2e\ud835\udc27 \ud835\udc22\ud835\udc26\ud835\udc29\ud835\udc1e\u0301\ud835\udc2b\ud835\udc1a\ud835\udc2d\ud835\udc22\ud835\udc1f \ud835\udc29\ud835\udc28\ud835\udc2e\ud835\udc2b \ud835\udc25\u2019\ud835\udc1a\ud835\udc1f\ud835\udc1f\ud835\udc22\ud835\udc2b\ud835\udc26\ud835\udc1a\ud835\udc2d\ud835\udc22\ud835\udc28\ud835\udc27 \ud835\udc1d\ud835\udc1e \ud835\udc25\ud835\udc1a \ud835\udc2c\ud835\udc28\ud835\udc2e\ud835\udc2f\ud835\udc1e\ud835\udc2b\ud835\udc1a\ud835\udc22\ud835\udc27\ud835\udc1e\ud835\udc2d\ud835\udc1e\u0301 \ud835\udc1d\ud835\udc2e \ud835\udc01\ud835\udc2e\ud835\udc2b\ud835\udc24\ud835\udc22\ud835\udc27\ud835\udc1a \ud835\udc05\ud835\udc1a\ud835\udc2c\ud835\udc28,\u202f\u00bb avait-il soulign\u00e9.<\/span><\/p>\n<\/blockquote>\n<p class=\"p2\"><span class=\"s1\">L\u2019ensemble des bureaux de douane, qu\u2019ils soient situ\u00e9s aux fronti\u00e8res ou \u00e0 l\u2019int\u00e9rieur du pays, ont appliqu\u00e9 ce r\u00e9am\u00e9nagement exceptionnel jusqu\u2019au 31 d\u00e9cembre 2024. Cette flexibilit\u00e9 a contribu\u00e9 \u00e0 \u00e9viter des engorgements, garantissant ainsi une cl\u00f4ture r\u00e9ussie des transactions de fin d\u2019ann\u00e9e.<\/span><\/p>\n<p class=\"p2\"><span class=\"s1\">En outre, ces efforts traduisent l\u2019engagement des douanes \u00e0 soutenir les objectifs \u00e9conomiques et fiscaux du Burkina Faso tout en simplifiant les d\u00e9marches administratives pour les acteurs de la cha\u00eene logistique.<\/span><\/p>\n<p class=\"p2\"><span class=\"s1\">Dans ce contexte de mobilisation accrue, la Direction g\u00e9n\u00e9rale des Douanes a \u00e9galement appel\u00e9 au civisme fiscal des contribuables. Cet engagement citoyen est essentiel pour atteindre les objectifs \u00e9conomiques de la nation, particuli\u00e8rement en cette p\u00e9riode o\u00f9 les performances fiscales jouent un r\u00f4le cl\u00e9 dans la souverainet\u00e9 \u00e9conomique.<\/span><\/p>\n<p class=\"p2\"><span class=\"s1\">Forte de ce succ\u00e8s, l\u2019administration douani\u00e8re se positionne comme un acteur cl\u00e9 de la mobilisation des ressources fiscales et du soutien \u00e0 la croissance \u00e9conomique. En d\u00e9passant ses objectifs de d\u00e9cembre, elle pose les jalons pour des performances encore plus ambitieuses en 2025.<\/span><\/p>\n<p class=\"p2\"><span class=\"s2\">Pour rappel<\/span><span class=\"s1\">, les horaires sp\u00e9ciaux des bureaux de douane sont rest\u00e9s en vigueur jusqu\u2019au 31 d\u00e9cembre 2024, marquant ainsi une fin d\u2019ann\u00e9e sous le signe de l\u2019efficacit\u00e9 et de l\u2019innovation.<\/span><\/p>\n<p class=\"p2\"><span class=\"s1\"><b>Par Vox Sahel <\/b><\/span><\/p>\n","protected":false},"excerpt":{"rendered":"<p>La Direction g\u00e9n\u00e9rale des Douanes du Burkina Faso a annonc\u00e9, ce mercredi 1er janvier 2024,<\/p>\n","protected":false},"author":2,"featured_media":1148,"comment_status":"open","ping_status":"open","sticky":false,"template":"","format":"standard","meta":{"_et_pb_use_builder":"","_et_pb_old_content":"","_et_gb_content_width":"","footnotes":""},"categories":[8],"tags":[18,142,146,370,310,532],"class_list":["post-1147","post","type-post","status-publish","format-standard","has-post-thumbnail","hentry","category-developpement","tag-burkina-faso","tag-douane","tag-douanes-du-burkina-faso","tag-observatoire-pour-la-celerite-des-operations-douanieres-au-burkina-faso","tag-organisation-mondiale-des-douanes","tag-recettes"],"yoast_head":"<!-- This site is optimized with the Yoast SEO plugin v27.5 - https:\/\/yoast.com\/product\/yoast-seo-wordpress\/ -->\n<title>Burkina Faso : La Douane d\u00e9passe ses pr\u00e9visions de recettes de d\u00e9cembre 2024 - Vox Sahel<\/title>\n<meta name=\"robots\" content=\"index, follow, max-snippet:-1, max-image-preview:large, max-video-preview:-1\" \/>\n<link rel=\"canonical\" href=\"https:\/\/voxsahel.com\/?p=1147\" \/>\n<meta property=\"og:locale\" content=\"fr_FR\" \/>\n<meta property=\"og:type\" content=\"article\" \/>\n<meta property=\"og:title\" content=\"Burkina Faso : La Douane d\u00e9passe ses pr\u00e9visions de recettes de d\u00e9cembre 2024 - Vox Sahel\" \/>\n<meta property=\"og:description\" content=\"La Direction g\u00e9n\u00e9rale des Douanes du Burkina Faso a annonc\u00e9, ce mercredi 1er janvier 2024,\" \/>\n<meta property=\"og:url\" content=\"https:\/\/voxsahel.com\/?p=1147\" \/>\n<meta property=\"og:site_name\" content=\"Vox Sahel\" \/>\n<meta property=\"article:publisher\" content=\"https:\/\/www.facebook.com\/journal.voxsahel\" \/>\n<meta property=\"article:published_time\" content=\"2025-01-01T14:04:18+00:00\" \/>\n<meta property=\"article:modified_time\" content=\"2025-01-03T09:22:57+00:00\" \/>\n<meta property=\"og:image\" content=\"https:\/\/voxsahel.com\/wp-content\/uploads\/2025\/01\/IMG_8082.jpeg\" \/>\n\t<meta property=\"og:image:width\" content=\"1179\" \/>\n\t<meta property=\"og:image:height\" content=\"626\" \/>\n\t<meta property=\"og:image:type\" content=\"image\/jpeg\" \/>\n<meta name=\"author\" content=\"Vox Sahel\" \/>\n<meta name=\"twitter:card\" content=\"summary_large_image\" \/>\n<meta name=\"twitter:label1\" content=\"\u00c9crit par\" \/>\n\t<meta name=\"twitter:data1\" content=\"Vox Sahel\" \/>\n\t<meta name=\"twitter:label2\" content=\"Dur\u00e9e de lecture estim\u00e9e\" \/>\n\t<meta name=\"twitter:data2\" content=\"3 minutes\" \/>\n<script type=\"application\/ld+json\" class=\"yoast-schema-graph\">{\"@context\":\"https:\\\/\\\/schema.org\",\"@graph\":[{\"@type\":\"Article\",\"@id\":\"https:\\\/\\\/voxsahel.com\\\/?p=1147#article\",\"isPartOf\":{\"@id\":\"https:\\\/\\\/voxsahel.com\\\/?p=1147\"},\"author\":{\"name\":\"Vox Sahel\",\"@id\":\"https:\\\/\\\/voxsahel.com\\\/#\\\/schema\\\/person\\\/b4043608248f8fa227cd760e7ff1e19e\"},\"headline\":\"Burkina Faso : La Douane d\u00e9passe ses pr\u00e9visions de recettes de d\u00e9cembre 2024\",\"datePublished\":\"2025-01-01T14:04:18+00:00\",\"dateModified\":\"2025-01-03T09:22:57+00:00\",\"mainEntityOfPage\":{\"@id\":\"https:\\\/\\\/voxsahel.com\\\/?p=1147\"},\"wordCount\":433,\"commentCount\":0,\"publisher\":{\"@id\":\"https:\\\/\\\/voxsahel.com\\\/#organization\"},\"image\":{\"@id\":\"https:\\\/\\\/voxsahel.com\\\/?p=1147#primaryimage\"},\"thumbnailUrl\":\"https:\\\/\\\/voxsahel.com\\\/wp-content\\\/uploads\\\/2025\\\/01\\\/IMG_8082.jpeg\",\"keywords\":[\"Burkina Faso\",\"Douane\",\"Douanes du Burkina Faso\",\"Observatoire pour la c\u00e9l\u00e9rit\u00e9 des op\u00e9rations douani\u00e8res au Burkina Faso\",\"Organisation mondiale des Douanes\",\"Recettes\"],\"articleSection\":[\"DEVELOPPEMENT\"],\"inLanguage\":\"fr-FR\",\"potentialAction\":[{\"@type\":\"CommentAction\",\"name\":\"Comment\",\"target\":[\"https:\\\/\\\/voxsahel.com\\\/?p=1147#respond\"]}]},{\"@type\":\"WebPage\",\"@id\":\"https:\\\/\\\/voxsahel.com\\\/?p=1147\",\"url\":\"https:\\\/\\\/voxsahel.com\\\/?p=1147\",\"name\":\"Burkina Faso : La Douane d\u00e9passe ses pr\u00e9visions de recettes de d\u00e9cembre 2024 - Vox Sahel\",\"isPartOf\":{\"@id\":\"https:\\\/\\\/voxsahel.com\\\/#website\"},\"primaryImageOfPage\":{\"@id\":\"https:\\\/\\\/voxsahel.com\\\/?p=1147#primaryimage\"},\"image\":{\"@id\":\"https:\\\/\\\/voxsahel.com\\\/?p=1147#primaryimage\"},\"thumbnailUrl\":\"https:\\\/\\\/voxsahel.com\\\/wp-content\\\/uploads\\\/2025\\\/01\\\/IMG_8082.jpeg\",\"datePublished\":\"2025-01-01T14:04:18+00:00\",\"dateModified\":\"2025-01-03T09:22:57+00:00\",\"breadcrumb\":{\"@id\":\"https:\\\/\\\/voxsahel.com\\\/?p=1147#breadcrumb\"},\"inLanguage\":\"fr-FR\",\"potentialAction\":[{\"@type\":\"ReadAction\",\"target\":[\"https:\\\/\\\/voxsahel.com\\\/?p=1147\"]}]},{\"@type\":\"ImageObject\",\"inLanguage\":\"fr-FR\",\"@id\":\"https:\\\/\\\/voxsahel.com\\\/?p=1147#primaryimage\",\"url\":\"https:\\\/\\\/voxsahel.com\\\/wp-content\\\/uploads\\\/2025\\\/01\\\/IMG_8082.jpeg\",\"contentUrl\":\"https:\\\/\\\/voxsahel.com\\\/wp-content\\\/uploads\\\/2025\\\/01\\\/IMG_8082.jpeg\",\"width\":1179,\"height\":626},{\"@type\":\"BreadcrumbList\",\"@id\":\"https:\\\/\\\/voxsahel.com\\\/?p=1147#breadcrumb\",\"itemListElement\":[{\"@type\":\"ListItem\",\"position\":1,\"name\":\"Home\",\"item\":\"https:\\\/\\\/voxsahel.com\\\/\"},{\"@type\":\"ListItem\",\"position\":2,\"name\":\"Burkina Faso : La Douane d\u00e9passe ses pr\u00e9visions de recettes de d\u00e9cembre 2024\"}]},{\"@type\":\"WebSite\",\"@id\":\"https:\\\/\\\/voxsahel.com\\\/#website\",\"url\":\"https:\\\/\\\/voxsahel.com\\\/\",\"name\":\"Vox Sahel\",\"description\":\"Informez-vous sur le Sahel en un clic\",\"publisher\":{\"@id\":\"https:\\\/\\\/voxsahel.com\\\/#organization\"},\"potentialAction\":[{\"@type\":\"SearchAction\",\"target\":{\"@type\":\"EntryPoint\",\"urlTemplate\":\"https:\\\/\\\/voxsahel.com\\\/?s={search_term_string}\"},\"query-input\":{\"@type\":\"PropertyValueSpecification\",\"valueRequired\":true,\"valueName\":\"search_term_string\"}}],\"inLanguage\":\"fr-FR\"},{\"@type\":\"Organization\",\"@id\":\"https:\\\/\\\/voxsahel.com\\\/#organization\",\"name\":\"Vox Sahel\",\"url\":\"https:\\\/\\\/voxsahel.com\\\/\",\"logo\":{\"@type\":\"ImageObject\",\"inLanguage\":\"fr-FR\",\"@id\":\"https:\\\/\\\/voxsahel.com\\\/#\\\/schema\\\/logo\\\/image\\\/\",\"url\":\"https:\\\/\\\/voxsahel.com\\\/wp-content\\\/uploads\\\/2024\\\/09\\\/Logo-Vox-Sahel.jpg\",\"contentUrl\":\"https:\\\/\\\/voxsahel.com\\\/wp-content\\\/uploads\\\/2024\\\/09\\\/Logo-Vox-Sahel.jpg\",\"width\":1181,\"height\":848,\"caption\":\"Vox Sahel\"},\"image\":{\"@id\":\"https:\\\/\\\/voxsahel.com\\\/#\\\/schema\\\/logo\\\/image\\\/\"},\"sameAs\":[\"https:\\\/\\\/www.facebook.com\\\/journal.voxsahel\"]},{\"@type\":\"Person\",\"@id\":\"https:\\\/\\\/voxsahel.com\\\/#\\\/schema\\\/person\\\/b4043608248f8fa227cd760e7ff1e19e\",\"name\":\"Vox Sahel\",\"image\":{\"@type\":\"ImageObject\",\"inLanguage\":\"fr-FR\",\"@id\":\"https:\\\/\\\/secure.gravatar.com\\\/avatar\\\/f70e7fa0cb9b29d4a7c5788d6eb2e9ab4d3135cbae1c9161810fdf77a8964699?s=96&d=mm&r=g\",\"url\":\"https:\\\/\\\/secure.gravatar.com\\\/avatar\\\/f70e7fa0cb9b29d4a7c5788d6eb2e9ab4d3135cbae1c9161810fdf77a8964699?s=96&d=mm&r=g\",\"contentUrl\":\"https:\\\/\\\/secure.gravatar.com\\\/avatar\\\/f70e7fa0cb9b29d4a7c5788d6eb2e9ab4d3135cbae1c9161810fdf77a8964699?s=96&d=mm&r=g\",\"caption\":\"Vox Sahel\"},\"sameAs\":[\"http:\\\/\\\/www.voxsahel.com\"],\"url\":\"https:\\\/\\\/voxsahel.com\\\/?author=2\"}]}<\/script>\n<!-- \/ Yoast SEO plugin. -->","yoast_head_json":{"title":"Burkina Faso : La Douane d\u00e9passe ses pr\u00e9visions de recettes de d\u00e9cembre 2024 - Vox Sahel","robots":{"index":"index","follow":"follow","max-snippet":"max-snippet:-1","max-image-preview":"max-image-preview:large","max-video-preview":"max-video-preview:-1"},"canonical":"https:\/\/voxsahel.com\/?p=1147","og_locale":"fr_FR","og_type":"article","og_title":"Burkina Faso : La Douane d\u00e9passe ses pr\u00e9visions de recettes de d\u00e9cembre 2024 - Vox Sahel","og_description":"La Direction g\u00e9n\u00e9rale des Douanes du Burkina Faso a annonc\u00e9, ce mercredi 1er janvier 2024,","og_url":"https:\/\/voxsahel.com\/?p=1147","og_site_name":"Vox Sahel","article_publisher":"https:\/\/www.facebook.com\/journal.voxsahel","article_published_time":"2025-01-01T14:04:18+00:00","article_modified_time":"2025-01-03T09:22:57+00:00","og_image":[{"width":1179,"height":626,"url":"https:\/\/voxsahel.com\/wp-content\/uploads\/2025\/01\/IMG_8082.jpeg","type":"image\/jpeg"}],"author":"Vox Sahel","twitter_card":"summary_large_image","twitter_misc":{"\u00c9crit par":"Vox Sahel","Dur\u00e9e de lecture estim\u00e9e":"3 minutes"},"schema":{"@context":"https:\/\/schema.org","@graph":[{"@type":"Article","@id":"https:\/\/voxsahel.com\/?p=1147#article","isPartOf":{"@id":"https:\/\/voxsahel.com\/?p=1147"},"author":{"name":"Vox Sahel","@id":"https:\/\/voxsahel.com\/#\/schema\/person\/b4043608248f8fa227cd760e7ff1e19e"},"headline":"Burkina Faso : La Douane d\u00e9passe ses pr\u00e9visions de recettes de d\u00e9cembre 2024","datePublished":"2025-01-01T14:04:18+00:00","dateModified":"2025-01-03T09:22:57+00:00","mainEntityOfPage":{"@id":"https:\/\/voxsahel.com\/?p=1147"},"wordCount":433,"commentCount":0,"publisher":{"@id":"https:\/\/voxsahel.com\/#organization"},"image":{"@id":"https:\/\/voxsahel.com\/?p=1147#primaryimage"},"thumbnailUrl":"https:\/\/voxsahel.com\/wp-content\/uploads\/2025\/01\/IMG_8082.jpeg","keywords":["Burkina Faso","Douane","Douanes du Burkina Faso","Observatoire pour la c\u00e9l\u00e9rit\u00e9 des op\u00e9rations douani\u00e8res au Burkina Faso","Organisation mondiale des Douanes","Recettes"],"articleSection":["DEVELOPPEMENT"],"inLanguage":"fr-FR","potentialAction":[{"@type":"CommentAction","name":"Comment","target":["https:\/\/voxsahel.com\/?p=1147#respond"]}]},{"@type":"WebPage","@id":"https:\/\/voxsahel.com\/?p=1147","url":"https:\/\/voxsahel.com\/?p=1147","name":"Burkina Faso : La Douane d\u00e9passe ses pr\u00e9visions de recettes de d\u00e9cembre 2024 - Vox Sahel","isPartOf":{"@id":"https:\/\/voxsahel.com\/#website"},"primaryImageOfPage":{"@id":"https:\/\/voxsahel.com\/?p=1147#primaryimage"},"image":{"@id":"https:\/\/voxsahel.com\/?p=1147#primaryimage"},"thumbnailUrl":"https:\/\/voxsahel.com\/wp-content\/uploads\/2025\/01\/IMG_8082.jpeg","datePublished":"2025-01-01T14:04:18+00:00","dateModified":"2025-01-03T09:22:57+00:00","breadcrumb":{"@id":"https:\/\/voxsahel.com\/?p=1147#breadcrumb"},"inLanguage":"fr-FR","potentialAction":[{"@type":"ReadAction","target":["https:\/\/voxsahel.com\/?p=1147"]}]},{"@type":"ImageObject","inLanguage":"fr-FR","@id":"https:\/\/voxsahel.com\/?p=1147#primaryimage","url":"https:\/\/voxsahel.com\/wp-content\/uploads\/2025\/01\/IMG_8082.jpeg","contentUrl":"https:\/\/voxsahel.com\/wp-content\/uploads\/2025\/01\/IMG_8082.jpeg","width":1179,"height":626},{"@type":"BreadcrumbList","@id":"https:\/\/voxsahel.com\/?p=1147#breadcrumb","itemListElement":[{"@type":"ListItem","position":1,"name":"Home","item":"https:\/\/voxsahel.com\/"},{"@type":"ListItem","position":2,"name":"Burkina Faso : La Douane d\u00e9passe ses pr\u00e9visions de recettes de d\u00e9cembre 2024"}]},{"@type":"WebSite","@id":"https:\/\/voxsahel.com\/#website","url":"https:\/\/voxsahel.com\/","name":"Vox Sahel","description":"Informez-vous sur le Sahel en un clic","publisher":{"@id":"https:\/\/voxsahel.com\/#organization"},"potentialAction":[{"@type":"SearchAction","target":{"@type":"EntryPoint","urlTemplate":"https:\/\/voxsahel.com\/?s={search_term_string}"},"query-input":{"@type":"PropertyValueSpecification","valueRequired":true,"valueName":"search_term_string"}}],"inLanguage":"fr-FR"},{"@type":"Organization","@id":"https:\/\/voxsahel.com\/#organization","name":"Vox Sahel","url":"https:\/\/voxsahel.com\/","logo":{"@type":"ImageObject","inLanguage":"fr-FR","@id":"https:\/\/voxsahel.com\/#\/schema\/logo\/image\/","url":"https:\/\/voxsahel.com\/wp-content\/uploads\/2024\/09\/Logo-Vox-Sahel.jpg","contentUrl":"https:\/\/voxsahel.com\/wp-content\/uploads\/2024\/09\/Logo-Vox-Sahel.jpg","width":1181,"height":848,"caption":"Vox Sahel"},"image":{"@id":"https:\/\/voxsahel.com\/#\/schema\/logo\/image\/"},"sameAs":["https:\/\/www.facebook.com\/journal.voxsahel"]},{"@type":"Person","@id":"https:\/\/voxsahel.com\/#\/schema\/person\/b4043608248f8fa227cd760e7ff1e19e","name":"Vox Sahel","image":{"@type":"ImageObject","inLanguage":"fr-FR","@id":"https:\/\/secure.gravatar.com\/avatar\/f70e7fa0cb9b29d4a7c5788d6eb2e9ab4d3135cbae1c9161810fdf77a8964699?s=96&d=mm&r=g","url":"https:\/\/secure.gravatar.com\/avatar\/f70e7fa0cb9b29d4a7c5788d6eb2e9ab4d3135cbae1c9161810fdf77a8964699?s=96&d=mm&r=g","contentUrl":"https:\/\/secure.gravatar.com\/avatar\/f70e7fa0cb9b29d4a7c5788d6eb2e9ab4d3135cbae1c9161810fdf77a8964699?s=96&d=mm&r=g","caption":"Vox Sahel"},"sameAs":["http:\/\/www.voxsahel.com"],"url":"https:\/\/voxsahel.com\/?author=2"}]}},"_links":{"self":[{"href":"https:\/\/voxsahel.com\/index.php?rest_route=\/wp\/v2\/posts\/1147","targetHints":{"allow":["GET"]}}],"collection":[{"href":"https:\/\/voxsahel.com\/index.php?rest_route=\/wp\/v2\/posts"}],"about":[{"href":"https:\/\/voxsahel.com\/index.php?rest_route=\/wp\/v2\/types\/post"}],"author":[{"embeddable":true,"href":"https:\/\/voxsahel.com\/index.php?rest_route=\/wp\/v2\/users\/2"}],"replies":[{"embeddable":true,"href":"https:\/\/voxsahel.com\/index.php?rest_route=%2Fwp%2Fv2%2Fcomments&post=1147"}],"version-history":[{"count":2,"href":"https:\/\/voxsahel.com\/index.php?rest_route=\/wp\/v2\/posts\/1147\/revisions"}],"predecessor-version":[{"id":1159,"href":"https:\/\/voxsahel.com\/index.php?rest_route=\/wp\/v2\/posts\/1147\/revisions\/1159"}],"wp:featuredmedia":[{"embeddable":true,"href":"https:\/\/voxsahel.com\/index.php?rest_route=\/wp\/v2\/media\/1148"}],"wp:attachment":[{"href":"https:\/\/voxsahel.com\/index.php?rest_route=%2Fwp%2Fv2%2Fmedia&parent=1147"}],"wp:term":[{"taxonomy":"category","embeddable":true,"href":"https:\/\/voxsahel.com\/index.php?rest_route=%2Fwp%2Fv2%2Fcategories&post=1147"},{"taxonomy":"post_tag","embeddable":true,"href":"https:\/\/voxsahel.com\/index.php?rest_route=%2Fwp%2Fv2%2Ftags&post=1147"}],"curies":[{"name":"wp","href":"https:\/\/api.w.org\/{rel}","templated":true}]}}