{"id":1143,"date":"2024-12-31T11:38:57","date_gmt":"2024-12-31T11:38:57","guid":{"rendered":"https:\/\/voxsahel.com\/?p=1143"},"modified":"2024-12-31T12:04:06","modified_gmt":"2024-12-31T12:04:06","slug":"aes-les-premiers-ministres-se-concertent-sur-la-feuille-de-route","status":"publish","type":"post","link":"https:\/\/voxsahel.com\/?p=1143","title":{"rendered":"AES: Les Premiers ministres se concertent sur la feuille de route"},"content":{"rendered":"<p class=\"p1\"><span class=\"s1\">Les Premiers ministres du Niger, Ali Lamine Zeine, du Mali, Abdoulaye Ma\u00efga et du Burkina, Rimtalba Jean Emmanuel Ou\u00e9draogo, ont tenu une r\u00e9union de travail, ce lundi 30 d\u00e9cembre 2024, \u00e0 Niamey. La mise en \u0153uvre de la feuille de route de la Conf\u00e9d\u00e9ration des Etats du Sahel (AES) arr\u00eat\u00e9e par les p\u00e8res fondateurs de l&rsquo;Alliance \u00e9tait au menu des travaux.<\/span><\/p>\n<p class=\"p1\"><span class=\"s1\">C&rsquo;est par une audience \u00e0 eux accord\u00e9e par le Pr\u00e9sident du Conseil national pour la sauvegarde de la patrie (CNSP), Pr\u00e9sident du Niger, le g\u00e9n\u00e9ral Abdourahamane Tiani, que les trois chefs de gouvernement de l\u2019AES ont d\u00e9but\u00e9 la journ\u00e9e du lundi 30 d\u00e9cembre 2024. <\/span><\/p>\n<p class=\"p1\"><span class=\"s1\">En fin d&rsquo;audience, le chef du gouvernement du Burkina Faso, Rimtalba Jean Emmanuel Ou\u00e9draogo, d\u00e9sign\u00e9 par ses pairs, a livr\u00e9 la quintessence de la rencontre. \u00ab Nous avons b\u00e9n\u00e9fici\u00e9 de la part de Son Excellence le g\u00e9n\u00e9ral de brigade Abdourahamane Tiani, Pr\u00e9sident de la R\u00e9publique du Niger, de sages conseils et des orientations qui vont nous permettre en tant que Premiers ministre des pays de l&rsquo;AES de pouvoir porter notre mission commune, celle de mettre en pratique de la mani\u00e8re la plus diligente les politiques publiques qui doivent porter la vision de souverainet\u00e9 et d&rsquo;\u00e9panouissement des peuples de l&rsquo;AES et surtout pour faire face avec efficacit\u00e9 \u00e0 toute les adversit\u00e9s \u00bb, a-t-il expliqu\u00e9. <\/span><\/p>\n<p class=\"p1\"><span class=\"s1\">Par la suite, les trois chefs de gouvernement se sont retrouv\u00e9s, \u00e0 huis-clos, dans les locaux de la Primature nig\u00e9rienne pour une s\u00e9ance de travail. Cette concertation de haut niveau est la premi\u00e8re du genre entre les trois personnalit\u00e9s de l\u2019Alliance des Etats du Sahel. Elle a \u00e9t\u00e9 le cadre, non seulement d\u2019une prise de contact formelle mais \u00e9galement de l\u2019exaltation des liens de fraternit\u00e9 entre autorit\u00e9s de pays fr\u00e8res. <\/span><\/p>\n<p class=\"p1\"><span class=\"s1\">L\u2019h\u00f4te de la rencontre, le Premier ministre du Niger, Ali Lamine Zeine, a relev\u00e9 une convergence de vue sur la mission commune que ses homologues et lui ont \u00e0 remplir dans le cadre de la Conf\u00e9d\u00e9ration AES. Il a \u00e9galement remerci\u00e9 ses homologues du Mali et du Burkina Faso pour avoir honor\u00e9 l\u2019invitation fraternelle du peuple nig\u00e9rien et pour le soutien apport\u00e9 \u00e0 son pays devant l\u2019hostilit\u00e9 r\u00e9cemment d\u00e9nonc\u00e9e par le pr\u00e9sident du Niger dans son discours du 17 d\u00e9cembre 2024. <\/span><\/p>\n<p class=\"p1\"><span class=\"s1\">Dans sa D\u00e9claration de politique g\u00e9n\u00e9rale (DPG), le 27 d\u00e9cembre dernier, le Premier ministre Rimtalba Jean Emmanuel Ou\u00e9draogo avait soutenu que : \u00ab S\u2019agissant de l\u2019AES, mon gouvernement s\u2019engage sans r\u00e9serve \u00e0 jouer sa partition pour en faire un instrument d\u2019int\u00e9gration \u00e9conomique et des peuples, un outil de lib\u00e9ration, d\u2019autod\u00e9termination et donc d\u2019ind\u00e9pendance r\u00e9elle et de progr\u00e8s \u00bb. En effectuant sa premi\u00e8re sortie en tant que Chef du gouvernement dans un pays fr\u00e8re de l\u2019Alliance des Etats du Sahel, Rimtalba Jean Emmanuel Ou\u00e9draogo s&rsquo;inscrit r\u00e9solument dans cette vision.<\/span><\/p>\n","protected":false},"excerpt":{"rendered":"<p>Les Premiers ministres du Niger, Ali Lamine Zeine, du Mali, Abdoulaye Ma\u00efga et du Burkina,<\/p>\n","protected":false},"author":2,"featured_media":1144,"comment_status":"open","ping_status":"open","sticky":false,"template":"","format":"standard","meta":{"_et_pb_use_builder":"","_et_pb_old_content":"","_et_gb_content_width":"","footnotes":""},"categories":[6],"tags":[61,62,18,123,31,60],"class_list":["post-1143","post","type-post","status-publish","format-standard","has-post-thumbnail","hentry","category-politique","tag-aes","tag-alliance-des-etats-du-sahel","tag-burkina-faso","tag-confederation-de-lalliances-des-etats-du-sahel","tag-mali","tag-niger"],"yoast_head":"<!-- This site is optimized with the Yoast SEO plugin v27.5 - https:\/\/yoast.com\/product\/yoast-seo-wordpress\/ -->\n<title>AES: Les Premiers ministres se concertent sur la feuille de route - Vox Sahel<\/title>\n<meta name=\"robots\" content=\"index, follow, max-snippet:-1, max-image-preview:large, max-video-preview:-1\" \/>\n<link rel=\"canonical\" href=\"https:\/\/voxsahel.com\/?p=1143\" \/>\n<meta property=\"og:locale\" content=\"fr_FR\" \/>\n<meta property=\"og:type\" content=\"article\" \/>\n<meta property=\"og:title\" content=\"AES: Les Premiers ministres se concertent sur la feuille de route - Vox Sahel\" \/>\n<meta property=\"og:description\" content=\"Les Premiers ministres du Niger, Ali Lamine Zeine, du Mali, Abdoulaye Ma\u00efga et du Burkina,\" \/>\n<meta property=\"og:url\" content=\"https:\/\/voxsahel.com\/?p=1143\" \/>\n<meta property=\"og:site_name\" content=\"Vox Sahel\" \/>\n<meta property=\"article:publisher\" content=\"https:\/\/www.facebook.com\/journal.voxsahel\" \/>\n<meta property=\"article:published_time\" content=\"2024-12-31T11:38:57+00:00\" \/>\n<meta property=\"article:modified_time\" content=\"2024-12-31T12:04:06+00:00\" \/>\n<meta property=\"og:image\" content=\"https:\/\/voxsahel.com\/wp-content\/uploads\/2024\/12\/IMG_7675.jpeg\" \/>\n\t<meta property=\"og:image:width\" content=\"720\" \/>\n\t<meta property=\"og:image:height\" content=\"444\" \/>\n\t<meta property=\"og:image:type\" content=\"image\/jpeg\" \/>\n<meta name=\"author\" content=\"Vox Sahel\" \/>\n<meta name=\"twitter:card\" content=\"summary_large_image\" \/>\n<meta name=\"twitter:label1\" content=\"\u00c9crit par\" \/>\n\t<meta name=\"twitter:data1\" content=\"Vox Sahel\" \/>\n\t<meta name=\"twitter:label2\" content=\"Dur\u00e9e de lecture estim\u00e9e\" \/>\n\t<meta name=\"twitter:data2\" content=\"3 minutes\" \/>\n<script type=\"application\/ld+json\" class=\"yoast-schema-graph\">{\"@context\":\"https:\\\/\\\/schema.org\",\"@graph\":[{\"@type\":\"Article\",\"@id\":\"https:\\\/\\\/voxsahel.com\\\/?p=1143#article\",\"isPartOf\":{\"@id\":\"https:\\\/\\\/voxsahel.com\\\/?p=1143\"},\"author\":{\"name\":\"Vox Sahel\",\"@id\":\"https:\\\/\\\/voxsahel.com\\\/#\\\/schema\\\/person\\\/b4043608248f8fa227cd760e7ff1e19e\"},\"headline\":\"AES: Les Premiers ministres se concertent sur la feuille de route\",\"datePublished\":\"2024-12-31T11:38:57+00:00\",\"dateModified\":\"2024-12-31T12:04:06+00:00\",\"mainEntityOfPage\":{\"@id\":\"https:\\\/\\\/voxsahel.com\\\/?p=1143\"},\"wordCount\":529,\"commentCount\":0,\"publisher\":{\"@id\":\"https:\\\/\\\/voxsahel.com\\\/#organization\"},\"image\":{\"@id\":\"https:\\\/\\\/voxsahel.com\\\/?p=1143#primaryimage\"},\"thumbnailUrl\":\"https:\\\/\\\/voxsahel.com\\\/wp-content\\\/uploads\\\/2024\\\/12\\\/IMG_7675.jpeg\",\"keywords\":[\"AES\",\"Alliance des \u00c9tats du Sahel\",\"Burkina Faso\",\"Conf\u00e9d\u00e9ration de l\u2019Alliances des \u00c9tats du Sahel\",\"Mali\",\"Niger\"],\"articleSection\":[\"POLITIQUE\"],\"inLanguage\":\"fr-FR\",\"potentialAction\":[{\"@type\":\"CommentAction\",\"name\":\"Comment\",\"target\":[\"https:\\\/\\\/voxsahel.com\\\/?p=1143#respond\"]}]},{\"@type\":\"WebPage\",\"@id\":\"https:\\\/\\\/voxsahel.com\\\/?p=1143\",\"url\":\"https:\\\/\\\/voxsahel.com\\\/?p=1143\",\"name\":\"AES: Les Premiers ministres se concertent sur la feuille de route - Vox Sahel\",\"isPartOf\":{\"@id\":\"https:\\\/\\\/voxsahel.com\\\/#website\"},\"primaryImageOfPage\":{\"@id\":\"https:\\\/\\\/voxsahel.com\\\/?p=1143#primaryimage\"},\"image\":{\"@id\":\"https:\\\/\\\/voxsahel.com\\\/?p=1143#primaryimage\"},\"thumbnailUrl\":\"https:\\\/\\\/voxsahel.com\\\/wp-content\\\/uploads\\\/2024\\\/12\\\/IMG_7675.jpeg\",\"datePublished\":\"2024-12-31T11:38:57+00:00\",\"dateModified\":\"2024-12-31T12:04:06+00:00\",\"breadcrumb\":{\"@id\":\"https:\\\/\\\/voxsahel.com\\\/?p=1143#breadcrumb\"},\"inLanguage\":\"fr-FR\",\"potentialAction\":[{\"@type\":\"ReadAction\",\"target\":[\"https:\\\/\\\/voxsahel.com\\\/?p=1143\"]}]},{\"@type\":\"ImageObject\",\"inLanguage\":\"fr-FR\",\"@id\":\"https:\\\/\\\/voxsahel.com\\\/?p=1143#primaryimage\",\"url\":\"https:\\\/\\\/voxsahel.com\\\/wp-content\\\/uploads\\\/2024\\\/12\\\/IMG_7675.jpeg\",\"contentUrl\":\"https:\\\/\\\/voxsahel.com\\\/wp-content\\\/uploads\\\/2024\\\/12\\\/IMG_7675.jpeg\",\"width\":720,\"height\":444},{\"@type\":\"BreadcrumbList\",\"@id\":\"https:\\\/\\\/voxsahel.com\\\/?p=1143#breadcrumb\",\"itemListElement\":[{\"@type\":\"ListItem\",\"position\":1,\"name\":\"Home\",\"item\":\"https:\\\/\\\/voxsahel.com\\\/\"},{\"@type\":\"ListItem\",\"position\":2,\"name\":\"AES: Les Premiers ministres se concertent sur la feuille de route\"}]},{\"@type\":\"WebSite\",\"@id\":\"https:\\\/\\\/voxsahel.com\\\/#website\",\"url\":\"https:\\\/\\\/voxsahel.com\\\/\",\"name\":\"Vox Sahel\",\"description\":\"Informez-vous sur le Sahel en un clic\",\"publisher\":{\"@id\":\"https:\\\/\\\/voxsahel.com\\\/#organization\"},\"potentialAction\":[{\"@type\":\"SearchAction\",\"target\":{\"@type\":\"EntryPoint\",\"urlTemplate\":\"https:\\\/\\\/voxsahel.com\\\/?s={search_term_string}\"},\"query-input\":{\"@type\":\"PropertyValueSpecification\",\"valueRequired\":true,\"valueName\":\"search_term_string\"}}],\"inLanguage\":\"fr-FR\"},{\"@type\":\"Organization\",\"@id\":\"https:\\\/\\\/voxsahel.com\\\/#organization\",\"name\":\"Vox Sahel\",\"url\":\"https:\\\/\\\/voxsahel.com\\\/\",\"logo\":{\"@type\":\"ImageObject\",\"inLanguage\":\"fr-FR\",\"@id\":\"https:\\\/\\\/voxsahel.com\\\/#\\\/schema\\\/logo\\\/image\\\/\",\"url\":\"https:\\\/\\\/voxsahel.com\\\/wp-content\\\/uploads\\\/2024\\\/09\\\/Logo-Vox-Sahel.jpg\",\"contentUrl\":\"https:\\\/\\\/voxsahel.com\\\/wp-content\\\/uploads\\\/2024\\\/09\\\/Logo-Vox-Sahel.jpg\",\"width\":1181,\"height\":848,\"caption\":\"Vox Sahel\"},\"image\":{\"@id\":\"https:\\\/\\\/voxsahel.com\\\/#\\\/schema\\\/logo\\\/image\\\/\"},\"sameAs\":[\"https:\\\/\\\/www.facebook.com\\\/journal.voxsahel\"]},{\"@type\":\"Person\",\"@id\":\"https:\\\/\\\/voxsahel.com\\\/#\\\/schema\\\/person\\\/b4043608248f8fa227cd760e7ff1e19e\",\"name\":\"Vox Sahel\",\"image\":{\"@type\":\"ImageObject\",\"inLanguage\":\"fr-FR\",\"@id\":\"https:\\\/\\\/secure.gravatar.com\\\/avatar\\\/f70e7fa0cb9b29d4a7c5788d6eb2e9ab4d3135cbae1c9161810fdf77a8964699?s=96&d=mm&r=g\",\"url\":\"https:\\\/\\\/secure.gravatar.com\\\/avatar\\\/f70e7fa0cb9b29d4a7c5788d6eb2e9ab4d3135cbae1c9161810fdf77a8964699?s=96&d=mm&r=g\",\"contentUrl\":\"https:\\\/\\\/secure.gravatar.com\\\/avatar\\\/f70e7fa0cb9b29d4a7c5788d6eb2e9ab4d3135cbae1c9161810fdf77a8964699?s=96&d=mm&r=g\",\"caption\":\"Vox Sahel\"},\"sameAs\":[\"http:\\\/\\\/www.voxsahel.com\"],\"url\":\"https:\\\/\\\/voxsahel.com\\\/?author=2\"}]}<\/script>\n<!-- \/ Yoast SEO plugin. -->","yoast_head_json":{"title":"AES: Les Premiers ministres se concertent sur la feuille de route - Vox Sahel","robots":{"index":"index","follow":"follow","max-snippet":"max-snippet:-1","max-image-preview":"max-image-preview:large","max-video-preview":"max-video-preview:-1"},"canonical":"https:\/\/voxsahel.com\/?p=1143","og_locale":"fr_FR","og_type":"article","og_title":"AES: Les Premiers ministres se concertent sur la feuille de route - Vox Sahel","og_description":"Les Premiers ministres du Niger, Ali Lamine Zeine, du Mali, Abdoulaye Ma\u00efga et du Burkina,","og_url":"https:\/\/voxsahel.com\/?p=1143","og_site_name":"Vox Sahel","article_publisher":"https:\/\/www.facebook.com\/journal.voxsahel","article_published_time":"2024-12-31T11:38:57+00:00","article_modified_time":"2024-12-31T12:04:06+00:00","og_image":[{"width":720,"height":444,"url":"https:\/\/voxsahel.com\/wp-content\/uploads\/2024\/12\/IMG_7675.jpeg","type":"image\/jpeg"}],"author":"Vox Sahel","twitter_card":"summary_large_image","twitter_misc":{"\u00c9crit par":"Vox Sahel","Dur\u00e9e de lecture estim\u00e9e":"3 minutes"},"schema":{"@context":"https:\/\/schema.org","@graph":[{"@type":"Article","@id":"https:\/\/voxsahel.com\/?p=1143#article","isPartOf":{"@id":"https:\/\/voxsahel.com\/?p=1143"},"author":{"name":"Vox Sahel","@id":"https:\/\/voxsahel.com\/#\/schema\/person\/b4043608248f8fa227cd760e7ff1e19e"},"headline":"AES: Les Premiers ministres se concertent sur la feuille de route","datePublished":"2024-12-31T11:38:57+00:00","dateModified":"2024-12-31T12:04:06+00:00","mainEntityOfPage":{"@id":"https:\/\/voxsahel.com\/?p=1143"},"wordCount":529,"commentCount":0,"publisher":{"@id":"https:\/\/voxsahel.com\/#organization"},"image":{"@id":"https:\/\/voxsahel.com\/?p=1143#primaryimage"},"thumbnailUrl":"https:\/\/voxsahel.com\/wp-content\/uploads\/2024\/12\/IMG_7675.jpeg","keywords":["AES","Alliance des \u00c9tats du Sahel","Burkina Faso","Conf\u00e9d\u00e9ration de l\u2019Alliances des \u00c9tats du Sahel","Mali","Niger"],"articleSection":["POLITIQUE"],"inLanguage":"fr-FR","potentialAction":[{"@type":"CommentAction","name":"Comment","target":["https:\/\/voxsahel.com\/?p=1143#respond"]}]},{"@type":"WebPage","@id":"https:\/\/voxsahel.com\/?p=1143","url":"https:\/\/voxsahel.com\/?p=1143","name":"AES: Les Premiers ministres se concertent sur la feuille de route - Vox Sahel","isPartOf":{"@id":"https:\/\/voxsahel.com\/#website"},"primaryImageOfPage":{"@id":"https:\/\/voxsahel.com\/?p=1143#primaryimage"},"image":{"@id":"https:\/\/voxsahel.com\/?p=1143#primaryimage"},"thumbnailUrl":"https:\/\/voxsahel.com\/wp-content\/uploads\/2024\/12\/IMG_7675.jpeg","datePublished":"2024-12-31T11:38:57+00:00","dateModified":"2024-12-31T12:04:06+00:00","breadcrumb":{"@id":"https:\/\/voxsahel.com\/?p=1143#breadcrumb"},"inLanguage":"fr-FR","potentialAction":[{"@type":"ReadAction","target":["https:\/\/voxsahel.com\/?p=1143"]}]},{"@type":"ImageObject","inLanguage":"fr-FR","@id":"https:\/\/voxsahel.com\/?p=1143#primaryimage","url":"https:\/\/voxsahel.com\/wp-content\/uploads\/2024\/12\/IMG_7675.jpeg","contentUrl":"https:\/\/voxsahel.com\/wp-content\/uploads\/2024\/12\/IMG_7675.jpeg","width":720,"height":444},{"@type":"BreadcrumbList","@id":"https:\/\/voxsahel.com\/?p=1143#breadcrumb","itemListElement":[{"@type":"ListItem","position":1,"name":"Home","item":"https:\/\/voxsahel.com\/"},{"@type":"ListItem","position":2,"name":"AES: Les Premiers ministres se concertent sur la feuille de route"}]},{"@type":"WebSite","@id":"https:\/\/voxsahel.com\/#website","url":"https:\/\/voxsahel.com\/","name":"Vox Sahel","description":"Informez-vous sur le Sahel en un clic","publisher":{"@id":"https:\/\/voxsahel.com\/#organization"},"potentialAction":[{"@type":"SearchAction","target":{"@type":"EntryPoint","urlTemplate":"https:\/\/voxsahel.com\/?s={search_term_string}"},"query-input":{"@type":"PropertyValueSpecification","valueRequired":true,"valueName":"search_term_string"}}],"inLanguage":"fr-FR"},{"@type":"Organization","@id":"https:\/\/voxsahel.com\/#organization","name":"Vox Sahel","url":"https:\/\/voxsahel.com\/","logo":{"@type":"ImageObject","inLanguage":"fr-FR","@id":"https:\/\/voxsahel.com\/#\/schema\/logo\/image\/","url":"https:\/\/voxsahel.com\/wp-content\/uploads\/2024\/09\/Logo-Vox-Sahel.jpg","contentUrl":"https:\/\/voxsahel.com\/wp-content\/uploads\/2024\/09\/Logo-Vox-Sahel.jpg","width":1181,"height":848,"caption":"Vox Sahel"},"image":{"@id":"https:\/\/voxsahel.com\/#\/schema\/logo\/image\/"},"sameAs":["https:\/\/www.facebook.com\/journal.voxsahel"]},{"@type":"Person","@id":"https:\/\/voxsahel.com\/#\/schema\/person\/b4043608248f8fa227cd760e7ff1e19e","name":"Vox Sahel","image":{"@type":"ImageObject","inLanguage":"fr-FR","@id":"https:\/\/secure.gravatar.com\/avatar\/f70e7fa0cb9b29d4a7c5788d6eb2e9ab4d3135cbae1c9161810fdf77a8964699?s=96&d=mm&r=g","url":"https:\/\/secure.gravatar.com\/avatar\/f70e7fa0cb9b29d4a7c5788d6eb2e9ab4d3135cbae1c9161810fdf77a8964699?s=96&d=mm&r=g","contentUrl":"https:\/\/secure.gravatar.com\/avatar\/f70e7fa0cb9b29d4a7c5788d6eb2e9ab4d3135cbae1c9161810fdf77a8964699?s=96&d=mm&r=g","caption":"Vox Sahel"},"sameAs":["http:\/\/www.voxsahel.com"],"url":"https:\/\/voxsahel.com\/?author=2"}]}},"_links":{"self":[{"href":"https:\/\/voxsahel.com\/index.php?rest_route=\/wp\/v2\/posts\/1143","targetHints":{"allow":["GET"]}}],"collection":[{"href":"https:\/\/voxsahel.com\/index.php?rest_route=\/wp\/v2\/posts"}],"about":[{"href":"https:\/\/voxsahel.com\/index.php?rest_route=\/wp\/v2\/types\/post"}],"author":[{"embeddable":true,"href":"https:\/\/voxsahel.com\/index.php?rest_route=\/wp\/v2\/users\/2"}],"replies":[{"embeddable":true,"href":"https:\/\/voxsahel.com\/index.php?rest_route=%2Fwp%2Fv2%2Fcomments&post=1143"}],"version-history":[{"count":2,"href":"https:\/\/voxsahel.com\/index.php?rest_route=\/wp\/v2\/posts\/1143\/revisions"}],"predecessor-version":[{"id":1146,"href":"https:\/\/voxsahel.com\/index.php?rest_route=\/wp\/v2\/posts\/1143\/revisions\/1146"}],"wp:featuredmedia":[{"embeddable":true,"href":"https:\/\/voxsahel.com\/index.php?rest_route=\/wp\/v2\/media\/1144"}],"wp:attachment":[{"href":"https:\/\/voxsahel.com\/index.php?rest_route=%2Fwp%2Fv2%2Fmedia&parent=1143"}],"wp:term":[{"taxonomy":"category","embeddable":true,"href":"https:\/\/voxsahel.com\/index.php?rest_route=%2Fwp%2Fv2%2Fcategories&post=1143"},{"taxonomy":"post_tag","embeddable":true,"href":"https:\/\/voxsahel.com\/index.php?rest_route=%2Fwp%2Fv2%2Ftags&post=1143"}],"curies":[{"name":"wp","href":"https:\/\/api.w.org\/{rel}","templated":true}]}}