{"id":1140,"date":"2024-12-31T09:50:25","date_gmt":"2024-12-31T09:50:25","guid":{"rendered":"https:\/\/voxsahel.com\/?p=1140"},"modified":"2024-12-31T09:50:25","modified_gmt":"2024-12-31T09:50:25","slug":"edito-declaration-de-politique-generale-du-premier-ministre-ouedraogo-apres-les-discours-place-aux-actes","status":"publish","type":"post","link":"https:\/\/voxsahel.com\/?p=1140","title":{"rendered":"\u00a0Edito\/D\u00e9claration de Politique G\u00e9n\u00e9rale du Premier Ministre Ou\u00e9draogo: Apr\u00e8s les discours, place aux actes"},"content":{"rendered":"<p>La r\u00e9cente d\u00e9claration de politique g\u00e9n\u00e9rale du Premier ministre Rimtalba Jean Emmanuel Ou\u00e9draogo a \u00e9t\u00e9 salu\u00e9e par les Burkinab\u00e8 comme un engagement ferme et ambitieux pour la relance du pays face aux nombreux d\u00e9fis qui l&rsquo;assaillent. Le Premier ministre a abord\u00e9 des questions cruciales, telles que la lutte contre le terrorisme, la r\u00e9conciliation nationale, la souverainet\u00e9 alimentaire, et la gouvernance. Ces promesses sont certes importantes, mais ce sont les actions concr\u00e8tes sur le terrain qui d\u00e9termineront leur succ\u00e8s et la confiance du peuple. La lutte contre le terrorisme et la restauration de l\u2019int\u00e9grit\u00e9 territoriale est sans aucun doute la priorit\u00e9 absolue.<\/p>\n<p>Le gouvernement a soulign\u00e9 l&rsquo;importance de renforcer l&rsquo;industrie de la d\u00e9fense pour assurer l&rsquo;autonomisation du pays en mati\u00e8re de logistique et d&rsquo;\u00e9quipements militaires. Toutefois, ce n&rsquo;est pas seulement l\u2019acquisition d&rsquo;armements qui fera la diff\u00e9rence, mais bien l&rsquo;efficacit\u00e9 des op\u00e9rations sur le terrain et la rapidit\u00e9 avec laquelle le pays pourra reconqu\u00e9rir ses territoires occup\u00e9s.<\/p>\n<p>Le peuple burkinab\u00e8 attend des r\u00e9sultats tangibles et imm\u00e9diats dans la lutte contre les groupes terroristes qui, depuis plusieurs ann\u00e9es, d\u00e9stabilisent la nation. En mati\u00e8re de r\u00e9ponse \u00e0 la crise humanitaire, le soutien au retour des personnes d\u00e9plac\u00e9es internes (PDI) est une d\u00e9marche louable. Cependant, la v\u00e9ritable r\u00e9ussite r\u00e9sidera dans la mise en place effective de conditions propices \u00e0 la r\u00e9installation, telles que des logements s\u00fbrs et l&rsquo;acc\u00e8s aux services essentiels.<\/p>\n<p>L\u2019accompagnement des populations dans la reconstruction de leurs vies doit \u00eatre rapide, cibl\u00e9 et durable. Le renforcement de la souverainet\u00e9 alimentaire est \u00e9galement un axe central. Le Premier ministre a annonc\u00e9 des mesures pour soutenir les secteurs agricoles et halieutiques, et pour am\u00e9liorer les infrastructures li\u00e9es \u00e0 l\u2019agriculture.<\/p>\n<p>Dans un pays o\u00f9 la majorit\u00e9 de la population d\u00e9pend de l&rsquo;agriculture, il est imp\u00e9ratif que ces initiatives se traduisent par des gains concrets sur le terrain, notamment en mati\u00e8re de s\u00e9curit\u00e9 alimentaire et de relance des productions locales. Le combat contre la corruption et la promotion de la bonne gouvernance sont des engagements cruciaux.<\/p>\n<p>Les promesses de tol\u00e9rance z\u00e9ro envers les pratiques frauduleuses et de lutte contre le financement du terrorisme sont essentielles. Toutefois, la cr\u00e9dibilit\u00e9 de ces engagements d\u00e9pendra de la mise en \u0153uvre des m\u00e9canismes de contr\u00f4le et de sanction, ainsi que de l\u2019implication effective de la soci\u00e9t\u00e9 civile dans la surveillance des actions gouvernementales.<\/p>\n<p>Enfin, la r\u00e9conciliation nationale et la coh\u00e9sion sociale demeurent des priorit\u00e9s. Le Premier ministre a soulign\u00e9 la n\u00e9cessit\u00e9 d&rsquo;unir les Burkinab\u00e8 au-del\u00e0 des divisions. Pour cela, des concertations inclusives et un v\u00e9ritable dialogue national sont n\u00e9cessaires. Mais plus important encore, la paix ne se construira pas seulement par des paroles, mais par des actes concrets de justice et de r\u00e9paration pour les victimes des violences et des divisions internes.<\/p>\n<p>La diplomatie burkinab\u00e8, visant \u00e0 diversifier les partenariats tout en pr\u00e9servant la souverainet\u00e9 nationale, est un autre point essentiel. Les Burkinab\u00e8 attendent des actions concr\u00e8tes pour que le pays puisse r\u00e9ellement profiter d\u2019une politique ext\u00e9rieure qui renforce ses relations avec des partenaires respectueux et qui soutiennent la stabilit\u00e9 et la prosp\u00e9rit\u00e9 de la r\u00e9gion.<\/p>\n<p>En conclusion, bien que les promesses \u00e9nonc\u00e9es par le Premier ministre soient des pas dans la bonne direction, les Burkinab\u00e8 attendent maintenant des r\u00e9sultats tangibles. La priorit\u00e9 reste la r\u00e9cup\u00e9ration totale du territoire national, qui est la condition sine qua non pour permettre \u00e0 toutes les autres initiatives de se d\u00e9ployer dans un environnement pacifi\u00e9. Les actions concr\u00e8tes sur le terrain, et non seulement les discours, seront la v\u00e9ritable mesure du succ\u00e8s de ce gouvernement.<\/p>\n<p style=\"text-align: right;\"><strong>Par La R\u00e9daction<\/strong><\/p>\n","protected":false},"excerpt":{"rendered":"<p>La r\u00e9cente d\u00e9claration de politique g\u00e9n\u00e9rale du Premier ministre Rimtalba Jean Emmanuel Ou\u00e9draogo a \u00e9t\u00e9<\/p>\n","protected":false},"author":2,"featured_media":1141,"comment_status":"open","ping_status":"open","sticky":false,"template":"","format":"standard","meta":{"_et_pb_use_builder":"","_et_pb_old_content":"","_et_gb_content_width":"","footnotes":""},"categories":[6],"tags":[18,174,445,75,491],"class_list":["post-1140","post","type-post","status-publish","format-standard","has-post-thumbnail","hentry","category-politique","tag-burkina-faso","tag-capitaine-ibrahim-traore","tag-edito","tag-politique","tag-rimtalba-jean-emmanuel-ouedraogo"],"yoast_head":"<!-- This site is optimized with the Yoast SEO plugin v27.5 - https:\/\/yoast.com\/product\/yoast-seo-wordpress\/ -->\n<title>\u00a0Edito\/D\u00e9claration de Politique G\u00e9n\u00e9rale du Premier Ministre Ou\u00e9draogo: Apr\u00e8s les discours, place aux actes - Vox Sahel<\/title>\n<meta name=\"robots\" content=\"index, follow, max-snippet:-1, max-image-preview:large, max-video-preview:-1\" \/>\n<link rel=\"canonical\" href=\"https:\/\/voxsahel.com\/?p=1140\" \/>\n<meta property=\"og:locale\" content=\"fr_FR\" \/>\n<meta property=\"og:type\" content=\"article\" \/>\n<meta property=\"og:title\" content=\"\u00a0Edito\/D\u00e9claration de Politique G\u00e9n\u00e9rale du Premier Ministre Ou\u00e9draogo: Apr\u00e8s les discours, place aux actes - Vox Sahel\" \/>\n<meta property=\"og:description\" content=\"La r\u00e9cente d\u00e9claration de politique g\u00e9n\u00e9rale du Premier ministre Rimtalba Jean Emmanuel Ou\u00e9draogo a \u00e9t\u00e9\" \/>\n<meta property=\"og:url\" content=\"https:\/\/voxsahel.com\/?p=1140\" \/>\n<meta property=\"og:site_name\" content=\"Vox Sahel\" \/>\n<meta property=\"article:publisher\" content=\"https:\/\/www.facebook.com\/journal.voxsahel\" \/>\n<meta property=\"article:published_time\" content=\"2024-12-31T09:50:25+00:00\" \/>\n<meta property=\"og:image\" content=\"https:\/\/voxsahel.com\/wp-content\/uploads\/2024\/12\/WhatsApp-Image-2024-12-31-at-00.34.38.jpeg\" \/>\n\t<meta property=\"og:image:width\" content=\"1080\" \/>\n\t<meta property=\"og:image:height\" content=\"1080\" \/>\n\t<meta property=\"og:image:type\" content=\"image\/jpeg\" \/>\n<meta name=\"author\" content=\"Vox Sahel\" \/>\n<meta name=\"twitter:card\" content=\"summary_large_image\" \/>\n<meta name=\"twitter:label1\" content=\"\u00c9crit par\" \/>\n\t<meta name=\"twitter:data1\" content=\"Vox Sahel\" \/>\n\t<meta name=\"twitter:label2\" content=\"Dur\u00e9e de lecture estim\u00e9e\" \/>\n\t<meta name=\"twitter:data2\" content=\"4 minutes\" \/>\n<script type=\"application\/ld+json\" class=\"yoast-schema-graph\">{\"@context\":\"https:\\\/\\\/schema.org\",\"@graph\":[{\"@type\":\"Article\",\"@id\":\"https:\\\/\\\/voxsahel.com\\\/?p=1140#article\",\"isPartOf\":{\"@id\":\"https:\\\/\\\/voxsahel.com\\\/?p=1140\"},\"author\":{\"name\":\"Vox Sahel\",\"@id\":\"https:\\\/\\\/voxsahel.com\\\/#\\\/schema\\\/person\\\/b4043608248f8fa227cd760e7ff1e19e\"},\"headline\":\"\u00a0Edito\\\/D\u00e9claration de Politique G\u00e9n\u00e9rale du Premier Ministre Ou\u00e9draogo: Apr\u00e8s les discours, place aux actes\",\"datePublished\":\"2024-12-31T09:50:25+00:00\",\"mainEntityOfPage\":{\"@id\":\"https:\\\/\\\/voxsahel.com\\\/?p=1140\"},\"wordCount\":683,\"commentCount\":0,\"publisher\":{\"@id\":\"https:\\\/\\\/voxsahel.com\\\/#organization\"},\"image\":{\"@id\":\"https:\\\/\\\/voxsahel.com\\\/?p=1140#primaryimage\"},\"thumbnailUrl\":\"https:\\\/\\\/voxsahel.com\\\/wp-content\\\/uploads\\\/2024\\\/12\\\/WhatsApp-Image-2024-12-31-at-00.34.38.jpeg\",\"keywords\":[\"Burkina Faso\",\"Capitaine Ibrahim Traor\u00e9\",\"\u00c9dito\",\"Politique\",\"Rimtalba Jean Emmanuel Ou\u00e9draogo\"],\"articleSection\":[\"POLITIQUE\"],\"inLanguage\":\"fr-FR\",\"potentialAction\":[{\"@type\":\"CommentAction\",\"name\":\"Comment\",\"target\":[\"https:\\\/\\\/voxsahel.com\\\/?p=1140#respond\"]}]},{\"@type\":\"WebPage\",\"@id\":\"https:\\\/\\\/voxsahel.com\\\/?p=1140\",\"url\":\"https:\\\/\\\/voxsahel.com\\\/?p=1140\",\"name\":\"\u00a0Edito\\\/D\u00e9claration de Politique G\u00e9n\u00e9rale du Premier Ministre Ou\u00e9draogo: Apr\u00e8s les discours, place aux actes - Vox Sahel\",\"isPartOf\":{\"@id\":\"https:\\\/\\\/voxsahel.com\\\/#website\"},\"primaryImageOfPage\":{\"@id\":\"https:\\\/\\\/voxsahel.com\\\/?p=1140#primaryimage\"},\"image\":{\"@id\":\"https:\\\/\\\/voxsahel.com\\\/?p=1140#primaryimage\"},\"thumbnailUrl\":\"https:\\\/\\\/voxsahel.com\\\/wp-content\\\/uploads\\\/2024\\\/12\\\/WhatsApp-Image-2024-12-31-at-00.34.38.jpeg\",\"datePublished\":\"2024-12-31T09:50:25+00:00\",\"breadcrumb\":{\"@id\":\"https:\\\/\\\/voxsahel.com\\\/?p=1140#breadcrumb\"},\"inLanguage\":\"fr-FR\",\"potentialAction\":[{\"@type\":\"ReadAction\",\"target\":[\"https:\\\/\\\/voxsahel.com\\\/?p=1140\"]}]},{\"@type\":\"ImageObject\",\"inLanguage\":\"fr-FR\",\"@id\":\"https:\\\/\\\/voxsahel.com\\\/?p=1140#primaryimage\",\"url\":\"https:\\\/\\\/voxsahel.com\\\/wp-content\\\/uploads\\\/2024\\\/12\\\/WhatsApp-Image-2024-12-31-at-00.34.38.jpeg\",\"contentUrl\":\"https:\\\/\\\/voxsahel.com\\\/wp-content\\\/uploads\\\/2024\\\/12\\\/WhatsApp-Image-2024-12-31-at-00.34.38.jpeg\",\"width\":1080,\"height\":1080,\"caption\":\"\u00a0Edito\\\/D\u00e9claration de Politique G\u00e9n\u00e9rale du Premier Ministre Ou\u00e9draogo: Apr\u00e8s les discours, place aux actes\"},{\"@type\":\"BreadcrumbList\",\"@id\":\"https:\\\/\\\/voxsahel.com\\\/?p=1140#breadcrumb\",\"itemListElement\":[{\"@type\":\"ListItem\",\"position\":1,\"name\":\"Home\",\"item\":\"https:\\\/\\\/voxsahel.com\\\/\"},{\"@type\":\"ListItem\",\"position\":2,\"name\":\"\u00a0Edito\\\/D\u00e9claration de Politique G\u00e9n\u00e9rale du Premier Ministre Ou\u00e9draogo: Apr\u00e8s les discours, place aux actes\"}]},{\"@type\":\"WebSite\",\"@id\":\"https:\\\/\\\/voxsahel.com\\\/#website\",\"url\":\"https:\\\/\\\/voxsahel.com\\\/\",\"name\":\"Vox Sahel\",\"description\":\"Informez-vous sur le Sahel en un clic\",\"publisher\":{\"@id\":\"https:\\\/\\\/voxsahel.com\\\/#organization\"},\"potentialAction\":[{\"@type\":\"SearchAction\",\"target\":{\"@type\":\"EntryPoint\",\"urlTemplate\":\"https:\\\/\\\/voxsahel.com\\\/?s={search_term_string}\"},\"query-input\":{\"@type\":\"PropertyValueSpecification\",\"valueRequired\":true,\"valueName\":\"search_term_string\"}}],\"inLanguage\":\"fr-FR\"},{\"@type\":\"Organization\",\"@id\":\"https:\\\/\\\/voxsahel.com\\\/#organization\",\"name\":\"Vox Sahel\",\"url\":\"https:\\\/\\\/voxsahel.com\\\/\",\"logo\":{\"@type\":\"ImageObject\",\"inLanguage\":\"fr-FR\",\"@id\":\"https:\\\/\\\/voxsahel.com\\\/#\\\/schema\\\/logo\\\/image\\\/\",\"url\":\"https:\\\/\\\/voxsahel.com\\\/wp-content\\\/uploads\\\/2024\\\/09\\\/Logo-Vox-Sahel.jpg\",\"contentUrl\":\"https:\\\/\\\/voxsahel.com\\\/wp-content\\\/uploads\\\/2024\\\/09\\\/Logo-Vox-Sahel.jpg\",\"width\":1181,\"height\":848,\"caption\":\"Vox Sahel\"},\"image\":{\"@id\":\"https:\\\/\\\/voxsahel.com\\\/#\\\/schema\\\/logo\\\/image\\\/\"},\"sameAs\":[\"https:\\\/\\\/www.facebook.com\\\/journal.voxsahel\"]},{\"@type\":\"Person\",\"@id\":\"https:\\\/\\\/voxsahel.com\\\/#\\\/schema\\\/person\\\/b4043608248f8fa227cd760e7ff1e19e\",\"name\":\"Vox Sahel\",\"image\":{\"@type\":\"ImageObject\",\"inLanguage\":\"fr-FR\",\"@id\":\"https:\\\/\\\/secure.gravatar.com\\\/avatar\\\/f70e7fa0cb9b29d4a7c5788d6eb2e9ab4d3135cbae1c9161810fdf77a8964699?s=96&d=mm&r=g\",\"url\":\"https:\\\/\\\/secure.gravatar.com\\\/avatar\\\/f70e7fa0cb9b29d4a7c5788d6eb2e9ab4d3135cbae1c9161810fdf77a8964699?s=96&d=mm&r=g\",\"contentUrl\":\"https:\\\/\\\/secure.gravatar.com\\\/avatar\\\/f70e7fa0cb9b29d4a7c5788d6eb2e9ab4d3135cbae1c9161810fdf77a8964699?s=96&d=mm&r=g\",\"caption\":\"Vox Sahel\"},\"sameAs\":[\"http:\\\/\\\/www.voxsahel.com\"],\"url\":\"https:\\\/\\\/voxsahel.com\\\/?author=2\"}]}<\/script>\n<!-- \/ Yoast SEO plugin. -->","yoast_head_json":{"title":"\u00a0Edito\/D\u00e9claration de Politique G\u00e9n\u00e9rale du Premier Ministre Ou\u00e9draogo: Apr\u00e8s les discours, place aux actes - Vox Sahel","robots":{"index":"index","follow":"follow","max-snippet":"max-snippet:-1","max-image-preview":"max-image-preview:large","max-video-preview":"max-video-preview:-1"},"canonical":"https:\/\/voxsahel.com\/?p=1140","og_locale":"fr_FR","og_type":"article","og_title":"\u00a0Edito\/D\u00e9claration de Politique G\u00e9n\u00e9rale du Premier Ministre Ou\u00e9draogo: Apr\u00e8s les discours, place aux actes - Vox Sahel","og_description":"La r\u00e9cente d\u00e9claration de politique g\u00e9n\u00e9rale du Premier ministre Rimtalba Jean Emmanuel Ou\u00e9draogo a \u00e9t\u00e9","og_url":"https:\/\/voxsahel.com\/?p=1140","og_site_name":"Vox Sahel","article_publisher":"https:\/\/www.facebook.com\/journal.voxsahel","article_published_time":"2024-12-31T09:50:25+00:00","og_image":[{"width":1080,"height":1080,"url":"https:\/\/voxsahel.com\/wp-content\/uploads\/2024\/12\/WhatsApp-Image-2024-12-31-at-00.34.38.jpeg","type":"image\/jpeg"}],"author":"Vox Sahel","twitter_card":"summary_large_image","twitter_misc":{"\u00c9crit par":"Vox Sahel","Dur\u00e9e de lecture estim\u00e9e":"4 minutes"},"schema":{"@context":"https:\/\/schema.org","@graph":[{"@type":"Article","@id":"https:\/\/voxsahel.com\/?p=1140#article","isPartOf":{"@id":"https:\/\/voxsahel.com\/?p=1140"},"author":{"name":"Vox Sahel","@id":"https:\/\/voxsahel.com\/#\/schema\/person\/b4043608248f8fa227cd760e7ff1e19e"},"headline":"\u00a0Edito\/D\u00e9claration de Politique G\u00e9n\u00e9rale du Premier Ministre Ou\u00e9draogo: Apr\u00e8s les discours, place aux actes","datePublished":"2024-12-31T09:50:25+00:00","mainEntityOfPage":{"@id":"https:\/\/voxsahel.com\/?p=1140"},"wordCount":683,"commentCount":0,"publisher":{"@id":"https:\/\/voxsahel.com\/#organization"},"image":{"@id":"https:\/\/voxsahel.com\/?p=1140#primaryimage"},"thumbnailUrl":"https:\/\/voxsahel.com\/wp-content\/uploads\/2024\/12\/WhatsApp-Image-2024-12-31-at-00.34.38.jpeg","keywords":["Burkina Faso","Capitaine Ibrahim Traor\u00e9","\u00c9dito","Politique","Rimtalba Jean Emmanuel Ou\u00e9draogo"],"articleSection":["POLITIQUE"],"inLanguage":"fr-FR","potentialAction":[{"@type":"CommentAction","name":"Comment","target":["https:\/\/voxsahel.com\/?p=1140#respond"]}]},{"@type":"WebPage","@id":"https:\/\/voxsahel.com\/?p=1140","url":"https:\/\/voxsahel.com\/?p=1140","name":"\u00a0Edito\/D\u00e9claration de Politique G\u00e9n\u00e9rale du Premier Ministre Ou\u00e9draogo: Apr\u00e8s les discours, place aux actes - Vox Sahel","isPartOf":{"@id":"https:\/\/voxsahel.com\/#website"},"primaryImageOfPage":{"@id":"https:\/\/voxsahel.com\/?p=1140#primaryimage"},"image":{"@id":"https:\/\/voxsahel.com\/?p=1140#primaryimage"},"thumbnailUrl":"https:\/\/voxsahel.com\/wp-content\/uploads\/2024\/12\/WhatsApp-Image-2024-12-31-at-00.34.38.jpeg","datePublished":"2024-12-31T09:50:25+00:00","breadcrumb":{"@id":"https:\/\/voxsahel.com\/?p=1140#breadcrumb"},"inLanguage":"fr-FR","potentialAction":[{"@type":"ReadAction","target":["https:\/\/voxsahel.com\/?p=1140"]}]},{"@type":"ImageObject","inLanguage":"fr-FR","@id":"https:\/\/voxsahel.com\/?p=1140#primaryimage","url":"https:\/\/voxsahel.com\/wp-content\/uploads\/2024\/12\/WhatsApp-Image-2024-12-31-at-00.34.38.jpeg","contentUrl":"https:\/\/voxsahel.com\/wp-content\/uploads\/2024\/12\/WhatsApp-Image-2024-12-31-at-00.34.38.jpeg","width":1080,"height":1080,"caption":"\u00a0Edito\/D\u00e9claration de Politique G\u00e9n\u00e9rale du Premier Ministre Ou\u00e9draogo: Apr\u00e8s les discours, place aux actes"},{"@type":"BreadcrumbList","@id":"https:\/\/voxsahel.com\/?p=1140#breadcrumb","itemListElement":[{"@type":"ListItem","position":1,"name":"Home","item":"https:\/\/voxsahel.com\/"},{"@type":"ListItem","position":2,"name":"\u00a0Edito\/D\u00e9claration de Politique G\u00e9n\u00e9rale du Premier Ministre Ou\u00e9draogo: Apr\u00e8s les discours, place aux actes"}]},{"@type":"WebSite","@id":"https:\/\/voxsahel.com\/#website","url":"https:\/\/voxsahel.com\/","name":"Vox Sahel","description":"Informez-vous sur le Sahel en un clic","publisher":{"@id":"https:\/\/voxsahel.com\/#organization"},"potentialAction":[{"@type":"SearchAction","target":{"@type":"EntryPoint","urlTemplate":"https:\/\/voxsahel.com\/?s={search_term_string}"},"query-input":{"@type":"PropertyValueSpecification","valueRequired":true,"valueName":"search_term_string"}}],"inLanguage":"fr-FR"},{"@type":"Organization","@id":"https:\/\/voxsahel.com\/#organization","name":"Vox Sahel","url":"https:\/\/voxsahel.com\/","logo":{"@type":"ImageObject","inLanguage":"fr-FR","@id":"https:\/\/voxsahel.com\/#\/schema\/logo\/image\/","url":"https:\/\/voxsahel.com\/wp-content\/uploads\/2024\/09\/Logo-Vox-Sahel.jpg","contentUrl":"https:\/\/voxsahel.com\/wp-content\/uploads\/2024\/09\/Logo-Vox-Sahel.jpg","width":1181,"height":848,"caption":"Vox Sahel"},"image":{"@id":"https:\/\/voxsahel.com\/#\/schema\/logo\/image\/"},"sameAs":["https:\/\/www.facebook.com\/journal.voxsahel"]},{"@type":"Person","@id":"https:\/\/voxsahel.com\/#\/schema\/person\/b4043608248f8fa227cd760e7ff1e19e","name":"Vox Sahel","image":{"@type":"ImageObject","inLanguage":"fr-FR","@id":"https:\/\/secure.gravatar.com\/avatar\/f70e7fa0cb9b29d4a7c5788d6eb2e9ab4d3135cbae1c9161810fdf77a8964699?s=96&d=mm&r=g","url":"https:\/\/secure.gravatar.com\/avatar\/f70e7fa0cb9b29d4a7c5788d6eb2e9ab4d3135cbae1c9161810fdf77a8964699?s=96&d=mm&r=g","contentUrl":"https:\/\/secure.gravatar.com\/avatar\/f70e7fa0cb9b29d4a7c5788d6eb2e9ab4d3135cbae1c9161810fdf77a8964699?s=96&d=mm&r=g","caption":"Vox Sahel"},"sameAs":["http:\/\/www.voxsahel.com"],"url":"https:\/\/voxsahel.com\/?author=2"}]}},"_links":{"self":[{"href":"https:\/\/voxsahel.com\/index.php?rest_route=\/wp\/v2\/posts\/1140","targetHints":{"allow":["GET"]}}],"collection":[{"href":"https:\/\/voxsahel.com\/index.php?rest_route=\/wp\/v2\/posts"}],"about":[{"href":"https:\/\/voxsahel.com\/index.php?rest_route=\/wp\/v2\/types\/post"}],"author":[{"embeddable":true,"href":"https:\/\/voxsahel.com\/index.php?rest_route=\/wp\/v2\/users\/2"}],"replies":[{"embeddable":true,"href":"https:\/\/voxsahel.com\/index.php?rest_route=%2Fwp%2Fv2%2Fcomments&post=1140"}],"version-history":[{"count":1,"href":"https:\/\/voxsahel.com\/index.php?rest_route=\/wp\/v2\/posts\/1140\/revisions"}],"predecessor-version":[{"id":1142,"href":"https:\/\/voxsahel.com\/index.php?rest_route=\/wp\/v2\/posts\/1140\/revisions\/1142"}],"wp:featuredmedia":[{"embeddable":true,"href":"https:\/\/voxsahel.com\/index.php?rest_route=\/wp\/v2\/media\/1141"}],"wp:attachment":[{"href":"https:\/\/voxsahel.com\/index.php?rest_route=%2Fwp%2Fv2%2Fmedia&parent=1140"}],"wp:term":[{"taxonomy":"category","embeddable":true,"href":"https:\/\/voxsahel.com\/index.php?rest_route=%2Fwp%2Fv2%2Fcategories&post=1140"},{"taxonomy":"post_tag","embeddable":true,"href":"https:\/\/voxsahel.com\/index.php?rest_route=%2Fwp%2Fv2%2Ftags&post=1140"}],"curies":[{"name":"wp","href":"https:\/\/api.w.org\/{rel}","templated":true}]}}