{"id":1135,"date":"2024-12-30T12:29:13","date_gmt":"2024-12-30T12:29:13","guid":{"rendered":"https:\/\/voxsahel.com\/?p=1135"},"modified":"2024-12-30T13:13:06","modified_gmt":"2024-12-30T13:13:06","slug":"mobilisation-des-recettes-au-burkina-la-douane-annonce-une-performance-de-1046-milliards-fcfa-au-29-decembre-2024","status":"publish","type":"post","link":"https:\/\/voxsahel.com\/?p=1135","title":{"rendered":"Mobilisation des recettes au Burkina : La douane annonce une performance de 1046 milliards FCFA au 29 d\u00e9cembre 2024"},"content":{"rendered":"<p class=\"p1\"><span class=\"s2\">La Direction G\u00e9n\u00e9rale des Douanes (DGD) a tenu ce lundi sa traditionnelle c\u00e9r\u00e9monie de mont\u00e9e des couleurs nationales. Cette solennit\u00e9, marquant la fin d&rsquo;une ann\u00e9e de labeur, s&rsquo;est d\u00e9roul\u00e9e en pr\u00e9sence du Directeur g\u00e9n\u00e9ral des douanes, l&rsquo;Inspecteur divisionnaire Adama Ilboudo, des membres du Conseil de direction, des chefs de services et d&rsquo;offices des douanes, ainsi que du personnel civil.<\/span><\/p>\n<p class=\"p1\"><span class=\"s2\">Dans son allocution, M. Adama Ilboudo a salu\u00e9 les efforts inlassables de l&rsquo;ensemble du personnel dans la mobilisation des recettes au profit du budget de l&rsquo;\u00c9tat. \u00c0 deux jours de la fin de l&rsquo;ann\u00e9e, les douanes burkinab\u00e8 ont engrang\u00e9 1046 milliards de francs CFA, un exploit historique qui refl\u00e8te leur engagement et leur professionnalisme.<\/span><\/p>\n<blockquote>\n<p class=\"p1\"><span class=\"s2\">\u00ab Ces r\u00e9sultats sont le fruit d&rsquo;un travail acharn\u00e9, de la vigilance et du sens du devoir de chaque agent douanier. Ils traduisent notre d\u00e9termination \u00e0 contribuer au d\u00e9veloppement de notre pays, malgr\u00e9 un contexte s\u00e9curitaire et \u00e9conomique difficile \u00bb, a d\u00e9clar\u00e9 le Directeur g\u00e9n\u00e9ral.<\/span><\/p>\n<\/blockquote>\n<p class=\"p1\"><span class=\"s2\">Alors que le Burkina Faso continue de faire face aux d\u00e9fis li\u00e9s \u00e0 la s\u00e9curit\u00e9 et \u00e0 la reconqu\u00eate de son int\u00e9grit\u00e9 territoriale, M. Ilboudo a exhort\u00e9 le personnel des douanes \u00e0 poursuivre sur cette lanc\u00e9e. Il a soulign\u00e9 l&rsquo;importance de leur r\u00f4le dans le financement des actions de l&rsquo;\u00c9tat, notamment dans la lutte contre le terrorisme.<\/span><\/p>\n<blockquote>\n<p class=\"p1\"><span class=\"s2\">\u00ab En 2025, nous devons aller encore plus loin. Notre mission ne se limite pas \u00e0 la collecte des recettes, elle inclut \u00e9galement un soutien actif aux autorit\u00e9s dans leurs efforts quotidiens pour prot\u00e9ger notre territoire et nos concitoyens. \u00bb<\/span><\/p>\n<\/blockquote>\n<p class=\"p1\"><span class=\"s2\">La c\u00e9r\u00e9monie s&rsquo;est conclue sur une note de convivialit\u00e9 et d&rsquo;optimisme. Le Directeur g\u00e9n\u00e9ral des douanes a formul\u00e9 ses v\u0153ux de paix, de sant\u00e9 et de prosp\u00e9rit\u00e9 \u00e0 l&rsquo;ensemble de ses collaborateurs et \u00e0 leurs familles pour l&rsquo;ann\u00e9e 2025.<\/span><\/p>\n<p class=\"p1\"><span class=\"s2\">Avec ce bilan exceptionnel et une d\u00e9termination renouvel\u00e9e, la Direction G\u00e9n\u00e9rale des Douanes se positionne comme un acteur cl\u00e9 dans la r\u00e9alisation des ambitions \u00e9conomiques et s\u00e9curitaires du Burkina Faso.<\/span><\/p>\n<p style=\"text-align: right;\"><strong>Par Vox Sahel<\/strong><\/p>\n","protected":false},"excerpt":{"rendered":"<p>La Direction G\u00e9n\u00e9rale des Douanes (DGD) a tenu ce lundi sa traditionnelle c\u00e9r\u00e9monie de mont\u00e9e<\/p>\n","protected":false},"author":2,"featured_media":1136,"comment_status":"open","ping_status":"open","sticky":false,"template":"","format":"standard","meta":{"_et_pb_use_builder":"","_et_pb_old_content":"","_et_gb_content_width":"","footnotes":""},"categories":[8],"tags":[18,142,146,90,91,370,310,532],"class_list":["post-1135","post","type-post","status-publish","format-standard","has-post-thumbnail","hentry","category-developpement","tag-burkina-faso","tag-douane","tag-douanes-du-burkina-faso","tag-economie","tag-finance","tag-observatoire-pour-la-celerite-des-operations-douanieres-au-burkina-faso","tag-organisation-mondiale-des-douanes","tag-recettes"],"yoast_head":"<!-- This site is optimized with the Yoast SEO plugin v27.5 - https:\/\/yoast.com\/product\/yoast-seo-wordpress\/ -->\n<title>Mobilisation des recettes au Burkina : La douane annonce une performance de 1046 milliards FCFA au 29 d\u00e9cembre 2024 - Vox Sahel<\/title>\n<meta name=\"robots\" content=\"index, follow, max-snippet:-1, max-image-preview:large, max-video-preview:-1\" \/>\n<link rel=\"canonical\" href=\"https:\/\/voxsahel.com\/?p=1135\" \/>\n<meta property=\"og:locale\" content=\"fr_FR\" \/>\n<meta property=\"og:type\" content=\"article\" \/>\n<meta property=\"og:title\" content=\"Mobilisation des recettes au Burkina : La douane annonce une performance de 1046 milliards FCFA au 29 d\u00e9cembre 2024 - Vox Sahel\" \/>\n<meta property=\"og:description\" content=\"La Direction G\u00e9n\u00e9rale des Douanes (DGD) a tenu ce lundi sa traditionnelle c\u00e9r\u00e9monie de mont\u00e9e\" \/>\n<meta property=\"og:url\" content=\"https:\/\/voxsahel.com\/?p=1135\" \/>\n<meta property=\"og:site_name\" content=\"Vox Sahel\" \/>\n<meta property=\"article:publisher\" content=\"https:\/\/www.facebook.com\/journal.voxsahel\" \/>\n<meta property=\"article:published_time\" content=\"2024-12-30T12:29:13+00:00\" \/>\n<meta property=\"article:modified_time\" content=\"2024-12-30T13:13:06+00:00\" \/>\n<meta property=\"og:image\" content=\"https:\/\/voxsahel.com\/wp-content\/uploads\/2024\/12\/IMG_7302.jpeg\" \/>\n\t<meta property=\"og:image:width\" content=\"1280\" \/>\n\t<meta property=\"og:image:height\" content=\"960\" \/>\n\t<meta property=\"og:image:type\" content=\"image\/jpeg\" \/>\n<meta name=\"author\" content=\"Vox Sahel\" \/>\n<meta name=\"twitter:card\" content=\"summary_large_image\" \/>\n<meta name=\"twitter:label1\" content=\"\u00c9crit par\" \/>\n\t<meta name=\"twitter:data1\" content=\"Vox Sahel\" \/>\n\t<meta name=\"twitter:label2\" content=\"Dur\u00e9e de lecture estim\u00e9e\" \/>\n\t<meta name=\"twitter:data2\" content=\"2 minutes\" \/>\n<script type=\"application\/ld+json\" class=\"yoast-schema-graph\">{\"@context\":\"https:\\\/\\\/schema.org\",\"@graph\":[{\"@type\":\"Article\",\"@id\":\"https:\\\/\\\/voxsahel.com\\\/?p=1135#article\",\"isPartOf\":{\"@id\":\"https:\\\/\\\/voxsahel.com\\\/?p=1135\"},\"author\":{\"name\":\"Vox Sahel\",\"@id\":\"https:\\\/\\\/voxsahel.com\\\/#\\\/schema\\\/person\\\/b4043608248f8fa227cd760e7ff1e19e\"},\"headline\":\"Mobilisation des recettes au Burkina : La douane annonce une performance de 1046 milliards FCFA au 29 d\u00e9cembre 2024\",\"datePublished\":\"2024-12-30T12:29:13+00:00\",\"dateModified\":\"2024-12-30T13:13:06+00:00\",\"mainEntityOfPage\":{\"@id\":\"https:\\\/\\\/voxsahel.com\\\/?p=1135\"},\"wordCount\":384,\"commentCount\":0,\"publisher\":{\"@id\":\"https:\\\/\\\/voxsahel.com\\\/#organization\"},\"image\":{\"@id\":\"https:\\\/\\\/voxsahel.com\\\/?p=1135#primaryimage\"},\"thumbnailUrl\":\"https:\\\/\\\/voxsahel.com\\\/wp-content\\\/uploads\\\/2024\\\/12\\\/IMG_7302.jpeg\",\"keywords\":[\"Burkina Faso\",\"Douane\",\"Douanes du Burkina Faso\",\"Economie\",\"Finance\",\"Observatoire pour la c\u00e9l\u00e9rit\u00e9 des op\u00e9rations douani\u00e8res au Burkina Faso\",\"Organisation mondiale des Douanes\",\"Recettes\"],\"articleSection\":[\"DEVELOPPEMENT\"],\"inLanguage\":\"fr-FR\",\"potentialAction\":[{\"@type\":\"CommentAction\",\"name\":\"Comment\",\"target\":[\"https:\\\/\\\/voxsahel.com\\\/?p=1135#respond\"]}]},{\"@type\":\"WebPage\",\"@id\":\"https:\\\/\\\/voxsahel.com\\\/?p=1135\",\"url\":\"https:\\\/\\\/voxsahel.com\\\/?p=1135\",\"name\":\"Mobilisation des recettes au Burkina : La douane annonce une performance de 1046 milliards FCFA au 29 d\u00e9cembre 2024 - Vox Sahel\",\"isPartOf\":{\"@id\":\"https:\\\/\\\/voxsahel.com\\\/#website\"},\"primaryImageOfPage\":{\"@id\":\"https:\\\/\\\/voxsahel.com\\\/?p=1135#primaryimage\"},\"image\":{\"@id\":\"https:\\\/\\\/voxsahel.com\\\/?p=1135#primaryimage\"},\"thumbnailUrl\":\"https:\\\/\\\/voxsahel.com\\\/wp-content\\\/uploads\\\/2024\\\/12\\\/IMG_7302.jpeg\",\"datePublished\":\"2024-12-30T12:29:13+00:00\",\"dateModified\":\"2024-12-30T13:13:06+00:00\",\"breadcrumb\":{\"@id\":\"https:\\\/\\\/voxsahel.com\\\/?p=1135#breadcrumb\"},\"inLanguage\":\"fr-FR\",\"potentialAction\":[{\"@type\":\"ReadAction\",\"target\":[\"https:\\\/\\\/voxsahel.com\\\/?p=1135\"]}]},{\"@type\":\"ImageObject\",\"inLanguage\":\"fr-FR\",\"@id\":\"https:\\\/\\\/voxsahel.com\\\/?p=1135#primaryimage\",\"url\":\"https:\\\/\\\/voxsahel.com\\\/wp-content\\\/uploads\\\/2024\\\/12\\\/IMG_7302.jpeg\",\"contentUrl\":\"https:\\\/\\\/voxsahel.com\\\/wp-content\\\/uploads\\\/2024\\\/12\\\/IMG_7302.jpeg\",\"width\":1280,\"height\":960},{\"@type\":\"BreadcrumbList\",\"@id\":\"https:\\\/\\\/voxsahel.com\\\/?p=1135#breadcrumb\",\"itemListElement\":[{\"@type\":\"ListItem\",\"position\":1,\"name\":\"Home\",\"item\":\"https:\\\/\\\/voxsahel.com\\\/\"},{\"@type\":\"ListItem\",\"position\":2,\"name\":\"Mobilisation des recettes au Burkina : La douane annonce une performance de 1046 milliards FCFA au 29 d\u00e9cembre 2024\"}]},{\"@type\":\"WebSite\",\"@id\":\"https:\\\/\\\/voxsahel.com\\\/#website\",\"url\":\"https:\\\/\\\/voxsahel.com\\\/\",\"name\":\"Vox Sahel\",\"description\":\"Informez-vous sur le Sahel en un clic\",\"publisher\":{\"@id\":\"https:\\\/\\\/voxsahel.com\\\/#organization\"},\"potentialAction\":[{\"@type\":\"SearchAction\",\"target\":{\"@type\":\"EntryPoint\",\"urlTemplate\":\"https:\\\/\\\/voxsahel.com\\\/?s={search_term_string}\"},\"query-input\":{\"@type\":\"PropertyValueSpecification\",\"valueRequired\":true,\"valueName\":\"search_term_string\"}}],\"inLanguage\":\"fr-FR\"},{\"@type\":\"Organization\",\"@id\":\"https:\\\/\\\/voxsahel.com\\\/#organization\",\"name\":\"Vox Sahel\",\"url\":\"https:\\\/\\\/voxsahel.com\\\/\",\"logo\":{\"@type\":\"ImageObject\",\"inLanguage\":\"fr-FR\",\"@id\":\"https:\\\/\\\/voxsahel.com\\\/#\\\/schema\\\/logo\\\/image\\\/\",\"url\":\"https:\\\/\\\/voxsahel.com\\\/wp-content\\\/uploads\\\/2024\\\/09\\\/Logo-Vox-Sahel.jpg\",\"contentUrl\":\"https:\\\/\\\/voxsahel.com\\\/wp-content\\\/uploads\\\/2024\\\/09\\\/Logo-Vox-Sahel.jpg\",\"width\":1181,\"height\":848,\"caption\":\"Vox Sahel\"},\"image\":{\"@id\":\"https:\\\/\\\/voxsahel.com\\\/#\\\/schema\\\/logo\\\/image\\\/\"},\"sameAs\":[\"https:\\\/\\\/www.facebook.com\\\/journal.voxsahel\"]},{\"@type\":\"Person\",\"@id\":\"https:\\\/\\\/voxsahel.com\\\/#\\\/schema\\\/person\\\/b4043608248f8fa227cd760e7ff1e19e\",\"name\":\"Vox Sahel\",\"image\":{\"@type\":\"ImageObject\",\"inLanguage\":\"fr-FR\",\"@id\":\"https:\\\/\\\/secure.gravatar.com\\\/avatar\\\/f70e7fa0cb9b29d4a7c5788d6eb2e9ab4d3135cbae1c9161810fdf77a8964699?s=96&d=mm&r=g\",\"url\":\"https:\\\/\\\/secure.gravatar.com\\\/avatar\\\/f70e7fa0cb9b29d4a7c5788d6eb2e9ab4d3135cbae1c9161810fdf77a8964699?s=96&d=mm&r=g\",\"contentUrl\":\"https:\\\/\\\/secure.gravatar.com\\\/avatar\\\/f70e7fa0cb9b29d4a7c5788d6eb2e9ab4d3135cbae1c9161810fdf77a8964699?s=96&d=mm&r=g\",\"caption\":\"Vox Sahel\"},\"sameAs\":[\"http:\\\/\\\/www.voxsahel.com\"],\"url\":\"https:\\\/\\\/voxsahel.com\\\/?author=2\"}]}<\/script>\n<!-- \/ Yoast SEO plugin. -->","yoast_head_json":{"title":"Mobilisation des recettes au Burkina : La douane annonce une performance de 1046 milliards FCFA au 29 d\u00e9cembre 2024 - Vox Sahel","robots":{"index":"index","follow":"follow","max-snippet":"max-snippet:-1","max-image-preview":"max-image-preview:large","max-video-preview":"max-video-preview:-1"},"canonical":"https:\/\/voxsahel.com\/?p=1135","og_locale":"fr_FR","og_type":"article","og_title":"Mobilisation des recettes au Burkina : La douane annonce une performance de 1046 milliards FCFA au 29 d\u00e9cembre 2024 - Vox Sahel","og_description":"La Direction G\u00e9n\u00e9rale des Douanes (DGD) a tenu ce lundi sa traditionnelle c\u00e9r\u00e9monie de mont\u00e9e","og_url":"https:\/\/voxsahel.com\/?p=1135","og_site_name":"Vox Sahel","article_publisher":"https:\/\/www.facebook.com\/journal.voxsahel","article_published_time":"2024-12-30T12:29:13+00:00","article_modified_time":"2024-12-30T13:13:06+00:00","og_image":[{"width":1280,"height":960,"url":"https:\/\/voxsahel.com\/wp-content\/uploads\/2024\/12\/IMG_7302.jpeg","type":"image\/jpeg"}],"author":"Vox Sahel","twitter_card":"summary_large_image","twitter_misc":{"\u00c9crit par":"Vox Sahel","Dur\u00e9e de lecture estim\u00e9e":"2 minutes"},"schema":{"@context":"https:\/\/schema.org","@graph":[{"@type":"Article","@id":"https:\/\/voxsahel.com\/?p=1135#article","isPartOf":{"@id":"https:\/\/voxsahel.com\/?p=1135"},"author":{"name":"Vox Sahel","@id":"https:\/\/voxsahel.com\/#\/schema\/person\/b4043608248f8fa227cd760e7ff1e19e"},"headline":"Mobilisation des recettes au Burkina : La douane annonce une performance de 1046 milliards FCFA au 29 d\u00e9cembre 2024","datePublished":"2024-12-30T12:29:13+00:00","dateModified":"2024-12-30T13:13:06+00:00","mainEntityOfPage":{"@id":"https:\/\/voxsahel.com\/?p=1135"},"wordCount":384,"commentCount":0,"publisher":{"@id":"https:\/\/voxsahel.com\/#organization"},"image":{"@id":"https:\/\/voxsahel.com\/?p=1135#primaryimage"},"thumbnailUrl":"https:\/\/voxsahel.com\/wp-content\/uploads\/2024\/12\/IMG_7302.jpeg","keywords":["Burkina Faso","Douane","Douanes du Burkina Faso","Economie","Finance","Observatoire pour la c\u00e9l\u00e9rit\u00e9 des op\u00e9rations douani\u00e8res au Burkina Faso","Organisation mondiale des Douanes","Recettes"],"articleSection":["DEVELOPPEMENT"],"inLanguage":"fr-FR","potentialAction":[{"@type":"CommentAction","name":"Comment","target":["https:\/\/voxsahel.com\/?p=1135#respond"]}]},{"@type":"WebPage","@id":"https:\/\/voxsahel.com\/?p=1135","url":"https:\/\/voxsahel.com\/?p=1135","name":"Mobilisation des recettes au Burkina : La douane annonce une performance de 1046 milliards FCFA au 29 d\u00e9cembre 2024 - Vox Sahel","isPartOf":{"@id":"https:\/\/voxsahel.com\/#website"},"primaryImageOfPage":{"@id":"https:\/\/voxsahel.com\/?p=1135#primaryimage"},"image":{"@id":"https:\/\/voxsahel.com\/?p=1135#primaryimage"},"thumbnailUrl":"https:\/\/voxsahel.com\/wp-content\/uploads\/2024\/12\/IMG_7302.jpeg","datePublished":"2024-12-30T12:29:13+00:00","dateModified":"2024-12-30T13:13:06+00:00","breadcrumb":{"@id":"https:\/\/voxsahel.com\/?p=1135#breadcrumb"},"inLanguage":"fr-FR","potentialAction":[{"@type":"ReadAction","target":["https:\/\/voxsahel.com\/?p=1135"]}]},{"@type":"ImageObject","inLanguage":"fr-FR","@id":"https:\/\/voxsahel.com\/?p=1135#primaryimage","url":"https:\/\/voxsahel.com\/wp-content\/uploads\/2024\/12\/IMG_7302.jpeg","contentUrl":"https:\/\/voxsahel.com\/wp-content\/uploads\/2024\/12\/IMG_7302.jpeg","width":1280,"height":960},{"@type":"BreadcrumbList","@id":"https:\/\/voxsahel.com\/?p=1135#breadcrumb","itemListElement":[{"@type":"ListItem","position":1,"name":"Home","item":"https:\/\/voxsahel.com\/"},{"@type":"ListItem","position":2,"name":"Mobilisation des recettes au Burkina : La douane annonce une performance de 1046 milliards FCFA au 29 d\u00e9cembre 2024"}]},{"@type":"WebSite","@id":"https:\/\/voxsahel.com\/#website","url":"https:\/\/voxsahel.com\/","name":"Vox Sahel","description":"Informez-vous sur le Sahel en un clic","publisher":{"@id":"https:\/\/voxsahel.com\/#organization"},"potentialAction":[{"@type":"SearchAction","target":{"@type":"EntryPoint","urlTemplate":"https:\/\/voxsahel.com\/?s={search_term_string}"},"query-input":{"@type":"PropertyValueSpecification","valueRequired":true,"valueName":"search_term_string"}}],"inLanguage":"fr-FR"},{"@type":"Organization","@id":"https:\/\/voxsahel.com\/#organization","name":"Vox Sahel","url":"https:\/\/voxsahel.com\/","logo":{"@type":"ImageObject","inLanguage":"fr-FR","@id":"https:\/\/voxsahel.com\/#\/schema\/logo\/image\/","url":"https:\/\/voxsahel.com\/wp-content\/uploads\/2024\/09\/Logo-Vox-Sahel.jpg","contentUrl":"https:\/\/voxsahel.com\/wp-content\/uploads\/2024\/09\/Logo-Vox-Sahel.jpg","width":1181,"height":848,"caption":"Vox Sahel"},"image":{"@id":"https:\/\/voxsahel.com\/#\/schema\/logo\/image\/"},"sameAs":["https:\/\/www.facebook.com\/journal.voxsahel"]},{"@type":"Person","@id":"https:\/\/voxsahel.com\/#\/schema\/person\/b4043608248f8fa227cd760e7ff1e19e","name":"Vox Sahel","image":{"@type":"ImageObject","inLanguage":"fr-FR","@id":"https:\/\/secure.gravatar.com\/avatar\/f70e7fa0cb9b29d4a7c5788d6eb2e9ab4d3135cbae1c9161810fdf77a8964699?s=96&d=mm&r=g","url":"https:\/\/secure.gravatar.com\/avatar\/f70e7fa0cb9b29d4a7c5788d6eb2e9ab4d3135cbae1c9161810fdf77a8964699?s=96&d=mm&r=g","contentUrl":"https:\/\/secure.gravatar.com\/avatar\/f70e7fa0cb9b29d4a7c5788d6eb2e9ab4d3135cbae1c9161810fdf77a8964699?s=96&d=mm&r=g","caption":"Vox Sahel"},"sameAs":["http:\/\/www.voxsahel.com"],"url":"https:\/\/voxsahel.com\/?author=2"}]}},"_links":{"self":[{"href":"https:\/\/voxsahel.com\/index.php?rest_route=\/wp\/v2\/posts\/1135","targetHints":{"allow":["GET"]}}],"collection":[{"href":"https:\/\/voxsahel.com\/index.php?rest_route=\/wp\/v2\/posts"}],"about":[{"href":"https:\/\/voxsahel.com\/index.php?rest_route=\/wp\/v2\/types\/post"}],"author":[{"embeddable":true,"href":"https:\/\/voxsahel.com\/index.php?rest_route=\/wp\/v2\/users\/2"}],"replies":[{"embeddable":true,"href":"https:\/\/voxsahel.com\/index.php?rest_route=%2Fwp%2Fv2%2Fcomments&post=1135"}],"version-history":[{"count":3,"href":"https:\/\/voxsahel.com\/index.php?rest_route=\/wp\/v2\/posts\/1135\/revisions"}],"predecessor-version":[{"id":1139,"href":"https:\/\/voxsahel.com\/index.php?rest_route=\/wp\/v2\/posts\/1135\/revisions\/1139"}],"wp:featuredmedia":[{"embeddable":true,"href":"https:\/\/voxsahel.com\/index.php?rest_route=\/wp\/v2\/media\/1136"}],"wp:attachment":[{"href":"https:\/\/voxsahel.com\/index.php?rest_route=%2Fwp%2Fv2%2Fmedia&parent=1135"}],"wp:term":[{"taxonomy":"category","embeddable":true,"href":"https:\/\/voxsahel.com\/index.php?rest_route=%2Fwp%2Fv2%2Fcategories&post=1135"},{"taxonomy":"post_tag","embeddable":true,"href":"https:\/\/voxsahel.com\/index.php?rest_route=%2Fwp%2Fv2%2Ftags&post=1135"}],"curies":[{"name":"wp","href":"https:\/\/api.w.org\/{rel}","templated":true}]}}