{"id":1127,"date":"2024-12-28T16:47:44","date_gmt":"2024-12-28T16:47:44","guid":{"rendered":"https:\/\/voxsahel.com\/?p=1127"},"modified":"2024-12-28T16:47:44","modified_gmt":"2024-12-28T16:47:44","slug":"13e-journee-du-medecin-burkinabe-le-ministre-kargougou-appelle-a-maintenir-lexcellence-et-la-qualite-dans-de-soins-aux-populations","status":"publish","type":"post","link":"https:\/\/voxsahel.com\/?p=1127","title":{"rendered":"13e Journ\u00e9e du m\u00e9decin Burkinab\u00e8 : le ministre Kargougou appelle \u00e0 maintenir l\u2019excellence et la qualit\u00e9 dans de soins aux populations"},"content":{"rendered":"<p class=\"p1\">Le Ministre de la Sant\u00e9, Dr Robert Kargougou, a pr\u00e9sid\u00e9 ce samedi 28 d\u00e9cembre 2024, la c\u00e9r\u00e9monie d&rsquo;ouverture de la 13e \u00e9dition des journ\u00e9es du m\u00e9decin Burkinab\u00e8, \u00e0 Ouagadougou, aux c\u00f4t\u00e9s de la deuxi\u00e8me vice-pr\u00e9sidente de l&rsquo;Assembl\u00e9e l\u00e9gislative de Transition (ALT), Awa Fofana, repr\u00e9sentant Son S.E.M. le Pr\u00e9sident de l&rsquo;ALT.<\/p>\n<p class=\"p1\"><span class=\"s1\">Plac\u00e9es sous le th\u00e8me : \u00abExercice m\u00e9dical et employabilit\u00e9 des m\u00e9decins dans un contexte de d\u00e9fis s\u00e9curitaire, humanitaire et \u00e9conomique\u00bb, ces journ\u00e9es offrent une occasion aux m\u00e9decins pour r\u00e9fl\u00e9chir sur les r\u00e9alit\u00e9s et les d\u00e9fis auxquels ils font face dans l&rsquo;exercice de leur m\u00e9tier.<\/span><\/p>\n<p class=\"p1\"><span class=\"s1\">La repr\u00e9sentante du Pr\u00e9sident de l&rsquo;ALT, Awa Fofana, a salu\u00e9 et reconnu la noblesse du m\u00e9tier de m\u00e9decin. <\/span><\/p>\n<blockquote>\n<p class=\"p1\"><span class=\"s1\">\u00abChers m\u00e9decins, vous exercez les m\u00e9tiers les plus nobles au monde. Soyez fiers d&rsquo;\u00eatre m\u00e9decins. Votre contribution au bien-\u00eatre de la population et au d\u00e9veloppement de notre pays est inestimable\u00bb, a soutenu la 2e Vice Pr\u00e9sidente de l&rsquo;ALT.<\/span><\/p>\n<\/blockquote>\n<p class=\"p1\"><span class=\"s1\">Pour le ministre Kargougou, le th\u00e8me de cette ann\u00e9e traduit parfaitement l&rsquo;urgence et la complexit\u00e9 des d\u00e9fis qui p\u00e8sent sur la profession du m\u00e9decin.<\/span><\/p>\n<blockquote>\n<p class=\"p1\">\u00abLes d\u00e9fis s\u00e9curitaires et humanitaires que traverse notre pays imposent \u00e0 nous, m\u00e9decins, de repenser nos approches, d&rsquo;adapter nos pratiques, et parfois, de redoubler d&rsquo;efforts pour garantir l&rsquo;acc\u00e8s aux soins des populations, o\u00f9 qu&rsquo;elles se trouvent sur le territoire\u00bb, a-t-il soulign\u00e9.<\/p>\n<\/blockquote>\n<p class=\"p1\"><span class=\"s1\">Le premier responsable du d\u00e9partement de la Sant\u00e9 a, par ailleurs, appel\u00e9 les m\u00e9decins \u00e0 la cr\u00e9ativit\u00e9 pour impl\u00e9menter des innovations majeures qui contribueront \u00e0 l&rsquo;am\u00e9lioration des pratiques m\u00e9dicales pour le bonheur des populations.<\/span><\/p>\n<p class=\"p1\"><span class=\"s1\">Quant au pr\u00e9sident de l&rsquo;Ordre national des m\u00e9decins du Burkina Faso, Dr Abdoul Guaniyi Sawadogo, ces 13e journ\u00e9es s&rsquo;organisent dans un contexte particulier et le th\u00e8me choisi est d&rsquo;une actualit\u00e9 br\u00fblante.<\/span><\/p>\n<blockquote>\n<p class=\"p1\"><span class=\"s1\"> \u00abCette th\u00e9matique nous invite \u00e0 une r\u00e9flexion profonde sur les conditions d&rsquo;exercice de notre profession, sur les d\u00e9fis auxquels nous sommes confront\u00e9s et sur les besoins de r\u00e9adaptation et de pr\u00e9servation de notre profession m\u00e9dicale\u00bb, a-t-il indiqu\u00e9.<\/span><\/p>\n<\/blockquote>\n<p class=\"p1\"><span class=\"s1\">Au cours de ces journ\u00e9es qui se d\u00e9roulent du 27 au 28 d\u00e9cembre 2024, trois sous-th\u00e8mes seront d\u00e9velopp\u00e9s, notamment la d\u00e9mographie m\u00e9dicale et l&rsquo;offre de soins de sant\u00e9 de qualit\u00e9, la formation et l&rsquo;exercice m\u00e9dical dans un contexte de d\u00e9fi s\u00e9curitaire et enfin l&rsquo;entrepreneuriat en sant\u00e9, ses enjeux, d\u00e9terminants et son financement.<\/span><\/p>\n","protected":false},"excerpt":{"rendered":"<p>Le Ministre de la Sant\u00e9, Dr Robert Kargougou, a pr\u00e9sid\u00e9 ce samedi 28 d\u00e9cembre 2024,<\/p>\n","protected":false},"author":2,"featured_media":1128,"comment_status":"open","ping_status":"open","sticky":false,"template":"","format":"standard","meta":{"_et_pb_use_builder":"","_et_pb_old_content":"","_et_gb_content_width":"","footnotes":""},"categories":[7],"tags":[18,120,212],"class_list":["post-1127","post","type-post","status-publish","format-standard","has-post-thumbnail","hentry","category-sante","tag-burkina-faso","tag-sante","tag-sante-publique"],"yoast_head":"<!-- This site is optimized with the Yoast SEO plugin v27.5 - https:\/\/yoast.com\/product\/yoast-seo-wordpress\/ -->\n<title>13e Journ\u00e9e du m\u00e9decin Burkinab\u00e8 : le ministre Kargougou appelle \u00e0 maintenir l\u2019excellence et la qualit\u00e9 dans de soins aux populations - Vox Sahel<\/title>\n<meta name=\"robots\" content=\"index, follow, max-snippet:-1, max-image-preview:large, max-video-preview:-1\" \/>\n<link rel=\"canonical\" href=\"https:\/\/voxsahel.com\/?p=1127\" \/>\n<meta property=\"og:locale\" content=\"fr_FR\" \/>\n<meta property=\"og:type\" content=\"article\" \/>\n<meta property=\"og:title\" content=\"13e Journ\u00e9e du m\u00e9decin Burkinab\u00e8 : le ministre Kargougou appelle \u00e0 maintenir l\u2019excellence et la qualit\u00e9 dans de soins aux populations - Vox Sahel\" \/>\n<meta property=\"og:description\" content=\"Le Ministre de la Sant\u00e9, Dr Robert Kargougou, a pr\u00e9sid\u00e9 ce samedi 28 d\u00e9cembre 2024,\" \/>\n<meta property=\"og:url\" content=\"https:\/\/voxsahel.com\/?p=1127\" \/>\n<meta property=\"og:site_name\" content=\"Vox Sahel\" \/>\n<meta property=\"article:publisher\" content=\"https:\/\/www.facebook.com\/journal.voxsahel\" \/>\n<meta property=\"article:published_time\" content=\"2024-12-28T16:47:44+00:00\" \/>\n<meta property=\"og:image\" content=\"https:\/\/voxsahel.com\/wp-content\/uploads\/2024\/12\/IMG_6748.jpeg\" \/>\n\t<meta property=\"og:image:width\" content=\"960\" \/>\n\t<meta property=\"og:image:height\" content=\"668\" \/>\n\t<meta property=\"og:image:type\" content=\"image\/jpeg\" \/>\n<meta name=\"author\" content=\"Vox Sahel\" \/>\n<meta name=\"twitter:card\" content=\"summary_large_image\" \/>\n<meta name=\"twitter:label1\" content=\"\u00c9crit par\" \/>\n\t<meta name=\"twitter:data1\" content=\"Vox Sahel\" \/>\n\t<meta name=\"twitter:label2\" content=\"Dur\u00e9e de lecture estim\u00e9e\" \/>\n\t<meta name=\"twitter:data2\" content=\"2 minutes\" \/>\n<script type=\"application\/ld+json\" class=\"yoast-schema-graph\">{\"@context\":\"https:\\\/\\\/schema.org\",\"@graph\":[{\"@type\":\"Article\",\"@id\":\"https:\\\/\\\/voxsahel.com\\\/?p=1127#article\",\"isPartOf\":{\"@id\":\"https:\\\/\\\/voxsahel.com\\\/?p=1127\"},\"author\":{\"name\":\"Vox Sahel\",\"@id\":\"https:\\\/\\\/voxsahel.com\\\/#\\\/schema\\\/person\\\/b4043608248f8fa227cd760e7ff1e19e\"},\"headline\":\"13e Journ\u00e9e du m\u00e9decin Burkinab\u00e8 : le ministre Kargougou appelle \u00e0 maintenir l\u2019excellence et la qualit\u00e9 dans de soins aux populations\",\"datePublished\":\"2024-12-28T16:47:44+00:00\",\"mainEntityOfPage\":{\"@id\":\"https:\\\/\\\/voxsahel.com\\\/?p=1127\"},\"wordCount\":479,\"commentCount\":0,\"publisher\":{\"@id\":\"https:\\\/\\\/voxsahel.com\\\/#organization\"},\"image\":{\"@id\":\"https:\\\/\\\/voxsahel.com\\\/?p=1127#primaryimage\"},\"thumbnailUrl\":\"https:\\\/\\\/voxsahel.com\\\/wp-content\\\/uploads\\\/2024\\\/12\\\/IMG_6748.jpeg\",\"keywords\":[\"Burkina Faso\",\"Sant\u00e9\",\"Sant\u00e9 publique\"],\"articleSection\":[\"SANTE\"],\"inLanguage\":\"fr-FR\",\"potentialAction\":[{\"@type\":\"CommentAction\",\"name\":\"Comment\",\"target\":[\"https:\\\/\\\/voxsahel.com\\\/?p=1127#respond\"]}]},{\"@type\":\"WebPage\",\"@id\":\"https:\\\/\\\/voxsahel.com\\\/?p=1127\",\"url\":\"https:\\\/\\\/voxsahel.com\\\/?p=1127\",\"name\":\"13e Journ\u00e9e du m\u00e9decin Burkinab\u00e8 : le ministre Kargougou appelle \u00e0 maintenir l\u2019excellence et la qualit\u00e9 dans de soins aux populations - Vox Sahel\",\"isPartOf\":{\"@id\":\"https:\\\/\\\/voxsahel.com\\\/#website\"},\"primaryImageOfPage\":{\"@id\":\"https:\\\/\\\/voxsahel.com\\\/?p=1127#primaryimage\"},\"image\":{\"@id\":\"https:\\\/\\\/voxsahel.com\\\/?p=1127#primaryimage\"},\"thumbnailUrl\":\"https:\\\/\\\/voxsahel.com\\\/wp-content\\\/uploads\\\/2024\\\/12\\\/IMG_6748.jpeg\",\"datePublished\":\"2024-12-28T16:47:44+00:00\",\"breadcrumb\":{\"@id\":\"https:\\\/\\\/voxsahel.com\\\/?p=1127#breadcrumb\"},\"inLanguage\":\"fr-FR\",\"potentialAction\":[{\"@type\":\"ReadAction\",\"target\":[\"https:\\\/\\\/voxsahel.com\\\/?p=1127\"]}]},{\"@type\":\"ImageObject\",\"inLanguage\":\"fr-FR\",\"@id\":\"https:\\\/\\\/voxsahel.com\\\/?p=1127#primaryimage\",\"url\":\"https:\\\/\\\/voxsahel.com\\\/wp-content\\\/uploads\\\/2024\\\/12\\\/IMG_6748.jpeg\",\"contentUrl\":\"https:\\\/\\\/voxsahel.com\\\/wp-content\\\/uploads\\\/2024\\\/12\\\/IMG_6748.jpeg\",\"width\":960,\"height\":668},{\"@type\":\"BreadcrumbList\",\"@id\":\"https:\\\/\\\/voxsahel.com\\\/?p=1127#breadcrumb\",\"itemListElement\":[{\"@type\":\"ListItem\",\"position\":1,\"name\":\"Home\",\"item\":\"https:\\\/\\\/voxsahel.com\\\/\"},{\"@type\":\"ListItem\",\"position\":2,\"name\":\"13e Journ\u00e9e du m\u00e9decin Burkinab\u00e8 : le ministre Kargougou appelle \u00e0 maintenir l\u2019excellence et la qualit\u00e9 dans de soins aux populations\"}]},{\"@type\":\"WebSite\",\"@id\":\"https:\\\/\\\/voxsahel.com\\\/#website\",\"url\":\"https:\\\/\\\/voxsahel.com\\\/\",\"name\":\"Vox Sahel\",\"description\":\"Informez-vous sur le Sahel en un clic\",\"publisher\":{\"@id\":\"https:\\\/\\\/voxsahel.com\\\/#organization\"},\"potentialAction\":[{\"@type\":\"SearchAction\",\"target\":{\"@type\":\"EntryPoint\",\"urlTemplate\":\"https:\\\/\\\/voxsahel.com\\\/?s={search_term_string}\"},\"query-input\":{\"@type\":\"PropertyValueSpecification\",\"valueRequired\":true,\"valueName\":\"search_term_string\"}}],\"inLanguage\":\"fr-FR\"},{\"@type\":\"Organization\",\"@id\":\"https:\\\/\\\/voxsahel.com\\\/#organization\",\"name\":\"Vox Sahel\",\"url\":\"https:\\\/\\\/voxsahel.com\\\/\",\"logo\":{\"@type\":\"ImageObject\",\"inLanguage\":\"fr-FR\",\"@id\":\"https:\\\/\\\/voxsahel.com\\\/#\\\/schema\\\/logo\\\/image\\\/\",\"url\":\"https:\\\/\\\/voxsahel.com\\\/wp-content\\\/uploads\\\/2024\\\/09\\\/Logo-Vox-Sahel.jpg\",\"contentUrl\":\"https:\\\/\\\/voxsahel.com\\\/wp-content\\\/uploads\\\/2024\\\/09\\\/Logo-Vox-Sahel.jpg\",\"width\":1181,\"height\":848,\"caption\":\"Vox Sahel\"},\"image\":{\"@id\":\"https:\\\/\\\/voxsahel.com\\\/#\\\/schema\\\/logo\\\/image\\\/\"},\"sameAs\":[\"https:\\\/\\\/www.facebook.com\\\/journal.voxsahel\"]},{\"@type\":\"Person\",\"@id\":\"https:\\\/\\\/voxsahel.com\\\/#\\\/schema\\\/person\\\/b4043608248f8fa227cd760e7ff1e19e\",\"name\":\"Vox Sahel\",\"image\":{\"@type\":\"ImageObject\",\"inLanguage\":\"fr-FR\",\"@id\":\"https:\\\/\\\/secure.gravatar.com\\\/avatar\\\/f70e7fa0cb9b29d4a7c5788d6eb2e9ab4d3135cbae1c9161810fdf77a8964699?s=96&d=mm&r=g\",\"url\":\"https:\\\/\\\/secure.gravatar.com\\\/avatar\\\/f70e7fa0cb9b29d4a7c5788d6eb2e9ab4d3135cbae1c9161810fdf77a8964699?s=96&d=mm&r=g\",\"contentUrl\":\"https:\\\/\\\/secure.gravatar.com\\\/avatar\\\/f70e7fa0cb9b29d4a7c5788d6eb2e9ab4d3135cbae1c9161810fdf77a8964699?s=96&d=mm&r=g\",\"caption\":\"Vox Sahel\"},\"sameAs\":[\"http:\\\/\\\/www.voxsahel.com\"],\"url\":\"https:\\\/\\\/voxsahel.com\\\/?author=2\"}]}<\/script>\n<!-- \/ Yoast SEO plugin. -->","yoast_head_json":{"title":"13e Journ\u00e9e du m\u00e9decin Burkinab\u00e8 : le ministre Kargougou appelle \u00e0 maintenir l\u2019excellence et la qualit\u00e9 dans de soins aux populations - Vox Sahel","robots":{"index":"index","follow":"follow","max-snippet":"max-snippet:-1","max-image-preview":"max-image-preview:large","max-video-preview":"max-video-preview:-1"},"canonical":"https:\/\/voxsahel.com\/?p=1127","og_locale":"fr_FR","og_type":"article","og_title":"13e Journ\u00e9e du m\u00e9decin Burkinab\u00e8 : le ministre Kargougou appelle \u00e0 maintenir l\u2019excellence et la qualit\u00e9 dans de soins aux populations - Vox Sahel","og_description":"Le Ministre de la Sant\u00e9, Dr Robert Kargougou, a pr\u00e9sid\u00e9 ce samedi 28 d\u00e9cembre 2024,","og_url":"https:\/\/voxsahel.com\/?p=1127","og_site_name":"Vox Sahel","article_publisher":"https:\/\/www.facebook.com\/journal.voxsahel","article_published_time":"2024-12-28T16:47:44+00:00","og_image":[{"width":960,"height":668,"url":"https:\/\/voxsahel.com\/wp-content\/uploads\/2024\/12\/IMG_6748.jpeg","type":"image\/jpeg"}],"author":"Vox Sahel","twitter_card":"summary_large_image","twitter_misc":{"\u00c9crit par":"Vox Sahel","Dur\u00e9e de lecture estim\u00e9e":"2 minutes"},"schema":{"@context":"https:\/\/schema.org","@graph":[{"@type":"Article","@id":"https:\/\/voxsahel.com\/?p=1127#article","isPartOf":{"@id":"https:\/\/voxsahel.com\/?p=1127"},"author":{"name":"Vox Sahel","@id":"https:\/\/voxsahel.com\/#\/schema\/person\/b4043608248f8fa227cd760e7ff1e19e"},"headline":"13e Journ\u00e9e du m\u00e9decin Burkinab\u00e8 : le ministre Kargougou appelle \u00e0 maintenir l\u2019excellence et la qualit\u00e9 dans de soins aux populations","datePublished":"2024-12-28T16:47:44+00:00","mainEntityOfPage":{"@id":"https:\/\/voxsahel.com\/?p=1127"},"wordCount":479,"commentCount":0,"publisher":{"@id":"https:\/\/voxsahel.com\/#organization"},"image":{"@id":"https:\/\/voxsahel.com\/?p=1127#primaryimage"},"thumbnailUrl":"https:\/\/voxsahel.com\/wp-content\/uploads\/2024\/12\/IMG_6748.jpeg","keywords":["Burkina Faso","Sant\u00e9","Sant\u00e9 publique"],"articleSection":["SANTE"],"inLanguage":"fr-FR","potentialAction":[{"@type":"CommentAction","name":"Comment","target":["https:\/\/voxsahel.com\/?p=1127#respond"]}]},{"@type":"WebPage","@id":"https:\/\/voxsahel.com\/?p=1127","url":"https:\/\/voxsahel.com\/?p=1127","name":"13e Journ\u00e9e du m\u00e9decin Burkinab\u00e8 : le ministre Kargougou appelle \u00e0 maintenir l\u2019excellence et la qualit\u00e9 dans de soins aux populations - Vox Sahel","isPartOf":{"@id":"https:\/\/voxsahel.com\/#website"},"primaryImageOfPage":{"@id":"https:\/\/voxsahel.com\/?p=1127#primaryimage"},"image":{"@id":"https:\/\/voxsahel.com\/?p=1127#primaryimage"},"thumbnailUrl":"https:\/\/voxsahel.com\/wp-content\/uploads\/2024\/12\/IMG_6748.jpeg","datePublished":"2024-12-28T16:47:44+00:00","breadcrumb":{"@id":"https:\/\/voxsahel.com\/?p=1127#breadcrumb"},"inLanguage":"fr-FR","potentialAction":[{"@type":"ReadAction","target":["https:\/\/voxsahel.com\/?p=1127"]}]},{"@type":"ImageObject","inLanguage":"fr-FR","@id":"https:\/\/voxsahel.com\/?p=1127#primaryimage","url":"https:\/\/voxsahel.com\/wp-content\/uploads\/2024\/12\/IMG_6748.jpeg","contentUrl":"https:\/\/voxsahel.com\/wp-content\/uploads\/2024\/12\/IMG_6748.jpeg","width":960,"height":668},{"@type":"BreadcrumbList","@id":"https:\/\/voxsahel.com\/?p=1127#breadcrumb","itemListElement":[{"@type":"ListItem","position":1,"name":"Home","item":"https:\/\/voxsahel.com\/"},{"@type":"ListItem","position":2,"name":"13e Journ\u00e9e du m\u00e9decin Burkinab\u00e8 : le ministre Kargougou appelle \u00e0 maintenir l\u2019excellence et la qualit\u00e9 dans de soins aux populations"}]},{"@type":"WebSite","@id":"https:\/\/voxsahel.com\/#website","url":"https:\/\/voxsahel.com\/","name":"Vox Sahel","description":"Informez-vous sur le Sahel en un clic","publisher":{"@id":"https:\/\/voxsahel.com\/#organization"},"potentialAction":[{"@type":"SearchAction","target":{"@type":"EntryPoint","urlTemplate":"https:\/\/voxsahel.com\/?s={search_term_string}"},"query-input":{"@type":"PropertyValueSpecification","valueRequired":true,"valueName":"search_term_string"}}],"inLanguage":"fr-FR"},{"@type":"Organization","@id":"https:\/\/voxsahel.com\/#organization","name":"Vox Sahel","url":"https:\/\/voxsahel.com\/","logo":{"@type":"ImageObject","inLanguage":"fr-FR","@id":"https:\/\/voxsahel.com\/#\/schema\/logo\/image\/","url":"https:\/\/voxsahel.com\/wp-content\/uploads\/2024\/09\/Logo-Vox-Sahel.jpg","contentUrl":"https:\/\/voxsahel.com\/wp-content\/uploads\/2024\/09\/Logo-Vox-Sahel.jpg","width":1181,"height":848,"caption":"Vox Sahel"},"image":{"@id":"https:\/\/voxsahel.com\/#\/schema\/logo\/image\/"},"sameAs":["https:\/\/www.facebook.com\/journal.voxsahel"]},{"@type":"Person","@id":"https:\/\/voxsahel.com\/#\/schema\/person\/b4043608248f8fa227cd760e7ff1e19e","name":"Vox Sahel","image":{"@type":"ImageObject","inLanguage":"fr-FR","@id":"https:\/\/secure.gravatar.com\/avatar\/f70e7fa0cb9b29d4a7c5788d6eb2e9ab4d3135cbae1c9161810fdf77a8964699?s=96&d=mm&r=g","url":"https:\/\/secure.gravatar.com\/avatar\/f70e7fa0cb9b29d4a7c5788d6eb2e9ab4d3135cbae1c9161810fdf77a8964699?s=96&d=mm&r=g","contentUrl":"https:\/\/secure.gravatar.com\/avatar\/f70e7fa0cb9b29d4a7c5788d6eb2e9ab4d3135cbae1c9161810fdf77a8964699?s=96&d=mm&r=g","caption":"Vox Sahel"},"sameAs":["http:\/\/www.voxsahel.com"],"url":"https:\/\/voxsahel.com\/?author=2"}]}},"_links":{"self":[{"href":"https:\/\/voxsahel.com\/index.php?rest_route=\/wp\/v2\/posts\/1127","targetHints":{"allow":["GET"]}}],"collection":[{"href":"https:\/\/voxsahel.com\/index.php?rest_route=\/wp\/v2\/posts"}],"about":[{"href":"https:\/\/voxsahel.com\/index.php?rest_route=\/wp\/v2\/types\/post"}],"author":[{"embeddable":true,"href":"https:\/\/voxsahel.com\/index.php?rest_route=\/wp\/v2\/users\/2"}],"replies":[{"embeddable":true,"href":"https:\/\/voxsahel.com\/index.php?rest_route=%2Fwp%2Fv2%2Fcomments&post=1127"}],"version-history":[{"count":1,"href":"https:\/\/voxsahel.com\/index.php?rest_route=\/wp\/v2\/posts\/1127\/revisions"}],"predecessor-version":[{"id":1129,"href":"https:\/\/voxsahel.com\/index.php?rest_route=\/wp\/v2\/posts\/1127\/revisions\/1129"}],"wp:featuredmedia":[{"embeddable":true,"href":"https:\/\/voxsahel.com\/index.php?rest_route=\/wp\/v2\/media\/1128"}],"wp:attachment":[{"href":"https:\/\/voxsahel.com\/index.php?rest_route=%2Fwp%2Fv2%2Fmedia&parent=1127"}],"wp:term":[{"taxonomy":"category","embeddable":true,"href":"https:\/\/voxsahel.com\/index.php?rest_route=%2Fwp%2Fv2%2Fcategories&post=1127"},{"taxonomy":"post_tag","embeddable":true,"href":"https:\/\/voxsahel.com\/index.php?rest_route=%2Fwp%2Fv2%2Ftags&post=1127"}],"curies":[{"name":"wp","href":"https:\/\/api.w.org\/{rel}","templated":true}]}}