{"id":1113,"date":"2024-12-26T16:55:48","date_gmt":"2024-12-26T16:55:48","guid":{"rendered":"https:\/\/voxsahel.com\/?p=1113"},"modified":"2024-12-26T16:55:48","modified_gmt":"2024-12-26T16:55:48","slug":"diplomatie-le-general-abdourahamane-tiani-accuse-la-france-de-destabilisation","status":"publish","type":"post","link":"https:\/\/voxsahel.com\/?p=1113","title":{"rendered":"Diplomatie : Le g\u00e9n\u00e9ral Abdourahamane Tiani accuse la France de d\u00e9stabilisation"},"content":{"rendered":"<p class=\"p1\">Le g\u00e9n\u00e9ral Abdourahamane Tiani, pr\u00e9sident du Niger, a accord\u00e9 un entretien t\u00e9l\u00e9vis\u00e9 \u00e0 la cha\u00eene nig\u00e9rienne T\u00e9l\u00e9 Sahel le 25 d\u00e9cembre 2024, dans lequel il a r\u00e9affirm\u00e9 sa position sur la sortie des pays de l\u2019Alliance des \u00c9tats du Sahel (AES) de la CEDEAO. Selon lui, cette d\u00e9cision est irr\u00e9versible et a \u00e9t\u00e9 m\u00fbrement r\u00e9fl\u00e9chie. Il a exprim\u00e9 de vives critiques \u00e0 l\u2019encontre de la CEDEAO, qu&rsquo;il accuse de n\u2019\u00eatre plus fid\u00e8le \u00e0 l\u2019esprit des p\u00e8res fondateurs de l\u2019organisation. \u00ab La CEDEAO a cess\u00e9 d\u2019exister depuis 1990. Ce n\u2019est plus la CEDEAO des p\u00e8res fondateurs. Elle est aujourd\u2019hui un outil des puissances occidentales pour maintenir leur domination sur nos ressources et entraver notre autod\u00e9termination \u00bb, a d\u00e9clar\u00e9 Tiani.<\/p>\n<p class=\"p1\"><span class=\"s1\">\u00a0<\/span>Le pr\u00e9sident du Conseil national pour la sauvegarde de la patrie (CNSP) a ajout\u00e9 que la prolongation de six mois accord\u00e9e par la CEDEAO pour permettre aux pays de l\u2019AES de reconsid\u00e9rer leur d\u00e9cision de quitter l\u2019organisation \u00e9tait sans importance. \u00ab Ce d\u00e9lai est un non-\u00e9v\u00e9nement \u00bb, a-t-il pr\u00e9cis\u00e9, insistant sur le fait que la d\u00e9cision de quitter la CEDEAO \u00e9tait souveraine et irr\u00e9vocable, prise pour garantir l&rsquo;ind\u00e9pendance des ressources et de la population des pays concern\u00e9s.<\/p>\n<p class=\"p1\"><span class=\"s1\">Tiani a \u00e9galement critiqu\u00e9 certains chefs d\u2019\u00c9tat africains, les accusant de sacrifier les int\u00e9r\u00eats collectifs au profit de leurs ambitions personnelles. Il a notamment d\u00e9nonc\u00e9 la complicit\u00e9 de ces dirigeants avec les puissances occidentales et leur volont\u00e9 de maintenir leur pouvoir, quitte \u00e0 verser le sang de leurs fr\u00e8res africains. Selon lui, la CEDEAO est utilis\u00e9e par la France pour garder sa pr\u00e9sence en Afrique de l\u2019Ouest, et il a affirm\u00e9 que la France \u00ab ne s\u2019est jamais retir\u00e9e d\u2019Afrique \u00bb, mais cherche \u00e0 renforcer ses positions strat\u00e9giques tout en rendant ses forces invisibles.<\/span><\/p>\n<p class=\"p1\"><span class=\"s1\">Le pr\u00e9sident nig\u00e9rien a \u00e9galement accus\u00e9 la France de financer des groupes terroristes pour d\u00e9stabiliser la r\u00e9gion, notamment en fournissant des armes sophistiqu\u00e9es et des financements \u00e0 ces groupes en \u00e9change de leur soutien. Il a mentionn\u00e9 que des armes et des mines antipersonnelles interdites avaient \u00e9t\u00e9 envoy\u00e9es \u00e0 des groupes op\u00e9rant au Mali, au Nigeria et au Tchad. Selon Tiani, certains responsables fran\u00e7ais auraient aussi tent\u00e9 de cr\u00e9er une base au Nigeria pour relier ces groupes terroristes.<\/span><\/p>\n<p class=\"p1\"><span class=\"s1\">Dans cet entretien, le g\u00e9n\u00e9ral a \u00e9galement mis en avant la politique de renforcement des forces de d\u00e9fense et de s\u00e9curit\u00e9 (FDS) du Niger, avec plus de 25 000 recrues dans l\u2019arm\u00e9e, la gendarmerie, la police et la garde nationale, ainsi qu&rsquo;un budget de plus de 150 milliards de francs CFA pour l&rsquo;\u00e9quipement et le soutien logistique. Il a \u00e9galement \u00e9voqu\u00e9 la collaboration entre le r\u00e9gime pr\u00e9c\u00e9dent du Niger et des groupes terroristes soutenus par la France, r\u00e9v\u00e9lant que des fonds avaient \u00e9t\u00e9 envoy\u00e9s \u00e0 des groupes comme Boko Haram et l&rsquo;\u00c9tat islamique en Afrique de l&rsquo;Ouest. <\/span><\/p>\n<p class=\"p1\"><span class=\"s1\">Tiani a d\u00e9nonc\u00e9 l&rsquo;existence de centres d&rsquo;entra\u00eenement pour terroristes dans plusieurs pays africains, notamment au B\u00e9nin. Enfin, le g\u00e9n\u00e9ral Abdourahamane Tiani a r\u00e9affirm\u00e9 la d\u00e9termination du Niger \u00e0 prot\u00e9ger sa souverainet\u00e9 et celle des pays membres de l&rsquo;AES, en insistant sur le fait que \u00ab notre souverainet\u00e9 est sacr\u00e9e, et nous la d\u00e9fendrons \u00e0 tout prix \u00bb. Il a appel\u00e9 \u00e0 l&rsquo;unit\u00e9 des Nig\u00e9riens pour faire face aux d\u00e9fis auxquels leur pays est confront\u00e9.<\/span><\/p>\n<p class=\"p1\" style=\"text-align: right;\"><b><span class=\"s1\">Par Amir BAKO<\/span>\u00a0<\/b><\/p>\n","protected":false},"excerpt":{"rendered":"<p>Le g\u00e9n\u00e9ral Abdourahamane Tiani, pr\u00e9sident du Niger, a accord\u00e9 un entretien t\u00e9l\u00e9vis\u00e9 \u00e0 la cha\u00eene<\/p>\n","protected":false},"author":2,"featured_media":1114,"comment_status":"open","ping_status":"open","sticky":false,"template":"","format":"standard","meta":{"_et_pb_use_builder":"","_et_pb_old_content":"","_et_gb_content_width":"","footnotes":""},"categories":[15],"tags":[87,278,49,60],"class_list":["post-1113","post","type-post","status-publish","format-standard","has-post-thumbnail","hentry","category-international","tag-diplomatie","tag-france","tag-geopolitique","tag-niger"],"yoast_head":"<!-- This site is optimized with the Yoast SEO plugin v27.5 - https:\/\/yoast.com\/product\/yoast-seo-wordpress\/ -->\n<title>Diplomatie : Le g\u00e9n\u00e9ral Abdourahamane Tiani accuse la France de d\u00e9stabilisation - Vox Sahel<\/title>\n<meta name=\"robots\" content=\"index, follow, max-snippet:-1, max-image-preview:large, max-video-preview:-1\" \/>\n<link rel=\"canonical\" href=\"https:\/\/voxsahel.com\/?p=1113\" \/>\n<meta property=\"og:locale\" content=\"fr_FR\" \/>\n<meta property=\"og:type\" content=\"article\" \/>\n<meta property=\"og:title\" content=\"Diplomatie : Le g\u00e9n\u00e9ral Abdourahamane Tiani accuse la France de d\u00e9stabilisation - Vox Sahel\" \/>\n<meta property=\"og:description\" content=\"Le g\u00e9n\u00e9ral Abdourahamane Tiani, pr\u00e9sident du Niger, a accord\u00e9 un entretien t\u00e9l\u00e9vis\u00e9 \u00e0 la cha\u00eene\" \/>\n<meta property=\"og:url\" content=\"https:\/\/voxsahel.com\/?p=1113\" \/>\n<meta property=\"og:site_name\" content=\"Vox Sahel\" \/>\n<meta property=\"article:publisher\" content=\"https:\/\/www.facebook.com\/journal.voxsahel\" \/>\n<meta property=\"article:published_time\" content=\"2024-12-26T16:55:48+00:00\" \/>\n<meta property=\"og:image\" content=\"https:\/\/voxsahel.com\/wp-content\/uploads\/2024\/12\/2cabf112-b510-4d1d-829d-35e9144a2bf6.jpeg\" \/>\n\t<meta property=\"og:image:width\" content=\"1080\" \/>\n\t<meta property=\"og:image:height\" content=\"720\" \/>\n\t<meta property=\"og:image:type\" content=\"image\/jpeg\" \/>\n<meta name=\"author\" content=\"Vox Sahel\" \/>\n<meta name=\"twitter:card\" content=\"summary_large_image\" \/>\n<meta name=\"twitter:label1\" content=\"\u00c9crit par\" \/>\n\t<meta name=\"twitter:data1\" content=\"Vox Sahel\" \/>\n\t<meta name=\"twitter:label2\" content=\"Dur\u00e9e de lecture estim\u00e9e\" \/>\n\t<meta name=\"twitter:data2\" content=\"3 minutes\" \/>\n<script type=\"application\/ld+json\" class=\"yoast-schema-graph\">{\"@context\":\"https:\\\/\\\/schema.org\",\"@graph\":[{\"@type\":\"Article\",\"@id\":\"https:\\\/\\\/voxsahel.com\\\/?p=1113#article\",\"isPartOf\":{\"@id\":\"https:\\\/\\\/voxsahel.com\\\/?p=1113\"},\"author\":{\"name\":\"Vox Sahel\",\"@id\":\"https:\\\/\\\/voxsahel.com\\\/#\\\/schema\\\/person\\\/b4043608248f8fa227cd760e7ff1e19e\"},\"headline\":\"Diplomatie : Le g\u00e9n\u00e9ral Abdourahamane Tiani accuse la France de d\u00e9stabilisation\",\"datePublished\":\"2024-12-26T16:55:48+00:00\",\"mainEntityOfPage\":{\"@id\":\"https:\\\/\\\/voxsahel.com\\\/?p=1113\"},\"wordCount\":626,\"commentCount\":0,\"publisher\":{\"@id\":\"https:\\\/\\\/voxsahel.com\\\/#organization\"},\"image\":{\"@id\":\"https:\\\/\\\/voxsahel.com\\\/?p=1113#primaryimage\"},\"thumbnailUrl\":\"https:\\\/\\\/voxsahel.com\\\/wp-content\\\/uploads\\\/2024\\\/12\\\/2cabf112-b510-4d1d-829d-35e9144a2bf6.jpeg\",\"keywords\":[\"Diplomatie\",\"France\",\"G\u00e9opolitique\",\"Niger\"],\"articleSection\":[\"INTERNATIONAL\"],\"inLanguage\":\"fr-FR\",\"potentialAction\":[{\"@type\":\"CommentAction\",\"name\":\"Comment\",\"target\":[\"https:\\\/\\\/voxsahel.com\\\/?p=1113#respond\"]}]},{\"@type\":\"WebPage\",\"@id\":\"https:\\\/\\\/voxsahel.com\\\/?p=1113\",\"url\":\"https:\\\/\\\/voxsahel.com\\\/?p=1113\",\"name\":\"Diplomatie : Le g\u00e9n\u00e9ral Abdourahamane Tiani accuse la France de d\u00e9stabilisation - Vox Sahel\",\"isPartOf\":{\"@id\":\"https:\\\/\\\/voxsahel.com\\\/#website\"},\"primaryImageOfPage\":{\"@id\":\"https:\\\/\\\/voxsahel.com\\\/?p=1113#primaryimage\"},\"image\":{\"@id\":\"https:\\\/\\\/voxsahel.com\\\/?p=1113#primaryimage\"},\"thumbnailUrl\":\"https:\\\/\\\/voxsahel.com\\\/wp-content\\\/uploads\\\/2024\\\/12\\\/2cabf112-b510-4d1d-829d-35e9144a2bf6.jpeg\",\"datePublished\":\"2024-12-26T16:55:48+00:00\",\"breadcrumb\":{\"@id\":\"https:\\\/\\\/voxsahel.com\\\/?p=1113#breadcrumb\"},\"inLanguage\":\"fr-FR\",\"potentialAction\":[{\"@type\":\"ReadAction\",\"target\":[\"https:\\\/\\\/voxsahel.com\\\/?p=1113\"]}]},{\"@type\":\"ImageObject\",\"inLanguage\":\"fr-FR\",\"@id\":\"https:\\\/\\\/voxsahel.com\\\/?p=1113#primaryimage\",\"url\":\"https:\\\/\\\/voxsahel.com\\\/wp-content\\\/uploads\\\/2024\\\/12\\\/2cabf112-b510-4d1d-829d-35e9144a2bf6.jpeg\",\"contentUrl\":\"https:\\\/\\\/voxsahel.com\\\/wp-content\\\/uploads\\\/2024\\\/12\\\/2cabf112-b510-4d1d-829d-35e9144a2bf6.jpeg\",\"width\":1080,\"height\":720},{\"@type\":\"BreadcrumbList\",\"@id\":\"https:\\\/\\\/voxsahel.com\\\/?p=1113#breadcrumb\",\"itemListElement\":[{\"@type\":\"ListItem\",\"position\":1,\"name\":\"Home\",\"item\":\"https:\\\/\\\/voxsahel.com\\\/\"},{\"@type\":\"ListItem\",\"position\":2,\"name\":\"Diplomatie : Le g\u00e9n\u00e9ral Abdourahamane Tiani accuse la France de d\u00e9stabilisation\"}]},{\"@type\":\"WebSite\",\"@id\":\"https:\\\/\\\/voxsahel.com\\\/#website\",\"url\":\"https:\\\/\\\/voxsahel.com\\\/\",\"name\":\"Vox Sahel\",\"description\":\"Informez-vous sur le Sahel en un clic\",\"publisher\":{\"@id\":\"https:\\\/\\\/voxsahel.com\\\/#organization\"},\"potentialAction\":[{\"@type\":\"SearchAction\",\"target\":{\"@type\":\"EntryPoint\",\"urlTemplate\":\"https:\\\/\\\/voxsahel.com\\\/?s={search_term_string}\"},\"query-input\":{\"@type\":\"PropertyValueSpecification\",\"valueRequired\":true,\"valueName\":\"search_term_string\"}}],\"inLanguage\":\"fr-FR\"},{\"@type\":\"Organization\",\"@id\":\"https:\\\/\\\/voxsahel.com\\\/#organization\",\"name\":\"Vox Sahel\",\"url\":\"https:\\\/\\\/voxsahel.com\\\/\",\"logo\":{\"@type\":\"ImageObject\",\"inLanguage\":\"fr-FR\",\"@id\":\"https:\\\/\\\/voxsahel.com\\\/#\\\/schema\\\/logo\\\/image\\\/\",\"url\":\"https:\\\/\\\/voxsahel.com\\\/wp-content\\\/uploads\\\/2024\\\/09\\\/Logo-Vox-Sahel.jpg\",\"contentUrl\":\"https:\\\/\\\/voxsahel.com\\\/wp-content\\\/uploads\\\/2024\\\/09\\\/Logo-Vox-Sahel.jpg\",\"width\":1181,\"height\":848,\"caption\":\"Vox Sahel\"},\"image\":{\"@id\":\"https:\\\/\\\/voxsahel.com\\\/#\\\/schema\\\/logo\\\/image\\\/\"},\"sameAs\":[\"https:\\\/\\\/www.facebook.com\\\/journal.voxsahel\"]},{\"@type\":\"Person\",\"@id\":\"https:\\\/\\\/voxsahel.com\\\/#\\\/schema\\\/person\\\/b4043608248f8fa227cd760e7ff1e19e\",\"name\":\"Vox Sahel\",\"image\":{\"@type\":\"ImageObject\",\"inLanguage\":\"fr-FR\",\"@id\":\"https:\\\/\\\/secure.gravatar.com\\\/avatar\\\/f70e7fa0cb9b29d4a7c5788d6eb2e9ab4d3135cbae1c9161810fdf77a8964699?s=96&d=mm&r=g\",\"url\":\"https:\\\/\\\/secure.gravatar.com\\\/avatar\\\/f70e7fa0cb9b29d4a7c5788d6eb2e9ab4d3135cbae1c9161810fdf77a8964699?s=96&d=mm&r=g\",\"contentUrl\":\"https:\\\/\\\/secure.gravatar.com\\\/avatar\\\/f70e7fa0cb9b29d4a7c5788d6eb2e9ab4d3135cbae1c9161810fdf77a8964699?s=96&d=mm&r=g\",\"caption\":\"Vox Sahel\"},\"sameAs\":[\"http:\\\/\\\/www.voxsahel.com\"],\"url\":\"https:\\\/\\\/voxsahel.com\\\/?author=2\"}]}<\/script>\n<!-- \/ Yoast SEO plugin. -->","yoast_head_json":{"title":"Diplomatie : Le g\u00e9n\u00e9ral Abdourahamane Tiani accuse la France de d\u00e9stabilisation - Vox Sahel","robots":{"index":"index","follow":"follow","max-snippet":"max-snippet:-1","max-image-preview":"max-image-preview:large","max-video-preview":"max-video-preview:-1"},"canonical":"https:\/\/voxsahel.com\/?p=1113","og_locale":"fr_FR","og_type":"article","og_title":"Diplomatie : Le g\u00e9n\u00e9ral Abdourahamane Tiani accuse la France de d\u00e9stabilisation - Vox Sahel","og_description":"Le g\u00e9n\u00e9ral Abdourahamane Tiani, pr\u00e9sident du Niger, a accord\u00e9 un entretien t\u00e9l\u00e9vis\u00e9 \u00e0 la cha\u00eene","og_url":"https:\/\/voxsahel.com\/?p=1113","og_site_name":"Vox Sahel","article_publisher":"https:\/\/www.facebook.com\/journal.voxsahel","article_published_time":"2024-12-26T16:55:48+00:00","og_image":[{"width":1080,"height":720,"url":"https:\/\/voxsahel.com\/wp-content\/uploads\/2024\/12\/2cabf112-b510-4d1d-829d-35e9144a2bf6.jpeg","type":"image\/jpeg"}],"author":"Vox Sahel","twitter_card":"summary_large_image","twitter_misc":{"\u00c9crit par":"Vox Sahel","Dur\u00e9e de lecture estim\u00e9e":"3 minutes"},"schema":{"@context":"https:\/\/schema.org","@graph":[{"@type":"Article","@id":"https:\/\/voxsahel.com\/?p=1113#article","isPartOf":{"@id":"https:\/\/voxsahel.com\/?p=1113"},"author":{"name":"Vox Sahel","@id":"https:\/\/voxsahel.com\/#\/schema\/person\/b4043608248f8fa227cd760e7ff1e19e"},"headline":"Diplomatie : Le g\u00e9n\u00e9ral Abdourahamane Tiani accuse la France de d\u00e9stabilisation","datePublished":"2024-12-26T16:55:48+00:00","mainEntityOfPage":{"@id":"https:\/\/voxsahel.com\/?p=1113"},"wordCount":626,"commentCount":0,"publisher":{"@id":"https:\/\/voxsahel.com\/#organization"},"image":{"@id":"https:\/\/voxsahel.com\/?p=1113#primaryimage"},"thumbnailUrl":"https:\/\/voxsahel.com\/wp-content\/uploads\/2024\/12\/2cabf112-b510-4d1d-829d-35e9144a2bf6.jpeg","keywords":["Diplomatie","France","G\u00e9opolitique","Niger"],"articleSection":["INTERNATIONAL"],"inLanguage":"fr-FR","potentialAction":[{"@type":"CommentAction","name":"Comment","target":["https:\/\/voxsahel.com\/?p=1113#respond"]}]},{"@type":"WebPage","@id":"https:\/\/voxsahel.com\/?p=1113","url":"https:\/\/voxsahel.com\/?p=1113","name":"Diplomatie : Le g\u00e9n\u00e9ral Abdourahamane Tiani accuse la France de d\u00e9stabilisation - Vox Sahel","isPartOf":{"@id":"https:\/\/voxsahel.com\/#website"},"primaryImageOfPage":{"@id":"https:\/\/voxsahel.com\/?p=1113#primaryimage"},"image":{"@id":"https:\/\/voxsahel.com\/?p=1113#primaryimage"},"thumbnailUrl":"https:\/\/voxsahel.com\/wp-content\/uploads\/2024\/12\/2cabf112-b510-4d1d-829d-35e9144a2bf6.jpeg","datePublished":"2024-12-26T16:55:48+00:00","breadcrumb":{"@id":"https:\/\/voxsahel.com\/?p=1113#breadcrumb"},"inLanguage":"fr-FR","potentialAction":[{"@type":"ReadAction","target":["https:\/\/voxsahel.com\/?p=1113"]}]},{"@type":"ImageObject","inLanguage":"fr-FR","@id":"https:\/\/voxsahel.com\/?p=1113#primaryimage","url":"https:\/\/voxsahel.com\/wp-content\/uploads\/2024\/12\/2cabf112-b510-4d1d-829d-35e9144a2bf6.jpeg","contentUrl":"https:\/\/voxsahel.com\/wp-content\/uploads\/2024\/12\/2cabf112-b510-4d1d-829d-35e9144a2bf6.jpeg","width":1080,"height":720},{"@type":"BreadcrumbList","@id":"https:\/\/voxsahel.com\/?p=1113#breadcrumb","itemListElement":[{"@type":"ListItem","position":1,"name":"Home","item":"https:\/\/voxsahel.com\/"},{"@type":"ListItem","position":2,"name":"Diplomatie : Le g\u00e9n\u00e9ral Abdourahamane Tiani accuse la France de d\u00e9stabilisation"}]},{"@type":"WebSite","@id":"https:\/\/voxsahel.com\/#website","url":"https:\/\/voxsahel.com\/","name":"Vox Sahel","description":"Informez-vous sur le Sahel en un clic","publisher":{"@id":"https:\/\/voxsahel.com\/#organization"},"potentialAction":[{"@type":"SearchAction","target":{"@type":"EntryPoint","urlTemplate":"https:\/\/voxsahel.com\/?s={search_term_string}"},"query-input":{"@type":"PropertyValueSpecification","valueRequired":true,"valueName":"search_term_string"}}],"inLanguage":"fr-FR"},{"@type":"Organization","@id":"https:\/\/voxsahel.com\/#organization","name":"Vox Sahel","url":"https:\/\/voxsahel.com\/","logo":{"@type":"ImageObject","inLanguage":"fr-FR","@id":"https:\/\/voxsahel.com\/#\/schema\/logo\/image\/","url":"https:\/\/voxsahel.com\/wp-content\/uploads\/2024\/09\/Logo-Vox-Sahel.jpg","contentUrl":"https:\/\/voxsahel.com\/wp-content\/uploads\/2024\/09\/Logo-Vox-Sahel.jpg","width":1181,"height":848,"caption":"Vox Sahel"},"image":{"@id":"https:\/\/voxsahel.com\/#\/schema\/logo\/image\/"},"sameAs":["https:\/\/www.facebook.com\/journal.voxsahel"]},{"@type":"Person","@id":"https:\/\/voxsahel.com\/#\/schema\/person\/b4043608248f8fa227cd760e7ff1e19e","name":"Vox Sahel","image":{"@type":"ImageObject","inLanguage":"fr-FR","@id":"https:\/\/secure.gravatar.com\/avatar\/f70e7fa0cb9b29d4a7c5788d6eb2e9ab4d3135cbae1c9161810fdf77a8964699?s=96&d=mm&r=g","url":"https:\/\/secure.gravatar.com\/avatar\/f70e7fa0cb9b29d4a7c5788d6eb2e9ab4d3135cbae1c9161810fdf77a8964699?s=96&d=mm&r=g","contentUrl":"https:\/\/secure.gravatar.com\/avatar\/f70e7fa0cb9b29d4a7c5788d6eb2e9ab4d3135cbae1c9161810fdf77a8964699?s=96&d=mm&r=g","caption":"Vox Sahel"},"sameAs":["http:\/\/www.voxsahel.com"],"url":"https:\/\/voxsahel.com\/?author=2"}]}},"_links":{"self":[{"href":"https:\/\/voxsahel.com\/index.php?rest_route=\/wp\/v2\/posts\/1113","targetHints":{"allow":["GET"]}}],"collection":[{"href":"https:\/\/voxsahel.com\/index.php?rest_route=\/wp\/v2\/posts"}],"about":[{"href":"https:\/\/voxsahel.com\/index.php?rest_route=\/wp\/v2\/types\/post"}],"author":[{"embeddable":true,"href":"https:\/\/voxsahel.com\/index.php?rest_route=\/wp\/v2\/users\/2"}],"replies":[{"embeddable":true,"href":"https:\/\/voxsahel.com\/index.php?rest_route=%2Fwp%2Fv2%2Fcomments&post=1113"}],"version-history":[{"count":1,"href":"https:\/\/voxsahel.com\/index.php?rest_route=\/wp\/v2\/posts\/1113\/revisions"}],"predecessor-version":[{"id":1115,"href":"https:\/\/voxsahel.com\/index.php?rest_route=\/wp\/v2\/posts\/1113\/revisions\/1115"}],"wp:featuredmedia":[{"embeddable":true,"href":"https:\/\/voxsahel.com\/index.php?rest_route=\/wp\/v2\/media\/1114"}],"wp:attachment":[{"href":"https:\/\/voxsahel.com\/index.php?rest_route=%2Fwp%2Fv2%2Fmedia&parent=1113"}],"wp:term":[{"taxonomy":"category","embeddable":true,"href":"https:\/\/voxsahel.com\/index.php?rest_route=%2Fwp%2Fv2%2Fcategories&post=1113"},{"taxonomy":"post_tag","embeddable":true,"href":"https:\/\/voxsahel.com\/index.php?rest_route=%2Fwp%2Fv2%2Ftags&post=1113"}],"curies":[{"name":"wp","href":"https:\/\/api.w.org\/{rel}","templated":true}]}}