{"id":1109,"date":"2024-12-25T11:05:20","date_gmt":"2024-12-25T11:05:20","guid":{"rendered":"https:\/\/voxsahel.com\/?p=1109"},"modified":"2024-12-25T11:05:20","modified_gmt":"2024-12-25T11:05:20","slug":"fetes-de-fin-dannee-le-centre-international-devangelisation-offre-des-vivres-et-des-kits-aux-personnes-vulnerables","status":"publish","type":"post","link":"https:\/\/voxsahel.com\/?p=1109","title":{"rendered":"F\u00eates de fin d&rsquo;ann\u00e9e : Le Centre international d\u2019\u00e9vang\u00e9lisation offre des vivres et des kits aux personnes vuln\u00e9rables"},"content":{"rendered":"<p class=\"p1\"><strong>Le Centre international d\u2019\u00e9vang\u00e9lisation (CIE) a organis\u00e9 le 24 d\u00e9cembre 2024 une grande journ\u00e9e de distribution de vivres, de v\u00eatements, de savons et de kits alimentaires au profit des personnes vuln\u00e9rables \u00e0 Ouagadougou.<\/strong><\/p>\n<p class=\"p1\"><span class=\"s1\">Le Centre international d&rsquo;\u00e9vang\u00e9lisation (CIE) se pr\u00e9occupe du bien-\u00eatre des personnes vuln\u00e9rables. <\/span>C&rsquo;est pourquoi depuis des ann\u00e9es \u00e0 la fin de chaque ann\u00e9e, il organise des distributions de vivres entre pour apporter un peu de sourire \u00e0 ces derni\u00e8res. Cette ann\u00e9e encore ,ila organis\u00e9 une activit\u00e9 entrant dans ce cadre.<\/p>\n<p class=\"p1\"><span class=\"s1\">Ainsi plus de 5 000 personnes, dont des personnes d\u00e9plac\u00e9es internes (PDI), des veuves et des orphelins, ont pu recevoir des dons. En plus de ces cadeaux, les b\u00e9n\u00e9ficiaires ont \u00e9t\u00e9 invit\u00e9s \u00e0 partager une collation, favorisant des moments de convivialit\u00e9 et de solidarit\u00e9. <\/span><\/p>\n<p class=\"p1\"><span class=\"s1\">\u00c0 travers cette action, le<\/span> pasteur<span class=\"s1\"> Mamadou Philippe Karambiri, fondateur du CIE, et son \u00e9pouse, Dr Hortense Karambiri, ont exprim\u00e9 leur soutien et solidarit\u00e9 envers ceux qui traversent des p\u00e9riodes difficiles. Selon le pasteur Karambiri, cet \u00e9v\u00e9nement a pour but d\u2019offrir un soulagement, aussi modeste soit-il, aux plus vuln\u00e9rables en cette p\u00e9riode festive. <\/span><\/p>\n<p class=\"p1\"><span class=\"s1\">Il a aussi invit\u00e9 la population \u00e0 se mobiliser davantage pour aider les personnes dans le besoin.\u00ab Nous vivons dans un pays qui traverse des moments particuli\u00e8rement difficiles, et les populations d\u00e9plac\u00e9es internes (PDI) sont dans le besoin. <\/span><\/p>\n<p class=\"p1\"><span class=\"s1\">Il serait irresponsable de fermer les yeux sur cette r\u00e9alit\u00e9. Nous sommes appel\u00e9s \u00e0 agir, \u00e0 tendre la main et \u00e0 \u00eatre une source d\u2019espoir pour ces fr\u00e8res et s\u0153urs qui sont dans la d\u00e9tresse \u00bb, a-t-il soulign\u00e9.Les b\u00e9n\u00e9ficiaires ont exprim\u00e9 leur gratitude et leurs v\u0153ux de sant\u00e9, de prosp\u00e9rit\u00e9 et de succ\u00e8s \u00e0 l\u2019endroit des donateurs.<\/span><\/p>\n<p class=\"p1\" style=\"text-align: left;\"><span class=\"s1\"> C\u00e9cile Ou\u00e9draogo, porte-parole des b\u00e9n\u00e9ficiaires, a remerci\u00e9 le couple pour ce geste \u00e0 leur endroit. \u00ab Je suis tr\u00e8s heureuse d\u2019avoir re\u00e7u ce don. Je remercie pasteur Karambiri et son \u00e9pouse. Que Dieu leur donne une longue vie, de la prosp\u00e9rit\u00e9 et du succ\u00e8s dans leur travail. \u00bb, a-t-elle fait savoir .Cet acte de g\u00e9n\u00e9rosit\u00e9 a apport\u00e9 un peu de lumi\u00e8re et d\u2019espoir en ces temps difficiles pour de nombreuses familles \u00e0 Ouagadougou.<\/span><\/p>\n<p class=\"p1\" style=\"text-align: right;\"><span class=\"s1\"><b><br \/>\nPar Amir BAKO<\/b><\/span><\/p>\n","protected":false},"excerpt":{"rendered":"<p>Le Centre international d\u2019\u00e9vang\u00e9lisation (CIE) a organis\u00e9 le 24 d\u00e9cembre 2024 une grande journ\u00e9e de<\/p>\n","protected":false},"author":2,"featured_media":1111,"comment_status":"open","ping_status":"open","sticky":false,"template":"","format":"standard","meta":{"_et_pb_use_builder":"","_et_pb_old_content":"","_et_gb_content_width":"","footnotes":""},"categories":[5],"tags":[18,525,483,526,387],"class_list":["post-1109","post","type-post","status-publish","format-standard","has-post-thumbnail","hentry","category-societe","tag-burkina-faso","tag-centre-international-devangelisation","tag-noel","tag-pasteur-mamadou-philippe-karambiri","tag-religion"],"yoast_head":"<!-- This site is optimized with the Yoast SEO plugin v27.5 - https:\/\/yoast.com\/product\/yoast-seo-wordpress\/ -->\n<title>F\u00eates de fin d&#039;ann\u00e9e : Le Centre international d\u2019\u00e9vang\u00e9lisation offre des vivres et des kits aux personnes vuln\u00e9rables - Vox Sahel<\/title>\n<meta name=\"robots\" content=\"index, follow, max-snippet:-1, max-image-preview:large, max-video-preview:-1\" \/>\n<link rel=\"canonical\" href=\"https:\/\/voxsahel.com\/?p=1109\" \/>\n<meta property=\"og:locale\" content=\"fr_FR\" \/>\n<meta property=\"og:type\" content=\"article\" \/>\n<meta property=\"og:title\" content=\"F\u00eates de fin d&#039;ann\u00e9e : Le Centre international d\u2019\u00e9vang\u00e9lisation offre des vivres et des kits aux personnes vuln\u00e9rables - Vox Sahel\" \/>\n<meta property=\"og:description\" content=\"Le Centre international d\u2019\u00e9vang\u00e9lisation (CIE) a organis\u00e9 le 24 d\u00e9cembre 2024 une grande journ\u00e9e de\" \/>\n<meta property=\"og:url\" content=\"https:\/\/voxsahel.com\/?p=1109\" \/>\n<meta property=\"og:site_name\" content=\"Vox Sahel\" \/>\n<meta property=\"article:publisher\" content=\"https:\/\/www.facebook.com\/journal.voxsahel\" \/>\n<meta property=\"article:published_time\" content=\"2024-12-25T11:05:20+00:00\" \/>\n<meta property=\"og:image\" content=\"https:\/\/voxsahel.com\/wp-content\/uploads\/2024\/12\/e210fe49-2f5c-4f06-b3c8-69b46cf5e931.jpeg\" \/>\n\t<meta property=\"og:image:width\" content=\"780\" \/>\n\t<meta property=\"og:image:height\" content=\"470\" \/>\n\t<meta property=\"og:image:type\" content=\"image\/jpeg\" \/>\n<meta name=\"author\" content=\"Vox Sahel\" \/>\n<meta name=\"twitter:card\" content=\"summary_large_image\" \/>\n<meta name=\"twitter:label1\" content=\"\u00c9crit par\" \/>\n\t<meta name=\"twitter:data1\" content=\"Vox Sahel\" \/>\n\t<meta name=\"twitter:label2\" content=\"Dur\u00e9e de lecture estim\u00e9e\" \/>\n\t<meta name=\"twitter:data2\" content=\"2 minutes\" \/>\n<script type=\"application\/ld+json\" class=\"yoast-schema-graph\">{\"@context\":\"https:\\\/\\\/schema.org\",\"@graph\":[{\"@type\":\"Article\",\"@id\":\"https:\\\/\\\/voxsahel.com\\\/?p=1109#article\",\"isPartOf\":{\"@id\":\"https:\\\/\\\/voxsahel.com\\\/?p=1109\"},\"author\":{\"name\":\"Vox Sahel\",\"@id\":\"https:\\\/\\\/voxsahel.com\\\/#\\\/schema\\\/person\\\/b4043608248f8fa227cd760e7ff1e19e\"},\"headline\":\"F\u00eates de fin d&rsquo;ann\u00e9e : Le Centre international d\u2019\u00e9vang\u00e9lisation offre des vivres et des kits aux personnes vuln\u00e9rables\",\"datePublished\":\"2024-12-25T11:05:20+00:00\",\"mainEntityOfPage\":{\"@id\":\"https:\\\/\\\/voxsahel.com\\\/?p=1109\"},\"wordCount\":410,\"commentCount\":0,\"publisher\":{\"@id\":\"https:\\\/\\\/voxsahel.com\\\/#organization\"},\"image\":{\"@id\":\"https:\\\/\\\/voxsahel.com\\\/?p=1109#primaryimage\"},\"thumbnailUrl\":\"https:\\\/\\\/voxsahel.com\\\/wp-content\\\/uploads\\\/2024\\\/12\\\/e210fe49-2f5c-4f06-b3c8-69b46cf5e931.jpeg\",\"keywords\":[\"Burkina Faso\",\"Centre international d'\u00e9vang\u00e9lisation\",\"No\u00ebl\",\"Pasteur Mamadou Philippe Karambiri\",\"Religion\"],\"articleSection\":[\"SOCIETE\"],\"inLanguage\":\"fr-FR\",\"potentialAction\":[{\"@type\":\"CommentAction\",\"name\":\"Comment\",\"target\":[\"https:\\\/\\\/voxsahel.com\\\/?p=1109#respond\"]}]},{\"@type\":\"WebPage\",\"@id\":\"https:\\\/\\\/voxsahel.com\\\/?p=1109\",\"url\":\"https:\\\/\\\/voxsahel.com\\\/?p=1109\",\"name\":\"F\u00eates de fin d'ann\u00e9e : Le Centre international d\u2019\u00e9vang\u00e9lisation offre des vivres et des kits aux personnes vuln\u00e9rables - Vox Sahel\",\"isPartOf\":{\"@id\":\"https:\\\/\\\/voxsahel.com\\\/#website\"},\"primaryImageOfPage\":{\"@id\":\"https:\\\/\\\/voxsahel.com\\\/?p=1109#primaryimage\"},\"image\":{\"@id\":\"https:\\\/\\\/voxsahel.com\\\/?p=1109#primaryimage\"},\"thumbnailUrl\":\"https:\\\/\\\/voxsahel.com\\\/wp-content\\\/uploads\\\/2024\\\/12\\\/e210fe49-2f5c-4f06-b3c8-69b46cf5e931.jpeg\",\"datePublished\":\"2024-12-25T11:05:20+00:00\",\"breadcrumb\":{\"@id\":\"https:\\\/\\\/voxsahel.com\\\/?p=1109#breadcrumb\"},\"inLanguage\":\"fr-FR\",\"potentialAction\":[{\"@type\":\"ReadAction\",\"target\":[\"https:\\\/\\\/voxsahel.com\\\/?p=1109\"]}]},{\"@type\":\"ImageObject\",\"inLanguage\":\"fr-FR\",\"@id\":\"https:\\\/\\\/voxsahel.com\\\/?p=1109#primaryimage\",\"url\":\"https:\\\/\\\/voxsahel.com\\\/wp-content\\\/uploads\\\/2024\\\/12\\\/e210fe49-2f5c-4f06-b3c8-69b46cf5e931.jpeg\",\"contentUrl\":\"https:\\\/\\\/voxsahel.com\\\/wp-content\\\/uploads\\\/2024\\\/12\\\/e210fe49-2f5c-4f06-b3c8-69b46cf5e931.jpeg\",\"width\":780,\"height\":470},{\"@type\":\"BreadcrumbList\",\"@id\":\"https:\\\/\\\/voxsahel.com\\\/?p=1109#breadcrumb\",\"itemListElement\":[{\"@type\":\"ListItem\",\"position\":1,\"name\":\"Home\",\"item\":\"https:\\\/\\\/voxsahel.com\\\/\"},{\"@type\":\"ListItem\",\"position\":2,\"name\":\"F\u00eates de fin d&rsquo;ann\u00e9e : Le Centre international d\u2019\u00e9vang\u00e9lisation offre des vivres et des kits aux personnes vuln\u00e9rables\"}]},{\"@type\":\"WebSite\",\"@id\":\"https:\\\/\\\/voxsahel.com\\\/#website\",\"url\":\"https:\\\/\\\/voxsahel.com\\\/\",\"name\":\"Vox Sahel\",\"description\":\"Informez-vous sur le Sahel en un clic\",\"publisher\":{\"@id\":\"https:\\\/\\\/voxsahel.com\\\/#organization\"},\"potentialAction\":[{\"@type\":\"SearchAction\",\"target\":{\"@type\":\"EntryPoint\",\"urlTemplate\":\"https:\\\/\\\/voxsahel.com\\\/?s={search_term_string}\"},\"query-input\":{\"@type\":\"PropertyValueSpecification\",\"valueRequired\":true,\"valueName\":\"search_term_string\"}}],\"inLanguage\":\"fr-FR\"},{\"@type\":\"Organization\",\"@id\":\"https:\\\/\\\/voxsahel.com\\\/#organization\",\"name\":\"Vox Sahel\",\"url\":\"https:\\\/\\\/voxsahel.com\\\/\",\"logo\":{\"@type\":\"ImageObject\",\"inLanguage\":\"fr-FR\",\"@id\":\"https:\\\/\\\/voxsahel.com\\\/#\\\/schema\\\/logo\\\/image\\\/\",\"url\":\"https:\\\/\\\/voxsahel.com\\\/wp-content\\\/uploads\\\/2024\\\/09\\\/Logo-Vox-Sahel.jpg\",\"contentUrl\":\"https:\\\/\\\/voxsahel.com\\\/wp-content\\\/uploads\\\/2024\\\/09\\\/Logo-Vox-Sahel.jpg\",\"width\":1181,\"height\":848,\"caption\":\"Vox Sahel\"},\"image\":{\"@id\":\"https:\\\/\\\/voxsahel.com\\\/#\\\/schema\\\/logo\\\/image\\\/\"},\"sameAs\":[\"https:\\\/\\\/www.facebook.com\\\/journal.voxsahel\"]},{\"@type\":\"Person\",\"@id\":\"https:\\\/\\\/voxsahel.com\\\/#\\\/schema\\\/person\\\/b4043608248f8fa227cd760e7ff1e19e\",\"name\":\"Vox Sahel\",\"image\":{\"@type\":\"ImageObject\",\"inLanguage\":\"fr-FR\",\"@id\":\"https:\\\/\\\/secure.gravatar.com\\\/avatar\\\/f70e7fa0cb9b29d4a7c5788d6eb2e9ab4d3135cbae1c9161810fdf77a8964699?s=96&d=mm&r=g\",\"url\":\"https:\\\/\\\/secure.gravatar.com\\\/avatar\\\/f70e7fa0cb9b29d4a7c5788d6eb2e9ab4d3135cbae1c9161810fdf77a8964699?s=96&d=mm&r=g\",\"contentUrl\":\"https:\\\/\\\/secure.gravatar.com\\\/avatar\\\/f70e7fa0cb9b29d4a7c5788d6eb2e9ab4d3135cbae1c9161810fdf77a8964699?s=96&d=mm&r=g\",\"caption\":\"Vox Sahel\"},\"sameAs\":[\"http:\\\/\\\/www.voxsahel.com\"],\"url\":\"https:\\\/\\\/voxsahel.com\\\/?author=2\"}]}<\/script>\n<!-- \/ Yoast SEO plugin. -->","yoast_head_json":{"title":"F\u00eates de fin d'ann\u00e9e : Le Centre international d\u2019\u00e9vang\u00e9lisation offre des vivres et des kits aux personnes vuln\u00e9rables - Vox Sahel","robots":{"index":"index","follow":"follow","max-snippet":"max-snippet:-1","max-image-preview":"max-image-preview:large","max-video-preview":"max-video-preview:-1"},"canonical":"https:\/\/voxsahel.com\/?p=1109","og_locale":"fr_FR","og_type":"article","og_title":"F\u00eates de fin d'ann\u00e9e : Le Centre international d\u2019\u00e9vang\u00e9lisation offre des vivres et des kits aux personnes vuln\u00e9rables - Vox Sahel","og_description":"Le Centre international d\u2019\u00e9vang\u00e9lisation (CIE) a organis\u00e9 le 24 d\u00e9cembre 2024 une grande journ\u00e9e de","og_url":"https:\/\/voxsahel.com\/?p=1109","og_site_name":"Vox Sahel","article_publisher":"https:\/\/www.facebook.com\/journal.voxsahel","article_published_time":"2024-12-25T11:05:20+00:00","og_image":[{"width":780,"height":470,"url":"https:\/\/voxsahel.com\/wp-content\/uploads\/2024\/12\/e210fe49-2f5c-4f06-b3c8-69b46cf5e931.jpeg","type":"image\/jpeg"}],"author":"Vox Sahel","twitter_card":"summary_large_image","twitter_misc":{"\u00c9crit par":"Vox Sahel","Dur\u00e9e de lecture estim\u00e9e":"2 minutes"},"schema":{"@context":"https:\/\/schema.org","@graph":[{"@type":"Article","@id":"https:\/\/voxsahel.com\/?p=1109#article","isPartOf":{"@id":"https:\/\/voxsahel.com\/?p=1109"},"author":{"name":"Vox Sahel","@id":"https:\/\/voxsahel.com\/#\/schema\/person\/b4043608248f8fa227cd760e7ff1e19e"},"headline":"F\u00eates de fin d&rsquo;ann\u00e9e : Le Centre international d\u2019\u00e9vang\u00e9lisation offre des vivres et des kits aux personnes vuln\u00e9rables","datePublished":"2024-12-25T11:05:20+00:00","mainEntityOfPage":{"@id":"https:\/\/voxsahel.com\/?p=1109"},"wordCount":410,"commentCount":0,"publisher":{"@id":"https:\/\/voxsahel.com\/#organization"},"image":{"@id":"https:\/\/voxsahel.com\/?p=1109#primaryimage"},"thumbnailUrl":"https:\/\/voxsahel.com\/wp-content\/uploads\/2024\/12\/e210fe49-2f5c-4f06-b3c8-69b46cf5e931.jpeg","keywords":["Burkina Faso","Centre international d'\u00e9vang\u00e9lisation","No\u00ebl","Pasteur Mamadou Philippe Karambiri","Religion"],"articleSection":["SOCIETE"],"inLanguage":"fr-FR","potentialAction":[{"@type":"CommentAction","name":"Comment","target":["https:\/\/voxsahel.com\/?p=1109#respond"]}]},{"@type":"WebPage","@id":"https:\/\/voxsahel.com\/?p=1109","url":"https:\/\/voxsahel.com\/?p=1109","name":"F\u00eates de fin d'ann\u00e9e : Le Centre international d\u2019\u00e9vang\u00e9lisation offre des vivres et des kits aux personnes vuln\u00e9rables - Vox Sahel","isPartOf":{"@id":"https:\/\/voxsahel.com\/#website"},"primaryImageOfPage":{"@id":"https:\/\/voxsahel.com\/?p=1109#primaryimage"},"image":{"@id":"https:\/\/voxsahel.com\/?p=1109#primaryimage"},"thumbnailUrl":"https:\/\/voxsahel.com\/wp-content\/uploads\/2024\/12\/e210fe49-2f5c-4f06-b3c8-69b46cf5e931.jpeg","datePublished":"2024-12-25T11:05:20+00:00","breadcrumb":{"@id":"https:\/\/voxsahel.com\/?p=1109#breadcrumb"},"inLanguage":"fr-FR","potentialAction":[{"@type":"ReadAction","target":["https:\/\/voxsahel.com\/?p=1109"]}]},{"@type":"ImageObject","inLanguage":"fr-FR","@id":"https:\/\/voxsahel.com\/?p=1109#primaryimage","url":"https:\/\/voxsahel.com\/wp-content\/uploads\/2024\/12\/e210fe49-2f5c-4f06-b3c8-69b46cf5e931.jpeg","contentUrl":"https:\/\/voxsahel.com\/wp-content\/uploads\/2024\/12\/e210fe49-2f5c-4f06-b3c8-69b46cf5e931.jpeg","width":780,"height":470},{"@type":"BreadcrumbList","@id":"https:\/\/voxsahel.com\/?p=1109#breadcrumb","itemListElement":[{"@type":"ListItem","position":1,"name":"Home","item":"https:\/\/voxsahel.com\/"},{"@type":"ListItem","position":2,"name":"F\u00eates de fin d&rsquo;ann\u00e9e : Le Centre international d\u2019\u00e9vang\u00e9lisation offre des vivres et des kits aux personnes vuln\u00e9rables"}]},{"@type":"WebSite","@id":"https:\/\/voxsahel.com\/#website","url":"https:\/\/voxsahel.com\/","name":"Vox Sahel","description":"Informez-vous sur le Sahel en un clic","publisher":{"@id":"https:\/\/voxsahel.com\/#organization"},"potentialAction":[{"@type":"SearchAction","target":{"@type":"EntryPoint","urlTemplate":"https:\/\/voxsahel.com\/?s={search_term_string}"},"query-input":{"@type":"PropertyValueSpecification","valueRequired":true,"valueName":"search_term_string"}}],"inLanguage":"fr-FR"},{"@type":"Organization","@id":"https:\/\/voxsahel.com\/#organization","name":"Vox Sahel","url":"https:\/\/voxsahel.com\/","logo":{"@type":"ImageObject","inLanguage":"fr-FR","@id":"https:\/\/voxsahel.com\/#\/schema\/logo\/image\/","url":"https:\/\/voxsahel.com\/wp-content\/uploads\/2024\/09\/Logo-Vox-Sahel.jpg","contentUrl":"https:\/\/voxsahel.com\/wp-content\/uploads\/2024\/09\/Logo-Vox-Sahel.jpg","width":1181,"height":848,"caption":"Vox Sahel"},"image":{"@id":"https:\/\/voxsahel.com\/#\/schema\/logo\/image\/"},"sameAs":["https:\/\/www.facebook.com\/journal.voxsahel"]},{"@type":"Person","@id":"https:\/\/voxsahel.com\/#\/schema\/person\/b4043608248f8fa227cd760e7ff1e19e","name":"Vox Sahel","image":{"@type":"ImageObject","inLanguage":"fr-FR","@id":"https:\/\/secure.gravatar.com\/avatar\/f70e7fa0cb9b29d4a7c5788d6eb2e9ab4d3135cbae1c9161810fdf77a8964699?s=96&d=mm&r=g","url":"https:\/\/secure.gravatar.com\/avatar\/f70e7fa0cb9b29d4a7c5788d6eb2e9ab4d3135cbae1c9161810fdf77a8964699?s=96&d=mm&r=g","contentUrl":"https:\/\/secure.gravatar.com\/avatar\/f70e7fa0cb9b29d4a7c5788d6eb2e9ab4d3135cbae1c9161810fdf77a8964699?s=96&d=mm&r=g","caption":"Vox Sahel"},"sameAs":["http:\/\/www.voxsahel.com"],"url":"https:\/\/voxsahel.com\/?author=2"}]}},"_links":{"self":[{"href":"https:\/\/voxsahel.com\/index.php?rest_route=\/wp\/v2\/posts\/1109","targetHints":{"allow":["GET"]}}],"collection":[{"href":"https:\/\/voxsahel.com\/index.php?rest_route=\/wp\/v2\/posts"}],"about":[{"href":"https:\/\/voxsahel.com\/index.php?rest_route=\/wp\/v2\/types\/post"}],"author":[{"embeddable":true,"href":"https:\/\/voxsahel.com\/index.php?rest_route=\/wp\/v2\/users\/2"}],"replies":[{"embeddable":true,"href":"https:\/\/voxsahel.com\/index.php?rest_route=%2Fwp%2Fv2%2Fcomments&post=1109"}],"version-history":[{"count":1,"href":"https:\/\/voxsahel.com\/index.php?rest_route=\/wp\/v2\/posts\/1109\/revisions"}],"predecessor-version":[{"id":1112,"href":"https:\/\/voxsahel.com\/index.php?rest_route=\/wp\/v2\/posts\/1109\/revisions\/1112"}],"wp:featuredmedia":[{"embeddable":true,"href":"https:\/\/voxsahel.com\/index.php?rest_route=\/wp\/v2\/media\/1111"}],"wp:attachment":[{"href":"https:\/\/voxsahel.com\/index.php?rest_route=%2Fwp%2Fv2%2Fmedia&parent=1109"}],"wp:term":[{"taxonomy":"category","embeddable":true,"href":"https:\/\/voxsahel.com\/index.php?rest_route=%2Fwp%2Fv2%2Fcategories&post=1109"},{"taxonomy":"post_tag","embeddable":true,"href":"https:\/\/voxsahel.com\/index.php?rest_route=%2Fwp%2Fv2%2Ftags&post=1109"}],"curies":[{"name":"wp","href":"https:\/\/api.w.org\/{rel}","templated":true}]}}