{"id":1105,"date":"2024-12-25T10:39:45","date_gmt":"2024-12-25T10:39:45","guid":{"rendered":"https:\/\/voxsahel.com\/?p=1105"},"modified":"2024-12-25T10:39:45","modified_gmt":"2024-12-25T10:39:45","slug":"renouvellement-des-instances-du-conseil-national-de-leconomie-informelle-du-burkina-le-bureau-executif-repond-a-ses-detracteurs","status":"publish","type":"post","link":"https:\/\/voxsahel.com\/?p=1105","title":{"rendered":"Renouvellement des instances du Conseil national de l&rsquo;\u00e9conomie informelle du Burkina : Le Bureau ex\u00e9cutif r\u00e9pond \u00e0 ses d\u00e9tracteurs"},"content":{"rendered":"<p class=\"p1\"><b>Ceci est une d\u00e9claration du Conseil national de l&rsquo;\u00e9conomie informelle du Burkina Faso sur les contestations relatives au congr\u00e8s du 28 novembre dernier. Le CNEI-BF<br \/>\n<\/b><\/p>\n<p class=\"p1\"><span class=\"s1\">\u00a0<\/span>Le Conseil National de l\u2019Economie Informelle du BurkinaFaso (CNEI-BF), unique fa\u00eeti\u00e8re des organisationsprofessionnelles du secteur informel de notre pays, vient par la pr\u00e9sente clarifier la position du bureau ex\u00e9cutif national, face aux r\u00e9centes sorties m\u00e9diatiques d&rsquo;une minorit\u00e9 de dissidents, suite au renouvellement de nos instances, le jeudi 28 novembre 2024 dernier. Nousrappelons \u00e0 nos lecteurs que le Conseil National del\u2019Economie Informelle du Burkina Faso assumepleinement aujourd\u2019hui son r\u00f4le f\u00e9d\u00e9rateur et d\u2019interfaceentre les organisations de travailleurs du secteur informelavec l\u2019Etat et les autres partenaires au d\u00e9veloppement.LeBureau Ex\u00e9cutif National nouvellement constitu\u00e9 voudraitau nom des travailleurs du secteur informel, r\u00e9it\u00e9rer sessinc\u00e8res remerciements et gratitudes \u00e0 Son ExcellenceMonsieur le Pr\u00e9sident du Faso, au Premier Ministre et \u00e0tous les membres du Gouvernement pour toutes lesinitiatives men\u00e9es en mati\u00e8re d\u2019accompagnement dusecteur informel. \u00a0Le Bureau Ex\u00e9cutif tient \u00e0 prendrel\u2019opinion nationale \u00e0 t\u00e9moin que pour fournir l\u2019informationjuste sur la p\u00e9riode de renouvellement du bureauconform\u00e9ment aux dispositions l\u00e9gales, une largeconcertation a r\u00e9uni les membres du bureau ex\u00e9cutif et lespr\u00e9sidents r\u00e9gionaux, les 24 et 26 octobre 2024. A cesrencontres pr\u00e9paratoires, tous les membres pr\u00e9sents ontmanifest\u00e9 \u00e0 l\u2019unanimit\u00e9 leur volont\u00e9 commune de fairepr\u00e9valoir le consensus autour de la reconduction desmembres du bureau ex\u00e9cutif national et des bureaux der\u00e9gion.<\/p>\n<p class=\"p1\"><span class=\"s1\">Conform\u00e9ment \u00e0 l\u2019article 29 des statuts actuels de lafaiti\u00e8re, les participants au Congr\u00e8s sont :<\/span><\/p>\n<p class=\"p3\"><span class=\"s1\">&#8211; les membres du Bureau Ex\u00e9cutif National (aunombre de 41) ;<\/span><\/p>\n<p class=\"p3\"><span class=\"s1\">&#8211; les commissaires au Compte au niveau national(au nombre de 02) ;<\/span><\/p>\n<p class=\"p3\"><span class=\"s1\">&#8211; les conseillers (au nombre de 14) ;<\/span><\/p>\n<p class=\"p3\"><span class=\"s1\">&#8211; les d\u00e9l\u00e9gu\u00e9s r\u00e9gionaux (au nombre de 13) ;<\/span><\/p>\n<p class=\"p3\"><span class=\"s1\">&#8211; les d\u00e9l\u00e9gu\u00e9s des Burkinab\u00e8 de l&rsquo;\u00e9tranger (00).<\/span><\/p>\n<p class=\"p1\"><span class=\"s1\">Il y a lieu de remarquer \u00e0 travers cette seule disposition,que nos d\u00e9tracteurs ne connaissent pas vraiment lecontenu des textes qui r\u00e9gissent le CNEI-BF, quand ilsannoncent dans les m\u00e9dias que les participants devraientavoisiner 400.<\/span><\/p>\n<p class=\"p1\"><span class=\"s1\">Pire, certains parmi eux sont m\u00e9connus de notre base dedonn\u00e9es pour raison d\u2019absence et\/ou de d\u00e9mission, dontla derni\u00e8re en date est celle du Secr\u00e9taire G\u00e9n\u00e9ral.<\/span><\/p>\n<p class=\"p1\"><span class=\"s1\">Aussi, pour garantir la transparence du processus\u00e9lectoral dans le strict respect des principesd\u2019ind\u00e9pendances et d\u2019impartialit\u00e9 telles qu\u2019exig\u00e9e par leminist\u00e8re de tutelle technique, l\u2019Etude de Ma\u00eetre B. RaoulDA, huissier de justice a \u00e9t\u00e9 saisi pour constater la tenueeffective desdites \u00e9lections et fournir l\u2019encadrementjuridique ad\u00e9quat. C\u2019est l\u2019occasion pour nous de remerciernos anciens membres aujourd\u2019hui dissidents, qui nous ontpermis d\u2019atteindre le quorum par leur pr\u00e9sence effective \u00e0Tenkodogo. Un aper\u00e7u de la liste de pr\u00e9sence du congr\u00e8spermettra \u00e0 qui le voudra, de v\u00e9rifier cesaffirmations.Aussi \u00e0 la date de cl\u00f4ture des d\u00e9p\u00f4ts decandidature pour le poste de Pr\u00e9sident du bureau ex\u00e9cutifle vendredi 22 novembre 2024 \u00e0 15h00 (date), un seuldossier a \u00e9t\u00e9 r\u00e9ceptionn\u00e9 par la Commission Nationaled\u2019Organisation des Elections (CNOE). Il s\u2019agit duPr\u00e9sident sortant pour sa propre succession, MonsieurSalifou NIKIEMA.Les statistiques officielles d\u00e9montrentque l\u2019\u00e9conomie informelle dans notre pays souffre d\u2019unacc\u00e8s restreint \u00e0 un ensemble d\u2019outils et de facteurs deproduction dont le financement, les locaux, le mat\u00e9riels etles \u00e9quipements, les formations techniques etmanag\u00e9riales, les d\u00e9bouch\u00e9s commerciaux, etc. Releverces d\u00e9fis permettrait d\u2019augmenter la comp\u00e9titivit\u00e9,d\u2019accroitre le volume d\u2019activit\u00e9 et d\u2019amorcer logiquement lechemin vers la formalisation. C\u2019est pourquoi, le CNEI-BFvoudrait interpeller les plus hautes autorit\u00e9s de notre pays\u00e0 surveiller l\u2019agenda des dissidents qui pour nous pourraitaller au-del\u00e0 de toute consid\u00e9ration li\u00e9e \u00e0 la gouvernancedu secteur informel.Pour notre part, les travailleurs dusecteur informel r\u00e9it\u00e8rent leur disponibilit\u00e9 et leurengagement \u00e0 accompagner le Pr\u00e9sident du Faso, avec \u00e0sa t\u00eate, le Capitaine Ibrahim TRAORE, le Premier MinistreJean Emmanuel OUEDRAOGO et l\u2019ensemble de \u00a0sonGouvernement, dans leur qu\u00eate de solutions auxpr\u00e9occupations concernant l\u2019\u00e9conomie informelle. Nousinvitons le Gouvernement \u00e0 \u00eatre toujours \u00e0 l\u2019\u00e9coute de cesecteur et \u00e0 multiplier les cadres de concertation, tout enassociant l\u2019\u00e9conomie informelle aux processus de prise ded\u00e9cision.<\/span><\/p>\n<p class=\"p1\"><span class=\"s2\">Notre d\u00e9termination reste sans failles pour \u0153uvrer \u00e0l\u2019atteinte de nos missions telles que d\u00e9clin\u00e9es dansnos textes,<\/span> <span class=\"s2\">en d\u00e9pit des menaces \u00e0 l\u2019exemple decelles subies le 19 d\u00e9cembre dernier, et pourlesquelles nous prenons l\u2019opinion nationale \u00e0 t\u00e9moinde la suite qui y sera r\u00e9serv\u00e9e.<\/span><\/p>\n<p class=\"p1\"><span class=\"s1\">Le bureau national voudrait rassurer l\u2019ensemble despartenaires qui ont toujours soutenu la faiti\u00e8re, de sar\u00e9silience et sa pleine disponibilit\u00e9 \u00e0 remplir sesengagements pr\u00e9sents et \u00e0 venir.<\/span><\/p>\n<p class=\"p1\"><span class=\"s1\">Vives nos vaillantes forces de d\u00e9fense et de s\u00e9curit\u00e9 ;<\/span><\/p>\n<p class=\"p1\"><span class=\"s1\">Que la paix et la coh\u00e9sion sociale reviennent au BurkinaFaso,<\/span><\/p>\n<p class=\"p1\"><span class=\"s3\">Ouagadougou, le 23 d\u00e9cembre 2024<\/span><\/p>\n<p class=\"p1\"><span class=\"s2\">Le Conseil National de l\u2019Economie Informelle duBurkina Faso,<\/span><\/p>\n<p class=\"p1\"><span class=\"s2\">Pour le Bureau Ex\u00e9cutif National,<\/span><\/p>\n<p class=\"p1\"><span class=\"s1\">\u00a0<\/span><\/p>\n<p class=\"p1\"><span class=\"s1\">\u00a0<\/span><\/p>\n","protected":false},"excerpt":{"rendered":"<p>Ceci est une d\u00e9claration du Conseil national de l&rsquo;\u00e9conomie informelle du Burkina Faso sur les<\/p>\n","protected":false},"author":2,"featured_media":1107,"comment_status":"open","ping_status":"open","sticky":false,"template":"","format":"standard","meta":{"_et_pb_use_builder":"","_et_pb_old_content":"","_et_gb_content_width":"","footnotes":""},"categories":[5],"tags":[43,18,90,465,64,479],"class_list":["post-1105","post","type-post","status-publish","format-standard","has-post-thumbnail","hentry","category-societe","tag-association","tag-burkina-faso","tag-economie","tag-economie-informelle","tag-organisation-de-la-societe-civile","tag-societe"],"yoast_head":"<!-- This site is optimized with the Yoast SEO plugin v27.5 - https:\/\/yoast.com\/product\/yoast-seo-wordpress\/ -->\n<title>Renouvellement des instances du Conseil national de l&#039;\u00e9conomie informelle du Burkina : Le Bureau ex\u00e9cutif r\u00e9pond \u00e0 ses d\u00e9tracteurs - Vox Sahel<\/title>\n<meta name=\"robots\" content=\"index, follow, max-snippet:-1, max-image-preview:large, max-video-preview:-1\" \/>\n<link rel=\"canonical\" href=\"https:\/\/voxsahel.com\/?p=1105\" \/>\n<meta property=\"og:locale\" content=\"fr_FR\" \/>\n<meta property=\"og:type\" content=\"article\" \/>\n<meta property=\"og:title\" content=\"Renouvellement des instances du Conseil national de l&#039;\u00e9conomie informelle du Burkina : Le Bureau ex\u00e9cutif r\u00e9pond \u00e0 ses d\u00e9tracteurs - Vox Sahel\" \/>\n<meta property=\"og:description\" content=\"Ceci est une d\u00e9claration du Conseil national de l&rsquo;\u00e9conomie informelle du Burkina Faso sur les\" \/>\n<meta property=\"og:url\" content=\"https:\/\/voxsahel.com\/?p=1105\" \/>\n<meta property=\"og:site_name\" content=\"Vox Sahel\" \/>\n<meta property=\"article:publisher\" content=\"https:\/\/www.facebook.com\/journal.voxsahel\" \/>\n<meta property=\"article:published_time\" content=\"2024-12-25T10:39:45+00:00\" \/>\n<meta property=\"og:image\" content=\"https:\/\/voxsahel.com\/wp-content\/uploads\/2024\/12\/IMG_5656.jpeg\" \/>\n\t<meta property=\"og:image:width\" content=\"961\" \/>\n\t<meta property=\"og:image:height\" content=\"961\" \/>\n\t<meta property=\"og:image:type\" content=\"image\/jpeg\" \/>\n<meta name=\"author\" content=\"Vox Sahel\" \/>\n<meta name=\"twitter:card\" content=\"summary_large_image\" \/>\n<meta name=\"twitter:label1\" content=\"\u00c9crit par\" \/>\n\t<meta name=\"twitter:data1\" content=\"Vox Sahel\" \/>\n\t<meta name=\"twitter:label2\" content=\"Dur\u00e9e de lecture estim\u00e9e\" \/>\n\t<meta name=\"twitter:data2\" content=\"4 minutes\" \/>\n<script type=\"application\/ld+json\" class=\"yoast-schema-graph\">{\"@context\":\"https:\\\/\\\/schema.org\",\"@graph\":[{\"@type\":\"Article\",\"@id\":\"https:\\\/\\\/voxsahel.com\\\/?p=1105#article\",\"isPartOf\":{\"@id\":\"https:\\\/\\\/voxsahel.com\\\/?p=1105\"},\"author\":{\"name\":\"Vox Sahel\",\"@id\":\"https:\\\/\\\/voxsahel.com\\\/#\\\/schema\\\/person\\\/b4043608248f8fa227cd760e7ff1e19e\"},\"headline\":\"Renouvellement des instances du Conseil national de l&rsquo;\u00e9conomie informelle du Burkina : Le Bureau ex\u00e9cutif r\u00e9pond \u00e0 ses d\u00e9tracteurs\",\"datePublished\":\"2024-12-25T10:39:45+00:00\",\"mainEntityOfPage\":{\"@id\":\"https:\\\/\\\/voxsahel.com\\\/?p=1105\"},\"wordCount\":859,\"commentCount\":0,\"publisher\":{\"@id\":\"https:\\\/\\\/voxsahel.com\\\/#organization\"},\"image\":{\"@id\":\"https:\\\/\\\/voxsahel.com\\\/?p=1105#primaryimage\"},\"thumbnailUrl\":\"https:\\\/\\\/voxsahel.com\\\/wp-content\\\/uploads\\\/2024\\\/12\\\/IMG_5656.jpeg\",\"keywords\":[\"Association\",\"Burkina Faso\",\"Economie\",\"Economie informelle\",\"Organisation de la Soci\u00e9t\u00e9 Civile\",\"Soci\u00e9t\u00e9\"],\"articleSection\":[\"SOCIETE\"],\"inLanguage\":\"fr-FR\",\"potentialAction\":[{\"@type\":\"CommentAction\",\"name\":\"Comment\",\"target\":[\"https:\\\/\\\/voxsahel.com\\\/?p=1105#respond\"]}]},{\"@type\":\"WebPage\",\"@id\":\"https:\\\/\\\/voxsahel.com\\\/?p=1105\",\"url\":\"https:\\\/\\\/voxsahel.com\\\/?p=1105\",\"name\":\"Renouvellement des instances du Conseil national de l'\u00e9conomie informelle du Burkina : Le Bureau ex\u00e9cutif r\u00e9pond \u00e0 ses d\u00e9tracteurs - Vox Sahel\",\"isPartOf\":{\"@id\":\"https:\\\/\\\/voxsahel.com\\\/#website\"},\"primaryImageOfPage\":{\"@id\":\"https:\\\/\\\/voxsahel.com\\\/?p=1105#primaryimage\"},\"image\":{\"@id\":\"https:\\\/\\\/voxsahel.com\\\/?p=1105#primaryimage\"},\"thumbnailUrl\":\"https:\\\/\\\/voxsahel.com\\\/wp-content\\\/uploads\\\/2024\\\/12\\\/IMG_5656.jpeg\",\"datePublished\":\"2024-12-25T10:39:45+00:00\",\"breadcrumb\":{\"@id\":\"https:\\\/\\\/voxsahel.com\\\/?p=1105#breadcrumb\"},\"inLanguage\":\"fr-FR\",\"potentialAction\":[{\"@type\":\"ReadAction\",\"target\":[\"https:\\\/\\\/voxsahel.com\\\/?p=1105\"]}]},{\"@type\":\"ImageObject\",\"inLanguage\":\"fr-FR\",\"@id\":\"https:\\\/\\\/voxsahel.com\\\/?p=1105#primaryimage\",\"url\":\"https:\\\/\\\/voxsahel.com\\\/wp-content\\\/uploads\\\/2024\\\/12\\\/IMG_5656.jpeg\",\"contentUrl\":\"https:\\\/\\\/voxsahel.com\\\/wp-content\\\/uploads\\\/2024\\\/12\\\/IMG_5656.jpeg\",\"width\":961,\"height\":961},{\"@type\":\"BreadcrumbList\",\"@id\":\"https:\\\/\\\/voxsahel.com\\\/?p=1105#breadcrumb\",\"itemListElement\":[{\"@type\":\"ListItem\",\"position\":1,\"name\":\"Home\",\"item\":\"https:\\\/\\\/voxsahel.com\\\/\"},{\"@type\":\"ListItem\",\"position\":2,\"name\":\"Renouvellement des instances du Conseil national de l&rsquo;\u00e9conomie informelle du Burkina : Le Bureau ex\u00e9cutif r\u00e9pond \u00e0 ses d\u00e9tracteurs\"}]},{\"@type\":\"WebSite\",\"@id\":\"https:\\\/\\\/voxsahel.com\\\/#website\",\"url\":\"https:\\\/\\\/voxsahel.com\\\/\",\"name\":\"Vox Sahel\",\"description\":\"Informez-vous sur le Sahel en un clic\",\"publisher\":{\"@id\":\"https:\\\/\\\/voxsahel.com\\\/#organization\"},\"potentialAction\":[{\"@type\":\"SearchAction\",\"target\":{\"@type\":\"EntryPoint\",\"urlTemplate\":\"https:\\\/\\\/voxsahel.com\\\/?s={search_term_string}\"},\"query-input\":{\"@type\":\"PropertyValueSpecification\",\"valueRequired\":true,\"valueName\":\"search_term_string\"}}],\"inLanguage\":\"fr-FR\"},{\"@type\":\"Organization\",\"@id\":\"https:\\\/\\\/voxsahel.com\\\/#organization\",\"name\":\"Vox Sahel\",\"url\":\"https:\\\/\\\/voxsahel.com\\\/\",\"logo\":{\"@type\":\"ImageObject\",\"inLanguage\":\"fr-FR\",\"@id\":\"https:\\\/\\\/voxsahel.com\\\/#\\\/schema\\\/logo\\\/image\\\/\",\"url\":\"https:\\\/\\\/voxsahel.com\\\/wp-content\\\/uploads\\\/2024\\\/09\\\/Logo-Vox-Sahel.jpg\",\"contentUrl\":\"https:\\\/\\\/voxsahel.com\\\/wp-content\\\/uploads\\\/2024\\\/09\\\/Logo-Vox-Sahel.jpg\",\"width\":1181,\"height\":848,\"caption\":\"Vox Sahel\"},\"image\":{\"@id\":\"https:\\\/\\\/voxsahel.com\\\/#\\\/schema\\\/logo\\\/image\\\/\"},\"sameAs\":[\"https:\\\/\\\/www.facebook.com\\\/journal.voxsahel\"]},{\"@type\":\"Person\",\"@id\":\"https:\\\/\\\/voxsahel.com\\\/#\\\/schema\\\/person\\\/b4043608248f8fa227cd760e7ff1e19e\",\"name\":\"Vox Sahel\",\"image\":{\"@type\":\"ImageObject\",\"inLanguage\":\"fr-FR\",\"@id\":\"https:\\\/\\\/secure.gravatar.com\\\/avatar\\\/f70e7fa0cb9b29d4a7c5788d6eb2e9ab4d3135cbae1c9161810fdf77a8964699?s=96&d=mm&r=g\",\"url\":\"https:\\\/\\\/secure.gravatar.com\\\/avatar\\\/f70e7fa0cb9b29d4a7c5788d6eb2e9ab4d3135cbae1c9161810fdf77a8964699?s=96&d=mm&r=g\",\"contentUrl\":\"https:\\\/\\\/secure.gravatar.com\\\/avatar\\\/f70e7fa0cb9b29d4a7c5788d6eb2e9ab4d3135cbae1c9161810fdf77a8964699?s=96&d=mm&r=g\",\"caption\":\"Vox Sahel\"},\"sameAs\":[\"http:\\\/\\\/www.voxsahel.com\"],\"url\":\"https:\\\/\\\/voxsahel.com\\\/?author=2\"}]}<\/script>\n<!-- \/ Yoast SEO plugin. -->","yoast_head_json":{"title":"Renouvellement des instances du Conseil national de l'\u00e9conomie informelle du Burkina : Le Bureau ex\u00e9cutif r\u00e9pond \u00e0 ses d\u00e9tracteurs - Vox Sahel","robots":{"index":"index","follow":"follow","max-snippet":"max-snippet:-1","max-image-preview":"max-image-preview:large","max-video-preview":"max-video-preview:-1"},"canonical":"https:\/\/voxsahel.com\/?p=1105","og_locale":"fr_FR","og_type":"article","og_title":"Renouvellement des instances du Conseil national de l'\u00e9conomie informelle du Burkina : Le Bureau ex\u00e9cutif r\u00e9pond \u00e0 ses d\u00e9tracteurs - Vox Sahel","og_description":"Ceci est une d\u00e9claration du Conseil national de l&rsquo;\u00e9conomie informelle du Burkina Faso sur les","og_url":"https:\/\/voxsahel.com\/?p=1105","og_site_name":"Vox Sahel","article_publisher":"https:\/\/www.facebook.com\/journal.voxsahel","article_published_time":"2024-12-25T10:39:45+00:00","og_image":[{"width":961,"height":961,"url":"https:\/\/voxsahel.com\/wp-content\/uploads\/2024\/12\/IMG_5656.jpeg","type":"image\/jpeg"}],"author":"Vox Sahel","twitter_card":"summary_large_image","twitter_misc":{"\u00c9crit par":"Vox Sahel","Dur\u00e9e de lecture estim\u00e9e":"4 minutes"},"schema":{"@context":"https:\/\/schema.org","@graph":[{"@type":"Article","@id":"https:\/\/voxsahel.com\/?p=1105#article","isPartOf":{"@id":"https:\/\/voxsahel.com\/?p=1105"},"author":{"name":"Vox Sahel","@id":"https:\/\/voxsahel.com\/#\/schema\/person\/b4043608248f8fa227cd760e7ff1e19e"},"headline":"Renouvellement des instances du Conseil national de l&rsquo;\u00e9conomie informelle du Burkina : Le Bureau ex\u00e9cutif r\u00e9pond \u00e0 ses d\u00e9tracteurs","datePublished":"2024-12-25T10:39:45+00:00","mainEntityOfPage":{"@id":"https:\/\/voxsahel.com\/?p=1105"},"wordCount":859,"commentCount":0,"publisher":{"@id":"https:\/\/voxsahel.com\/#organization"},"image":{"@id":"https:\/\/voxsahel.com\/?p=1105#primaryimage"},"thumbnailUrl":"https:\/\/voxsahel.com\/wp-content\/uploads\/2024\/12\/IMG_5656.jpeg","keywords":["Association","Burkina Faso","Economie","Economie informelle","Organisation de la Soci\u00e9t\u00e9 Civile","Soci\u00e9t\u00e9"],"articleSection":["SOCIETE"],"inLanguage":"fr-FR","potentialAction":[{"@type":"CommentAction","name":"Comment","target":["https:\/\/voxsahel.com\/?p=1105#respond"]}]},{"@type":"WebPage","@id":"https:\/\/voxsahel.com\/?p=1105","url":"https:\/\/voxsahel.com\/?p=1105","name":"Renouvellement des instances du Conseil national de l'\u00e9conomie informelle du Burkina : Le Bureau ex\u00e9cutif r\u00e9pond \u00e0 ses d\u00e9tracteurs - Vox Sahel","isPartOf":{"@id":"https:\/\/voxsahel.com\/#website"},"primaryImageOfPage":{"@id":"https:\/\/voxsahel.com\/?p=1105#primaryimage"},"image":{"@id":"https:\/\/voxsahel.com\/?p=1105#primaryimage"},"thumbnailUrl":"https:\/\/voxsahel.com\/wp-content\/uploads\/2024\/12\/IMG_5656.jpeg","datePublished":"2024-12-25T10:39:45+00:00","breadcrumb":{"@id":"https:\/\/voxsahel.com\/?p=1105#breadcrumb"},"inLanguage":"fr-FR","potentialAction":[{"@type":"ReadAction","target":["https:\/\/voxsahel.com\/?p=1105"]}]},{"@type":"ImageObject","inLanguage":"fr-FR","@id":"https:\/\/voxsahel.com\/?p=1105#primaryimage","url":"https:\/\/voxsahel.com\/wp-content\/uploads\/2024\/12\/IMG_5656.jpeg","contentUrl":"https:\/\/voxsahel.com\/wp-content\/uploads\/2024\/12\/IMG_5656.jpeg","width":961,"height":961},{"@type":"BreadcrumbList","@id":"https:\/\/voxsahel.com\/?p=1105#breadcrumb","itemListElement":[{"@type":"ListItem","position":1,"name":"Home","item":"https:\/\/voxsahel.com\/"},{"@type":"ListItem","position":2,"name":"Renouvellement des instances du Conseil national de l&rsquo;\u00e9conomie informelle du Burkina : Le Bureau ex\u00e9cutif r\u00e9pond \u00e0 ses d\u00e9tracteurs"}]},{"@type":"WebSite","@id":"https:\/\/voxsahel.com\/#website","url":"https:\/\/voxsahel.com\/","name":"Vox Sahel","description":"Informez-vous sur le Sahel en un clic","publisher":{"@id":"https:\/\/voxsahel.com\/#organization"},"potentialAction":[{"@type":"SearchAction","target":{"@type":"EntryPoint","urlTemplate":"https:\/\/voxsahel.com\/?s={search_term_string}"},"query-input":{"@type":"PropertyValueSpecification","valueRequired":true,"valueName":"search_term_string"}}],"inLanguage":"fr-FR"},{"@type":"Organization","@id":"https:\/\/voxsahel.com\/#organization","name":"Vox Sahel","url":"https:\/\/voxsahel.com\/","logo":{"@type":"ImageObject","inLanguage":"fr-FR","@id":"https:\/\/voxsahel.com\/#\/schema\/logo\/image\/","url":"https:\/\/voxsahel.com\/wp-content\/uploads\/2024\/09\/Logo-Vox-Sahel.jpg","contentUrl":"https:\/\/voxsahel.com\/wp-content\/uploads\/2024\/09\/Logo-Vox-Sahel.jpg","width":1181,"height":848,"caption":"Vox Sahel"},"image":{"@id":"https:\/\/voxsahel.com\/#\/schema\/logo\/image\/"},"sameAs":["https:\/\/www.facebook.com\/journal.voxsahel"]},{"@type":"Person","@id":"https:\/\/voxsahel.com\/#\/schema\/person\/b4043608248f8fa227cd760e7ff1e19e","name":"Vox Sahel","image":{"@type":"ImageObject","inLanguage":"fr-FR","@id":"https:\/\/secure.gravatar.com\/avatar\/f70e7fa0cb9b29d4a7c5788d6eb2e9ab4d3135cbae1c9161810fdf77a8964699?s=96&d=mm&r=g","url":"https:\/\/secure.gravatar.com\/avatar\/f70e7fa0cb9b29d4a7c5788d6eb2e9ab4d3135cbae1c9161810fdf77a8964699?s=96&d=mm&r=g","contentUrl":"https:\/\/secure.gravatar.com\/avatar\/f70e7fa0cb9b29d4a7c5788d6eb2e9ab4d3135cbae1c9161810fdf77a8964699?s=96&d=mm&r=g","caption":"Vox Sahel"},"sameAs":["http:\/\/www.voxsahel.com"],"url":"https:\/\/voxsahel.com\/?author=2"}]}},"_links":{"self":[{"href":"https:\/\/voxsahel.com\/index.php?rest_route=\/wp\/v2\/posts\/1105","targetHints":{"allow":["GET"]}}],"collection":[{"href":"https:\/\/voxsahel.com\/index.php?rest_route=\/wp\/v2\/posts"}],"about":[{"href":"https:\/\/voxsahel.com\/index.php?rest_route=\/wp\/v2\/types\/post"}],"author":[{"embeddable":true,"href":"https:\/\/voxsahel.com\/index.php?rest_route=\/wp\/v2\/users\/2"}],"replies":[{"embeddable":true,"href":"https:\/\/voxsahel.com\/index.php?rest_route=%2Fwp%2Fv2%2Fcomments&post=1105"}],"version-history":[{"count":1,"href":"https:\/\/voxsahel.com\/index.php?rest_route=\/wp\/v2\/posts\/1105\/revisions"}],"predecessor-version":[{"id":1108,"href":"https:\/\/voxsahel.com\/index.php?rest_route=\/wp\/v2\/posts\/1105\/revisions\/1108"}],"wp:featuredmedia":[{"embeddable":true,"href":"https:\/\/voxsahel.com\/index.php?rest_route=\/wp\/v2\/media\/1107"}],"wp:attachment":[{"href":"https:\/\/voxsahel.com\/index.php?rest_route=%2Fwp%2Fv2%2Fmedia&parent=1105"}],"wp:term":[{"taxonomy":"category","embeddable":true,"href":"https:\/\/voxsahel.com\/index.php?rest_route=%2Fwp%2Fv2%2Fcategories&post=1105"},{"taxonomy":"post_tag","embeddable":true,"href":"https:\/\/voxsahel.com\/index.php?rest_route=%2Fwp%2Fv2%2Ftags&post=1105"}],"curies":[{"name":"wp","href":"https:\/\/api.w.org\/{rel}","templated":true}]}}