{"id":1089,"date":"2024-12-23T14:54:14","date_gmt":"2024-12-23T14:54:14","guid":{"rendered":"https:\/\/voxsahel.com\/?p=1089"},"modified":"2024-12-23T14:54:14","modified_gmt":"2024-12-23T14:54:14","slug":"edito-proces-de-detournement-de-fonds-publics-au-ministere-de-laction-humanitaire-les-lecons-a-tirer","status":"publish","type":"post","link":"https:\/\/voxsahel.com\/?p=1089","title":{"rendered":"\u00c9dito \/ Proc\u00e8s de d\u00e9tournement de fonds publics au minist\u00e8re de l&rsquo;action humanitaire  : Les le\u00e7ons \u00e0 tirer ?"},"content":{"rendered":"<p class=\"p1\">Le proc\u00e8s des trois milliards, qui a eu lieu au cours de ces derni\u00e8res semaines, r\u00e9v\u00e8le des d\u00e9faillances profondes dans le fonctionnement de l&rsquo;administration publique. Cette affaire, qui a suscit\u00e9 l&rsquo;attention de nombreux observateurs, met en lumi\u00e8re des dysfonctionnements qui sont loin d&rsquo;\u00eatre marginaux.<\/p>\n<p class=\"p1\"><span class=\"s1\">Il est clair que la gestion des fonds publics a \u00e9t\u00e9 gravement compromise, et que des pratiques d&rsquo;inefficacit\u00e9 et de manque de transparence ont permis des d\u00e9rives inqui\u00e9tantes.Le proc\u00e8s en question est bien plus qu&rsquo;une simple proc\u00e9dure judiciaire ; il est le reflet de l&rsquo;\u00e9tat actuel de l&rsquo;administration et de la gestion publique. Il montre qu&rsquo;une r\u00e9vision en profondeur des processus et des m\u00e9canismes de contr\u00f4le est plus que jamais n\u00e9cessaire. <\/span><\/p>\n<p class=\"p1\"><span class=\"s1\">Il est impensable que de telles erreurs, voire des malversations, continuent de se produire au sein des institutions cens\u00e9es servir l&rsquo;int\u00e9r\u00eat g\u00e9n\u00e9ral.Les le\u00e7ons \u00e0 tirer sont nombreuses et ne se limitent pas aux seules personnes directement impliqu\u00e9es. <\/span><\/p>\n<p class=\"p1\"><span class=\"s1\">Elles concernent tout un syst\u00e8me qui doit imp\u00e9rativement \u00e9voluer pour assurer une meilleure gouvernance. La confiance du public dans les institutions publiques ne pourra se reconstruire que si des r\u00e9formes profondes sont entreprises, et que la transparence et la responsabilit\u00e9 deviennent les pierres angulaires de la gestion des ressources publiques.<\/span><\/p>\n<p class=\"p1\"><span class=\"s1\">Si ce proc\u00e8s a pu r\u00e9v\u00e9ler de tels dysfonctionnements, c&rsquo;est un signe qu&rsquo;il est urgent de revoir les m\u00e9canismes de contr\u00f4le, d&rsquo;audit et de sanction au sein de l&rsquo;administration. Les moyens de pr\u00e9vention des d\u00e9rives financi\u00e8res doivent \u00eatre renforc\u00e9s, et la responsabilit\u00e9 des gestionnaires publics doit \u00eatre mieux encadr\u00e9e.<br \/>\n<\/span><\/p>\n<p class=\"p1\"><span class=\"s1\">Il est imp\u00e9ratif que des mesures concr\u00e8tes et imm\u00e9diates soient prises pour que de tels \u00e9v\u00e9nements ne se reproduisent pas \u00e0 l&rsquo;avenir. Ce n&rsquo;est qu&rsquo;\u00e0 ce prix que l&rsquo;administration publique pourra regagner la confiance des citoyens et \u00eatre r\u00e9ellement au service de l&rsquo;int\u00e9r\u00eat g\u00e9n\u00e9ral.<\/span><\/p>\n<p class=\"p1\" style=\"text-align: right;\"><span class=\"s1\"><b>Par La R\u00e9daction<\/b><\/span><\/p>\n","protected":false},"excerpt":{"rendered":"<p>Le proc\u00e8s des trois milliards, qui a eu lieu au cours de ces derni\u00e8res semaines,<\/p>\n","protected":false},"author":2,"featured_media":1090,"comment_status":"open","ping_status":"open","sticky":false,"template":"","format":"standard","meta":{"_et_pb_use_builder":"","_et_pb_old_content":"","_et_gb_content_width":"","footnotes":""},"categories":[5],"tags":[18,423,445,129,381],"class_list":["post-1089","post","type-post","status-publish","format-standard","has-post-thumbnail","hentry","category-societe","tag-burkina-faso","tag-detournement","tag-edito","tag-fraude","tag-justice"],"yoast_head":"<!-- This site is optimized with the Yoast SEO plugin v27.5 - https:\/\/yoast.com\/product\/yoast-seo-wordpress\/ -->\n<title>\u00c9dito \/ Proc\u00e8s de d\u00e9tournement de fonds publics au minist\u00e8re de l&#039;action humanitaire : Les le\u00e7ons \u00e0 tirer ? - Vox Sahel<\/title>\n<meta name=\"robots\" content=\"index, follow, max-snippet:-1, max-image-preview:large, max-video-preview:-1\" \/>\n<link rel=\"canonical\" href=\"https:\/\/voxsahel.com\/?p=1089\" \/>\n<meta property=\"og:locale\" content=\"fr_FR\" \/>\n<meta property=\"og:type\" content=\"article\" \/>\n<meta property=\"og:title\" content=\"\u00c9dito \/ Proc\u00e8s de d\u00e9tournement de fonds publics au minist\u00e8re de l&#039;action humanitaire : Les le\u00e7ons \u00e0 tirer ? - Vox Sahel\" \/>\n<meta property=\"og:description\" content=\"Le proc\u00e8s des trois milliards, qui a eu lieu au cours de ces derni\u00e8res semaines,\" \/>\n<meta property=\"og:url\" content=\"https:\/\/voxsahel.com\/?p=1089\" \/>\n<meta property=\"og:site_name\" content=\"Vox Sahel\" \/>\n<meta property=\"article:publisher\" content=\"https:\/\/www.facebook.com\/journal.voxsahel\" \/>\n<meta property=\"article:published_time\" content=\"2024-12-23T14:54:14+00:00\" \/>\n<meta property=\"og:image\" content=\"https:\/\/voxsahel.com\/wp-content\/uploads\/2024\/12\/IMG_5055.jpeg\" \/>\n\t<meta property=\"og:image:width\" content=\"2500\" \/>\n\t<meta property=\"og:image:height\" content=\"2000\" \/>\n\t<meta property=\"og:image:type\" content=\"image\/jpeg\" \/>\n<meta name=\"author\" content=\"Vox Sahel\" \/>\n<meta name=\"twitter:card\" content=\"summary_large_image\" \/>\n<meta name=\"twitter:label1\" content=\"\u00c9crit par\" \/>\n\t<meta name=\"twitter:data1\" content=\"Vox Sahel\" \/>\n\t<meta name=\"twitter:label2\" content=\"Dur\u00e9e de lecture estim\u00e9e\" \/>\n\t<meta name=\"twitter:data2\" content=\"2 minutes\" \/>\n<script type=\"application\/ld+json\" class=\"yoast-schema-graph\">{\"@context\":\"https:\\\/\\\/schema.org\",\"@graph\":[{\"@type\":\"Article\",\"@id\":\"https:\\\/\\\/voxsahel.com\\\/?p=1089#article\",\"isPartOf\":{\"@id\":\"https:\\\/\\\/voxsahel.com\\\/?p=1089\"},\"author\":{\"name\":\"Vox Sahel\",\"@id\":\"https:\\\/\\\/voxsahel.com\\\/#\\\/schema\\\/person\\\/b4043608248f8fa227cd760e7ff1e19e\"},\"headline\":\"\u00c9dito \\\/ Proc\u00e8s de d\u00e9tournement de fonds publics au minist\u00e8re de l&rsquo;action humanitaire : Les le\u00e7ons \u00e0 tirer ?\",\"datePublished\":\"2024-12-23T14:54:14+00:00\",\"mainEntityOfPage\":{\"@id\":\"https:\\\/\\\/voxsahel.com\\\/?p=1089\"},\"wordCount\":378,\"commentCount\":0,\"publisher\":{\"@id\":\"https:\\\/\\\/voxsahel.com\\\/#organization\"},\"image\":{\"@id\":\"https:\\\/\\\/voxsahel.com\\\/?p=1089#primaryimage\"},\"thumbnailUrl\":\"https:\\\/\\\/voxsahel.com\\\/wp-content\\\/uploads\\\/2024\\\/12\\\/IMG_5055.jpeg\",\"keywords\":[\"Burkina Faso\",\"D\u00e9tournement\",\"\u00c9dito\",\"Fraude\",\"Justice\"],\"articleSection\":[\"SOCIETE\"],\"inLanguage\":\"fr-FR\",\"potentialAction\":[{\"@type\":\"CommentAction\",\"name\":\"Comment\",\"target\":[\"https:\\\/\\\/voxsahel.com\\\/?p=1089#respond\"]}]},{\"@type\":\"WebPage\",\"@id\":\"https:\\\/\\\/voxsahel.com\\\/?p=1089\",\"url\":\"https:\\\/\\\/voxsahel.com\\\/?p=1089\",\"name\":\"\u00c9dito \\\/ Proc\u00e8s de d\u00e9tournement de fonds publics au minist\u00e8re de l'action humanitaire : Les le\u00e7ons \u00e0 tirer ? - Vox Sahel\",\"isPartOf\":{\"@id\":\"https:\\\/\\\/voxsahel.com\\\/#website\"},\"primaryImageOfPage\":{\"@id\":\"https:\\\/\\\/voxsahel.com\\\/?p=1089#primaryimage\"},\"image\":{\"@id\":\"https:\\\/\\\/voxsahel.com\\\/?p=1089#primaryimage\"},\"thumbnailUrl\":\"https:\\\/\\\/voxsahel.com\\\/wp-content\\\/uploads\\\/2024\\\/12\\\/IMG_5055.jpeg\",\"datePublished\":\"2024-12-23T14:54:14+00:00\",\"breadcrumb\":{\"@id\":\"https:\\\/\\\/voxsahel.com\\\/?p=1089#breadcrumb\"},\"inLanguage\":\"fr-FR\",\"potentialAction\":[{\"@type\":\"ReadAction\",\"target\":[\"https:\\\/\\\/voxsahel.com\\\/?p=1089\"]}]},{\"@type\":\"ImageObject\",\"inLanguage\":\"fr-FR\",\"@id\":\"https:\\\/\\\/voxsahel.com\\\/?p=1089#primaryimage\",\"url\":\"https:\\\/\\\/voxsahel.com\\\/wp-content\\\/uploads\\\/2024\\\/12\\\/IMG_5055.jpeg\",\"contentUrl\":\"https:\\\/\\\/voxsahel.com\\\/wp-content\\\/uploads\\\/2024\\\/12\\\/IMG_5055.jpeg\",\"width\":2500,\"height\":2000},{\"@type\":\"BreadcrumbList\",\"@id\":\"https:\\\/\\\/voxsahel.com\\\/?p=1089#breadcrumb\",\"itemListElement\":[{\"@type\":\"ListItem\",\"position\":1,\"name\":\"Home\",\"item\":\"https:\\\/\\\/voxsahel.com\\\/\"},{\"@type\":\"ListItem\",\"position\":2,\"name\":\"\u00c9dito \\\/ Proc\u00e8s de d\u00e9tournement de fonds publics au minist\u00e8re de l&rsquo;action humanitaire : Les le\u00e7ons \u00e0 tirer ?\"}]},{\"@type\":\"WebSite\",\"@id\":\"https:\\\/\\\/voxsahel.com\\\/#website\",\"url\":\"https:\\\/\\\/voxsahel.com\\\/\",\"name\":\"Vox Sahel\",\"description\":\"Informez-vous sur le Sahel en un clic\",\"publisher\":{\"@id\":\"https:\\\/\\\/voxsahel.com\\\/#organization\"},\"potentialAction\":[{\"@type\":\"SearchAction\",\"target\":{\"@type\":\"EntryPoint\",\"urlTemplate\":\"https:\\\/\\\/voxsahel.com\\\/?s={search_term_string}\"},\"query-input\":{\"@type\":\"PropertyValueSpecification\",\"valueRequired\":true,\"valueName\":\"search_term_string\"}}],\"inLanguage\":\"fr-FR\"},{\"@type\":\"Organization\",\"@id\":\"https:\\\/\\\/voxsahel.com\\\/#organization\",\"name\":\"Vox Sahel\",\"url\":\"https:\\\/\\\/voxsahel.com\\\/\",\"logo\":{\"@type\":\"ImageObject\",\"inLanguage\":\"fr-FR\",\"@id\":\"https:\\\/\\\/voxsahel.com\\\/#\\\/schema\\\/logo\\\/image\\\/\",\"url\":\"https:\\\/\\\/voxsahel.com\\\/wp-content\\\/uploads\\\/2024\\\/09\\\/Logo-Vox-Sahel.jpg\",\"contentUrl\":\"https:\\\/\\\/voxsahel.com\\\/wp-content\\\/uploads\\\/2024\\\/09\\\/Logo-Vox-Sahel.jpg\",\"width\":1181,\"height\":848,\"caption\":\"Vox Sahel\"},\"image\":{\"@id\":\"https:\\\/\\\/voxsahel.com\\\/#\\\/schema\\\/logo\\\/image\\\/\"},\"sameAs\":[\"https:\\\/\\\/www.facebook.com\\\/journal.voxsahel\"]},{\"@type\":\"Person\",\"@id\":\"https:\\\/\\\/voxsahel.com\\\/#\\\/schema\\\/person\\\/b4043608248f8fa227cd760e7ff1e19e\",\"name\":\"Vox Sahel\",\"image\":{\"@type\":\"ImageObject\",\"inLanguage\":\"fr-FR\",\"@id\":\"https:\\\/\\\/secure.gravatar.com\\\/avatar\\\/f70e7fa0cb9b29d4a7c5788d6eb2e9ab4d3135cbae1c9161810fdf77a8964699?s=96&d=mm&r=g\",\"url\":\"https:\\\/\\\/secure.gravatar.com\\\/avatar\\\/f70e7fa0cb9b29d4a7c5788d6eb2e9ab4d3135cbae1c9161810fdf77a8964699?s=96&d=mm&r=g\",\"contentUrl\":\"https:\\\/\\\/secure.gravatar.com\\\/avatar\\\/f70e7fa0cb9b29d4a7c5788d6eb2e9ab4d3135cbae1c9161810fdf77a8964699?s=96&d=mm&r=g\",\"caption\":\"Vox Sahel\"},\"sameAs\":[\"http:\\\/\\\/www.voxsahel.com\"],\"url\":\"https:\\\/\\\/voxsahel.com\\\/?author=2\"}]}<\/script>\n<!-- \/ Yoast SEO plugin. -->","yoast_head_json":{"title":"\u00c9dito \/ Proc\u00e8s de d\u00e9tournement de fonds publics au minist\u00e8re de l'action humanitaire : Les le\u00e7ons \u00e0 tirer ? - Vox Sahel","robots":{"index":"index","follow":"follow","max-snippet":"max-snippet:-1","max-image-preview":"max-image-preview:large","max-video-preview":"max-video-preview:-1"},"canonical":"https:\/\/voxsahel.com\/?p=1089","og_locale":"fr_FR","og_type":"article","og_title":"\u00c9dito \/ Proc\u00e8s de d\u00e9tournement de fonds publics au minist\u00e8re de l'action humanitaire : Les le\u00e7ons \u00e0 tirer ? - Vox Sahel","og_description":"Le proc\u00e8s des trois milliards, qui a eu lieu au cours de ces derni\u00e8res semaines,","og_url":"https:\/\/voxsahel.com\/?p=1089","og_site_name":"Vox Sahel","article_publisher":"https:\/\/www.facebook.com\/journal.voxsahel","article_published_time":"2024-12-23T14:54:14+00:00","og_image":[{"width":2500,"height":2000,"url":"https:\/\/voxsahel.com\/wp-content\/uploads\/2024\/12\/IMG_5055.jpeg","type":"image\/jpeg"}],"author":"Vox Sahel","twitter_card":"summary_large_image","twitter_misc":{"\u00c9crit par":"Vox Sahel","Dur\u00e9e de lecture estim\u00e9e":"2 minutes"},"schema":{"@context":"https:\/\/schema.org","@graph":[{"@type":"Article","@id":"https:\/\/voxsahel.com\/?p=1089#article","isPartOf":{"@id":"https:\/\/voxsahel.com\/?p=1089"},"author":{"name":"Vox Sahel","@id":"https:\/\/voxsahel.com\/#\/schema\/person\/b4043608248f8fa227cd760e7ff1e19e"},"headline":"\u00c9dito \/ Proc\u00e8s de d\u00e9tournement de fonds publics au minist\u00e8re de l&rsquo;action humanitaire : Les le\u00e7ons \u00e0 tirer ?","datePublished":"2024-12-23T14:54:14+00:00","mainEntityOfPage":{"@id":"https:\/\/voxsahel.com\/?p=1089"},"wordCount":378,"commentCount":0,"publisher":{"@id":"https:\/\/voxsahel.com\/#organization"},"image":{"@id":"https:\/\/voxsahel.com\/?p=1089#primaryimage"},"thumbnailUrl":"https:\/\/voxsahel.com\/wp-content\/uploads\/2024\/12\/IMG_5055.jpeg","keywords":["Burkina Faso","D\u00e9tournement","\u00c9dito","Fraude","Justice"],"articleSection":["SOCIETE"],"inLanguage":"fr-FR","potentialAction":[{"@type":"CommentAction","name":"Comment","target":["https:\/\/voxsahel.com\/?p=1089#respond"]}]},{"@type":"WebPage","@id":"https:\/\/voxsahel.com\/?p=1089","url":"https:\/\/voxsahel.com\/?p=1089","name":"\u00c9dito \/ Proc\u00e8s de d\u00e9tournement de fonds publics au minist\u00e8re de l'action humanitaire : Les le\u00e7ons \u00e0 tirer ? - Vox Sahel","isPartOf":{"@id":"https:\/\/voxsahel.com\/#website"},"primaryImageOfPage":{"@id":"https:\/\/voxsahel.com\/?p=1089#primaryimage"},"image":{"@id":"https:\/\/voxsahel.com\/?p=1089#primaryimage"},"thumbnailUrl":"https:\/\/voxsahel.com\/wp-content\/uploads\/2024\/12\/IMG_5055.jpeg","datePublished":"2024-12-23T14:54:14+00:00","breadcrumb":{"@id":"https:\/\/voxsahel.com\/?p=1089#breadcrumb"},"inLanguage":"fr-FR","potentialAction":[{"@type":"ReadAction","target":["https:\/\/voxsahel.com\/?p=1089"]}]},{"@type":"ImageObject","inLanguage":"fr-FR","@id":"https:\/\/voxsahel.com\/?p=1089#primaryimage","url":"https:\/\/voxsahel.com\/wp-content\/uploads\/2024\/12\/IMG_5055.jpeg","contentUrl":"https:\/\/voxsahel.com\/wp-content\/uploads\/2024\/12\/IMG_5055.jpeg","width":2500,"height":2000},{"@type":"BreadcrumbList","@id":"https:\/\/voxsahel.com\/?p=1089#breadcrumb","itemListElement":[{"@type":"ListItem","position":1,"name":"Home","item":"https:\/\/voxsahel.com\/"},{"@type":"ListItem","position":2,"name":"\u00c9dito \/ Proc\u00e8s de d\u00e9tournement de fonds publics au minist\u00e8re de l&rsquo;action humanitaire : Les le\u00e7ons \u00e0 tirer ?"}]},{"@type":"WebSite","@id":"https:\/\/voxsahel.com\/#website","url":"https:\/\/voxsahel.com\/","name":"Vox Sahel","description":"Informez-vous sur le Sahel en un clic","publisher":{"@id":"https:\/\/voxsahel.com\/#organization"},"potentialAction":[{"@type":"SearchAction","target":{"@type":"EntryPoint","urlTemplate":"https:\/\/voxsahel.com\/?s={search_term_string}"},"query-input":{"@type":"PropertyValueSpecification","valueRequired":true,"valueName":"search_term_string"}}],"inLanguage":"fr-FR"},{"@type":"Organization","@id":"https:\/\/voxsahel.com\/#organization","name":"Vox Sahel","url":"https:\/\/voxsahel.com\/","logo":{"@type":"ImageObject","inLanguage":"fr-FR","@id":"https:\/\/voxsahel.com\/#\/schema\/logo\/image\/","url":"https:\/\/voxsahel.com\/wp-content\/uploads\/2024\/09\/Logo-Vox-Sahel.jpg","contentUrl":"https:\/\/voxsahel.com\/wp-content\/uploads\/2024\/09\/Logo-Vox-Sahel.jpg","width":1181,"height":848,"caption":"Vox Sahel"},"image":{"@id":"https:\/\/voxsahel.com\/#\/schema\/logo\/image\/"},"sameAs":["https:\/\/www.facebook.com\/journal.voxsahel"]},{"@type":"Person","@id":"https:\/\/voxsahel.com\/#\/schema\/person\/b4043608248f8fa227cd760e7ff1e19e","name":"Vox Sahel","image":{"@type":"ImageObject","inLanguage":"fr-FR","@id":"https:\/\/secure.gravatar.com\/avatar\/f70e7fa0cb9b29d4a7c5788d6eb2e9ab4d3135cbae1c9161810fdf77a8964699?s=96&d=mm&r=g","url":"https:\/\/secure.gravatar.com\/avatar\/f70e7fa0cb9b29d4a7c5788d6eb2e9ab4d3135cbae1c9161810fdf77a8964699?s=96&d=mm&r=g","contentUrl":"https:\/\/secure.gravatar.com\/avatar\/f70e7fa0cb9b29d4a7c5788d6eb2e9ab4d3135cbae1c9161810fdf77a8964699?s=96&d=mm&r=g","caption":"Vox Sahel"},"sameAs":["http:\/\/www.voxsahel.com"],"url":"https:\/\/voxsahel.com\/?author=2"}]}},"_links":{"self":[{"href":"https:\/\/voxsahel.com\/index.php?rest_route=\/wp\/v2\/posts\/1089","targetHints":{"allow":["GET"]}}],"collection":[{"href":"https:\/\/voxsahel.com\/index.php?rest_route=\/wp\/v2\/posts"}],"about":[{"href":"https:\/\/voxsahel.com\/index.php?rest_route=\/wp\/v2\/types\/post"}],"author":[{"embeddable":true,"href":"https:\/\/voxsahel.com\/index.php?rest_route=\/wp\/v2\/users\/2"}],"replies":[{"embeddable":true,"href":"https:\/\/voxsahel.com\/index.php?rest_route=%2Fwp%2Fv2%2Fcomments&post=1089"}],"version-history":[{"count":1,"href":"https:\/\/voxsahel.com\/index.php?rest_route=\/wp\/v2\/posts\/1089\/revisions"}],"predecessor-version":[{"id":1091,"href":"https:\/\/voxsahel.com\/index.php?rest_route=\/wp\/v2\/posts\/1089\/revisions\/1091"}],"wp:featuredmedia":[{"embeddable":true,"href":"https:\/\/voxsahel.com\/index.php?rest_route=\/wp\/v2\/media\/1090"}],"wp:attachment":[{"href":"https:\/\/voxsahel.com\/index.php?rest_route=%2Fwp%2Fv2%2Fmedia&parent=1089"}],"wp:term":[{"taxonomy":"category","embeddable":true,"href":"https:\/\/voxsahel.com\/index.php?rest_route=%2Fwp%2Fv2%2Fcategories&post=1089"},{"taxonomy":"post_tag","embeddable":true,"href":"https:\/\/voxsahel.com\/index.php?rest_route=%2Fwp%2Fv2%2Ftags&post=1089"}],"curies":[{"name":"wp","href":"https:\/\/api.w.org\/{rel}","templated":true}]}}