{"id":1080,"date":"2024-12-22T22:03:34","date_gmt":"2024-12-22T22:03:34","guid":{"rendered":"https:\/\/voxsahel.com\/?p=1080"},"modified":"2024-12-22T22:03:46","modified_gmt":"2024-12-22T22:03:46","slug":"confederation-des-etats-du-sahel-le-college-des-presidents-place-ses-forces-de-defense-et-de-securite-en-etat-dalerte-maximale","status":"publish","type":"post","link":"https:\/\/voxsahel.com\/?p=1080","title":{"rendered":"Conf\u00e9d\u00e9ration des \u00c9tats du Sahel : le Coll\u00e8ge des pr\u00e9sidents place ses forces de d\u00e9fense et de s\u00e9curit\u00e9 en \u00e9tat d&rsquo;alerte maximale"},"content":{"rendered":"<p class=\"p1\"><span class=\"s2\">La Conf\u00e9d\u00e9ration des \u00c9tats du Sahel (AES) a r\u00e9affirm\u00e9 avec fermet\u00e9 sa volont\u00e9 de pr\u00e9server la souverainet\u00e9 et l&rsquo;int\u00e9grit\u00e9 de ses membres face aux pressions ext\u00e9rieures. Dans une d\u00e9claration officielle faite ce <\/span><span class=\"s3\">22 d\u00e9cembre 2024<\/span><span class=\"s2\">, \u00e0 Bamako, le Coll\u00e8ge des Chefs d&rsquo;\u00c9tat de la Conf\u00e9d\u00e9ration repr\u00e9sent\u00e9 par le Capitaine Ibrahim Traor\u00e9 (Burkina Faso), le G\u00e9n\u00e9ral d&rsquo;Arm\u00e9e Assimi Go\u00efta (Mali) et le G\u00e9n\u00e9ral de Brigade Abdourahamane Tiani ( Niger) a \u00e9nonc\u00e9 les tentatives d&rsquo;ing\u00e9rence \u00e9trang\u00e8res, notamment celles attribu\u00e9es \u00e0 la France et \u00e0 certains \u00c9tats de la sous-r\u00e9gion.<\/span><\/p>\n<p class=\"p1\"><strong><span class=\"s1\">Un retrait irr\u00e9vocable de la CEDEAO<\/span><\/strong><\/p>\n<p class=\"p1\"><span class=\"s2\">Depuis la cr\u00e9ation de l&rsquo;Alliance des \u00c9tats du Sahel en septembre 2023, puis la transformation en Conf\u00e9d\u00e9ration en juillet 2024, le Burkina Faso, le Mali et le Niger ont engag\u00e9 une dynamique visant \u00e0 s&rsquo;affranchir de toute influence n\u00e9ocoloniale. Leur retrait de la Communaut\u00e9 \u00c9conomique des \u00c9tats de l&rsquo;Afrique de l&rsquo;Ouest (CEDEAO), annonc\u00e9 en janvier dernier et confirm\u00e9 en d\u00e9cembre, s&rsquo;inscrit dans cette strat\u00e9gie.<\/span><\/p>\n<p class=\"p1\"><span class=\"s2\">Toutefois, le Coll\u00e8ge des Chefs d&rsquo;\u00c9tat de l&rsquo;AES d\u00e9plore ce qu&rsquo;il consid\u00e8re comme des \u00ab man\u0153uvres dilatoires \u00bb de la CEDEAO, qui a r\u00e9cemment d\u00e9cid\u00e9 de proroger de six mois la sortie officielle des trois \u00c9tats. Une d\u00e9cision jug\u00e9e unilat\u00e9rale et contraire aux aspirations de l&rsquo;AES.<\/span><\/p>\n<p class=\"p1\"><strong><span class=\"s1\">Des accusations contre la France et ses alli\u00e9s<\/span><\/strong><\/p>\n<p class=\"p1\"><span class=\"s2\">La d\u00e9claration de Bamako accuse frontalement la France de chercher \u00e0 pr\u00e9server ses int\u00e9r\u00eats strat\u00e9giques dans la r\u00e9gion, en soutenant potentiellement des op\u00e9rations de d\u00e9stabilisation. Le Coll\u00e8ge pointe du doigt des regroupements de groupes arm\u00e9s terroristes dans des zones sensibles, notamment autour du bassin du lac Tchad et aux fronti\u00e8res partag\u00e9es par le Burkina Faso, le Niger, le Nigeria et le B\u00e9nin. Ces activit\u00e9s seraient, selon la Conf\u00e9d\u00e9ration, soutenues par des financements et des logistiques provenant d&rsquo;acteurs \u00e9trangers.<\/span><\/p>\n<p class=\"p1\"><span class=\"s2\">De plus, le Coll\u00e8ge exprime sa m\u00e9fiance envers les annonces fran\u00e7aises de bases militaires en Afrique, per\u00e7ues comme une simple restructuration des forces pour maintenir une pr\u00e9sence n\u00e9ocoloniale moins visible.<\/span><\/p>\n<p class=\"p1\"><span class=\"s2\">Face \u00e0 ces menaces per\u00e7ues, la Conf\u00e9d\u00e9ration des \u00c9tats du Sahel a d\u00e9cid\u00e9 entre autres, de placer ses forces de d\u00e9fense et de s\u00e9curit\u00e9 en \u00e9tat d&rsquo;alerte maximale ; cr\u00e9er un th\u00e9\u00e2tre unique d&rsquo;op\u00e9rations militaires dans l&rsquo;espace conf\u00e9d\u00e9ral, en compl\u00e9ment des actions militaires nationales en cours et appeler les populations \u00e0 la vigilance, en d\u00e9non\u00e7ant tout comportement suspect et en rejetant fermement les tentatives d&rsquo;enr\u00f4lement par des groupes arm\u00e9s.<\/span><\/p>\n<p class=\"p1\"><span class=\"s2\">Cette d\u00e9claration s&rsquo;inscrit dans une strat\u00e9gie assum\u00e9e de rupture avec les pratiques jug\u00e9es imp\u00e9rialistes et n\u00e9ocoloniales. Le Coll\u00e8ge des Chefs d&rsquo;\u00c9tat r\u00e9affirme son engagement envers les populations des pays membres de l&rsquo;AES, mettant en avant une vision de souverainet\u00e9 r\u00e9elle et de dignit\u00e9 retrouv\u00e9e pour la r\u00e9gion.<\/span><\/p>\n<p class=\"p1\"><span class=\"s2\">Par cette d\u00e9claration, la Conf\u00e9d\u00e9ration des \u00c9tats du Sahel lance un message clair \u00e0 la communaut\u00e9 internationale : la volont\u00e9 des peuples du Sahel de s&rsquo;affranchir des influences \u00e9trang\u00e8res est irr\u00e9vocable. Alors que les tensions dans la r\u00e9gion restent vives, cette posture ne manquera pas de susciter des r\u00e9actions, tant parmi les puissances occidentales que dans le reste du continent africain.<\/span><\/p>\n<p class=\"p1\"><span class=\"s2\">L&rsquo;avenir de cette Conf\u00e9d\u00e9ration, n\u00e9e dans un contexte de bouleversements g\u00e9opolitiques majeurs, reste \u00e0 suivre de pr\u00e8s.\u00a0<\/span><\/p>\n","protected":false},"excerpt":{"rendered":"<p>La Conf\u00e9d\u00e9ration des \u00c9tats du Sahel (AES) a r\u00e9affirm\u00e9 avec fermet\u00e9 sa volont\u00e9 de pr\u00e9server<\/p>\n","protected":false},"author":2,"featured_media":1081,"comment_status":"open","ping_status":"open","sticky":false,"template":"","format":"standard","meta":{"_et_pb_use_builder":"","_et_pb_old_content":"","_et_gb_content_width":"","footnotes":""},"categories":[6],"tags":[356,61,62,124,18,174,123,31,60,172,20],"class_list":["post-1080","post","type-post","status-publish","format-standard","has-post-thumbnail","hentry","category-politique","tag-abdourahamane-tiani","tag-aes","tag-alliance-des-etats-du-sahel","tag-assimi-goita","tag-burkina-faso","tag-capitaine-ibrahim-traore","tag-confederation-de-lalliances-des-etats-du-sahel","tag-mali","tag-niger","tag-sahel","tag-terrorisme"],"yoast_head":"<!-- This site is optimized with the Yoast SEO plugin v27.5 - https:\/\/yoast.com\/product\/yoast-seo-wordpress\/ -->\n<title>Conf\u00e9d\u00e9ration des \u00c9tats du Sahel : le Coll\u00e8ge des pr\u00e9sidents place ses forces de d\u00e9fense et de s\u00e9curit\u00e9 en \u00e9tat d&#039;alerte maximale - Vox Sahel<\/title>\n<meta name=\"robots\" content=\"index, follow, max-snippet:-1, max-image-preview:large, max-video-preview:-1\" \/>\n<link rel=\"canonical\" href=\"https:\/\/voxsahel.com\/?p=1080\" \/>\n<meta property=\"og:locale\" content=\"fr_FR\" \/>\n<meta property=\"og:type\" content=\"article\" \/>\n<meta property=\"og:title\" content=\"Conf\u00e9d\u00e9ration des \u00c9tats du Sahel : le Coll\u00e8ge des pr\u00e9sidents place ses forces de d\u00e9fense et de s\u00e9curit\u00e9 en \u00e9tat d&#039;alerte maximale - Vox Sahel\" \/>\n<meta property=\"og:description\" content=\"La Conf\u00e9d\u00e9ration des \u00c9tats du Sahel (AES) a r\u00e9affirm\u00e9 avec fermet\u00e9 sa volont\u00e9 de pr\u00e9server\" \/>\n<meta property=\"og:url\" content=\"https:\/\/voxsahel.com\/?p=1080\" \/>\n<meta property=\"og:site_name\" content=\"Vox Sahel\" \/>\n<meta property=\"article:publisher\" content=\"https:\/\/www.facebook.com\/journal.voxsahel\" \/>\n<meta property=\"article:published_time\" content=\"2024-12-22T22:03:34+00:00\" \/>\n<meta property=\"article:modified_time\" content=\"2024-12-22T22:03:46+00:00\" \/>\n<meta property=\"og:image\" content=\"https:\/\/voxsahel.com\/wp-content\/uploads\/2024\/12\/IMG_4831.jpeg\" \/>\n\t<meta property=\"og:image:width\" content=\"2048\" \/>\n\t<meta property=\"og:image:height\" content=\"2048\" \/>\n\t<meta property=\"og:image:type\" content=\"image\/jpeg\" \/>\n<meta name=\"author\" content=\"Vox Sahel\" \/>\n<meta name=\"twitter:card\" content=\"summary_large_image\" \/>\n<meta name=\"twitter:label1\" content=\"\u00c9crit par\" \/>\n\t<meta name=\"twitter:data1\" content=\"Vox Sahel\" \/>\n\t<meta name=\"twitter:label2\" content=\"Dur\u00e9e de lecture estim\u00e9e\" \/>\n\t<meta name=\"twitter:data2\" content=\"3 minutes\" \/>\n<script type=\"application\/ld+json\" class=\"yoast-schema-graph\">{\"@context\":\"https:\\\/\\\/schema.org\",\"@graph\":[{\"@type\":\"Article\",\"@id\":\"https:\\\/\\\/voxsahel.com\\\/?p=1080#article\",\"isPartOf\":{\"@id\":\"https:\\\/\\\/voxsahel.com\\\/?p=1080\"},\"author\":{\"name\":\"Vox Sahel\",\"@id\":\"https:\\\/\\\/voxsahel.com\\\/#\\\/schema\\\/person\\\/b4043608248f8fa227cd760e7ff1e19e\"},\"headline\":\"Conf\u00e9d\u00e9ration des \u00c9tats du Sahel : le Coll\u00e8ge des pr\u00e9sidents place ses forces de d\u00e9fense et de s\u00e9curit\u00e9 en \u00e9tat d&rsquo;alerte maximale\",\"datePublished\":\"2024-12-22T22:03:34+00:00\",\"dateModified\":\"2024-12-22T22:03:46+00:00\",\"mainEntityOfPage\":{\"@id\":\"https:\\\/\\\/voxsahel.com\\\/?p=1080\"},\"wordCount\":646,\"commentCount\":0,\"publisher\":{\"@id\":\"https:\\\/\\\/voxsahel.com\\\/#organization\"},\"image\":{\"@id\":\"https:\\\/\\\/voxsahel.com\\\/?p=1080#primaryimage\"},\"thumbnailUrl\":\"https:\\\/\\\/voxsahel.com\\\/wp-content\\\/uploads\\\/2024\\\/12\\\/IMG_4831.jpeg\",\"keywords\":[\"Abdourahamane Tiani\",\"AES\",\"Alliance des \u00c9tats du Sahel\",\"Assimi GO\u00cfTA\",\"Burkina Faso\",\"Capitaine Ibrahim Traor\u00e9\",\"Conf\u00e9d\u00e9ration de l\u2019Alliances des \u00c9tats du Sahel\",\"Mali\",\"Niger\",\"Sahel\",\"Terrorisme\"],\"articleSection\":[\"POLITIQUE\"],\"inLanguage\":\"fr-FR\",\"potentialAction\":[{\"@type\":\"CommentAction\",\"name\":\"Comment\",\"target\":[\"https:\\\/\\\/voxsahel.com\\\/?p=1080#respond\"]}]},{\"@type\":\"WebPage\",\"@id\":\"https:\\\/\\\/voxsahel.com\\\/?p=1080\",\"url\":\"https:\\\/\\\/voxsahel.com\\\/?p=1080\",\"name\":\"Conf\u00e9d\u00e9ration des \u00c9tats du Sahel : le Coll\u00e8ge des pr\u00e9sidents place ses forces de d\u00e9fense et de s\u00e9curit\u00e9 en \u00e9tat d'alerte maximale - Vox Sahel\",\"isPartOf\":{\"@id\":\"https:\\\/\\\/voxsahel.com\\\/#website\"},\"primaryImageOfPage\":{\"@id\":\"https:\\\/\\\/voxsahel.com\\\/?p=1080#primaryimage\"},\"image\":{\"@id\":\"https:\\\/\\\/voxsahel.com\\\/?p=1080#primaryimage\"},\"thumbnailUrl\":\"https:\\\/\\\/voxsahel.com\\\/wp-content\\\/uploads\\\/2024\\\/12\\\/IMG_4831.jpeg\",\"datePublished\":\"2024-12-22T22:03:34+00:00\",\"dateModified\":\"2024-12-22T22:03:46+00:00\",\"breadcrumb\":{\"@id\":\"https:\\\/\\\/voxsahel.com\\\/?p=1080#breadcrumb\"},\"inLanguage\":\"fr-FR\",\"potentialAction\":[{\"@type\":\"ReadAction\",\"target\":[\"https:\\\/\\\/voxsahel.com\\\/?p=1080\"]}]},{\"@type\":\"ImageObject\",\"inLanguage\":\"fr-FR\",\"@id\":\"https:\\\/\\\/voxsahel.com\\\/?p=1080#primaryimage\",\"url\":\"https:\\\/\\\/voxsahel.com\\\/wp-content\\\/uploads\\\/2024\\\/12\\\/IMG_4831.jpeg\",\"contentUrl\":\"https:\\\/\\\/voxsahel.com\\\/wp-content\\\/uploads\\\/2024\\\/12\\\/IMG_4831.jpeg\",\"width\":2048,\"height\":2048},{\"@type\":\"BreadcrumbList\",\"@id\":\"https:\\\/\\\/voxsahel.com\\\/?p=1080#breadcrumb\",\"itemListElement\":[{\"@type\":\"ListItem\",\"position\":1,\"name\":\"Home\",\"item\":\"https:\\\/\\\/voxsahel.com\\\/\"},{\"@type\":\"ListItem\",\"position\":2,\"name\":\"Conf\u00e9d\u00e9ration des \u00c9tats du Sahel : le Coll\u00e8ge des pr\u00e9sidents place ses forces de d\u00e9fense et de s\u00e9curit\u00e9 en \u00e9tat d&rsquo;alerte maximale\"}]},{\"@type\":\"WebSite\",\"@id\":\"https:\\\/\\\/voxsahel.com\\\/#website\",\"url\":\"https:\\\/\\\/voxsahel.com\\\/\",\"name\":\"Vox Sahel\",\"description\":\"Informez-vous sur le Sahel en un clic\",\"publisher\":{\"@id\":\"https:\\\/\\\/voxsahel.com\\\/#organization\"},\"potentialAction\":[{\"@type\":\"SearchAction\",\"target\":{\"@type\":\"EntryPoint\",\"urlTemplate\":\"https:\\\/\\\/voxsahel.com\\\/?s={search_term_string}\"},\"query-input\":{\"@type\":\"PropertyValueSpecification\",\"valueRequired\":true,\"valueName\":\"search_term_string\"}}],\"inLanguage\":\"fr-FR\"},{\"@type\":\"Organization\",\"@id\":\"https:\\\/\\\/voxsahel.com\\\/#organization\",\"name\":\"Vox Sahel\",\"url\":\"https:\\\/\\\/voxsahel.com\\\/\",\"logo\":{\"@type\":\"ImageObject\",\"inLanguage\":\"fr-FR\",\"@id\":\"https:\\\/\\\/voxsahel.com\\\/#\\\/schema\\\/logo\\\/image\\\/\",\"url\":\"https:\\\/\\\/voxsahel.com\\\/wp-content\\\/uploads\\\/2024\\\/09\\\/Logo-Vox-Sahel.jpg\",\"contentUrl\":\"https:\\\/\\\/voxsahel.com\\\/wp-content\\\/uploads\\\/2024\\\/09\\\/Logo-Vox-Sahel.jpg\",\"width\":1181,\"height\":848,\"caption\":\"Vox Sahel\"},\"image\":{\"@id\":\"https:\\\/\\\/voxsahel.com\\\/#\\\/schema\\\/logo\\\/image\\\/\"},\"sameAs\":[\"https:\\\/\\\/www.facebook.com\\\/journal.voxsahel\"]},{\"@type\":\"Person\",\"@id\":\"https:\\\/\\\/voxsahel.com\\\/#\\\/schema\\\/person\\\/b4043608248f8fa227cd760e7ff1e19e\",\"name\":\"Vox Sahel\",\"image\":{\"@type\":\"ImageObject\",\"inLanguage\":\"fr-FR\",\"@id\":\"https:\\\/\\\/secure.gravatar.com\\\/avatar\\\/f70e7fa0cb9b29d4a7c5788d6eb2e9ab4d3135cbae1c9161810fdf77a8964699?s=96&d=mm&r=g\",\"url\":\"https:\\\/\\\/secure.gravatar.com\\\/avatar\\\/f70e7fa0cb9b29d4a7c5788d6eb2e9ab4d3135cbae1c9161810fdf77a8964699?s=96&d=mm&r=g\",\"contentUrl\":\"https:\\\/\\\/secure.gravatar.com\\\/avatar\\\/f70e7fa0cb9b29d4a7c5788d6eb2e9ab4d3135cbae1c9161810fdf77a8964699?s=96&d=mm&r=g\",\"caption\":\"Vox Sahel\"},\"sameAs\":[\"http:\\\/\\\/www.voxsahel.com\"],\"url\":\"https:\\\/\\\/voxsahel.com\\\/?author=2\"}]}<\/script>\n<!-- \/ Yoast SEO plugin. -->","yoast_head_json":{"title":"Conf\u00e9d\u00e9ration des \u00c9tats du Sahel : le Coll\u00e8ge des pr\u00e9sidents place ses forces de d\u00e9fense et de s\u00e9curit\u00e9 en \u00e9tat d'alerte maximale - Vox Sahel","robots":{"index":"index","follow":"follow","max-snippet":"max-snippet:-1","max-image-preview":"max-image-preview:large","max-video-preview":"max-video-preview:-1"},"canonical":"https:\/\/voxsahel.com\/?p=1080","og_locale":"fr_FR","og_type":"article","og_title":"Conf\u00e9d\u00e9ration des \u00c9tats du Sahel : le Coll\u00e8ge des pr\u00e9sidents place ses forces de d\u00e9fense et de s\u00e9curit\u00e9 en \u00e9tat d'alerte maximale - Vox Sahel","og_description":"La Conf\u00e9d\u00e9ration des \u00c9tats du Sahel (AES) a r\u00e9affirm\u00e9 avec fermet\u00e9 sa volont\u00e9 de pr\u00e9server","og_url":"https:\/\/voxsahel.com\/?p=1080","og_site_name":"Vox Sahel","article_publisher":"https:\/\/www.facebook.com\/journal.voxsahel","article_published_time":"2024-12-22T22:03:34+00:00","article_modified_time":"2024-12-22T22:03:46+00:00","og_image":[{"width":2048,"height":2048,"url":"https:\/\/voxsahel.com\/wp-content\/uploads\/2024\/12\/IMG_4831.jpeg","type":"image\/jpeg"}],"author":"Vox Sahel","twitter_card":"summary_large_image","twitter_misc":{"\u00c9crit par":"Vox Sahel","Dur\u00e9e de lecture estim\u00e9e":"3 minutes"},"schema":{"@context":"https:\/\/schema.org","@graph":[{"@type":"Article","@id":"https:\/\/voxsahel.com\/?p=1080#article","isPartOf":{"@id":"https:\/\/voxsahel.com\/?p=1080"},"author":{"name":"Vox Sahel","@id":"https:\/\/voxsahel.com\/#\/schema\/person\/b4043608248f8fa227cd760e7ff1e19e"},"headline":"Conf\u00e9d\u00e9ration des \u00c9tats du Sahel : le Coll\u00e8ge des pr\u00e9sidents place ses forces de d\u00e9fense et de s\u00e9curit\u00e9 en \u00e9tat d&rsquo;alerte maximale","datePublished":"2024-12-22T22:03:34+00:00","dateModified":"2024-12-22T22:03:46+00:00","mainEntityOfPage":{"@id":"https:\/\/voxsahel.com\/?p=1080"},"wordCount":646,"commentCount":0,"publisher":{"@id":"https:\/\/voxsahel.com\/#organization"},"image":{"@id":"https:\/\/voxsahel.com\/?p=1080#primaryimage"},"thumbnailUrl":"https:\/\/voxsahel.com\/wp-content\/uploads\/2024\/12\/IMG_4831.jpeg","keywords":["Abdourahamane Tiani","AES","Alliance des \u00c9tats du Sahel","Assimi GO\u00cfTA","Burkina Faso","Capitaine Ibrahim Traor\u00e9","Conf\u00e9d\u00e9ration de l\u2019Alliances des \u00c9tats du Sahel","Mali","Niger","Sahel","Terrorisme"],"articleSection":["POLITIQUE"],"inLanguage":"fr-FR","potentialAction":[{"@type":"CommentAction","name":"Comment","target":["https:\/\/voxsahel.com\/?p=1080#respond"]}]},{"@type":"WebPage","@id":"https:\/\/voxsahel.com\/?p=1080","url":"https:\/\/voxsahel.com\/?p=1080","name":"Conf\u00e9d\u00e9ration des \u00c9tats du Sahel : le Coll\u00e8ge des pr\u00e9sidents place ses forces de d\u00e9fense et de s\u00e9curit\u00e9 en \u00e9tat d'alerte maximale - Vox Sahel","isPartOf":{"@id":"https:\/\/voxsahel.com\/#website"},"primaryImageOfPage":{"@id":"https:\/\/voxsahel.com\/?p=1080#primaryimage"},"image":{"@id":"https:\/\/voxsahel.com\/?p=1080#primaryimage"},"thumbnailUrl":"https:\/\/voxsahel.com\/wp-content\/uploads\/2024\/12\/IMG_4831.jpeg","datePublished":"2024-12-22T22:03:34+00:00","dateModified":"2024-12-22T22:03:46+00:00","breadcrumb":{"@id":"https:\/\/voxsahel.com\/?p=1080#breadcrumb"},"inLanguage":"fr-FR","potentialAction":[{"@type":"ReadAction","target":["https:\/\/voxsahel.com\/?p=1080"]}]},{"@type":"ImageObject","inLanguage":"fr-FR","@id":"https:\/\/voxsahel.com\/?p=1080#primaryimage","url":"https:\/\/voxsahel.com\/wp-content\/uploads\/2024\/12\/IMG_4831.jpeg","contentUrl":"https:\/\/voxsahel.com\/wp-content\/uploads\/2024\/12\/IMG_4831.jpeg","width":2048,"height":2048},{"@type":"BreadcrumbList","@id":"https:\/\/voxsahel.com\/?p=1080#breadcrumb","itemListElement":[{"@type":"ListItem","position":1,"name":"Home","item":"https:\/\/voxsahel.com\/"},{"@type":"ListItem","position":2,"name":"Conf\u00e9d\u00e9ration des \u00c9tats du Sahel : le Coll\u00e8ge des pr\u00e9sidents place ses forces de d\u00e9fense et de s\u00e9curit\u00e9 en \u00e9tat d&rsquo;alerte maximale"}]},{"@type":"WebSite","@id":"https:\/\/voxsahel.com\/#website","url":"https:\/\/voxsahel.com\/","name":"Vox Sahel","description":"Informez-vous sur le Sahel en un clic","publisher":{"@id":"https:\/\/voxsahel.com\/#organization"},"potentialAction":[{"@type":"SearchAction","target":{"@type":"EntryPoint","urlTemplate":"https:\/\/voxsahel.com\/?s={search_term_string}"},"query-input":{"@type":"PropertyValueSpecification","valueRequired":true,"valueName":"search_term_string"}}],"inLanguage":"fr-FR"},{"@type":"Organization","@id":"https:\/\/voxsahel.com\/#organization","name":"Vox Sahel","url":"https:\/\/voxsahel.com\/","logo":{"@type":"ImageObject","inLanguage":"fr-FR","@id":"https:\/\/voxsahel.com\/#\/schema\/logo\/image\/","url":"https:\/\/voxsahel.com\/wp-content\/uploads\/2024\/09\/Logo-Vox-Sahel.jpg","contentUrl":"https:\/\/voxsahel.com\/wp-content\/uploads\/2024\/09\/Logo-Vox-Sahel.jpg","width":1181,"height":848,"caption":"Vox Sahel"},"image":{"@id":"https:\/\/voxsahel.com\/#\/schema\/logo\/image\/"},"sameAs":["https:\/\/www.facebook.com\/journal.voxsahel"]},{"@type":"Person","@id":"https:\/\/voxsahel.com\/#\/schema\/person\/b4043608248f8fa227cd760e7ff1e19e","name":"Vox Sahel","image":{"@type":"ImageObject","inLanguage":"fr-FR","@id":"https:\/\/secure.gravatar.com\/avatar\/f70e7fa0cb9b29d4a7c5788d6eb2e9ab4d3135cbae1c9161810fdf77a8964699?s=96&d=mm&r=g","url":"https:\/\/secure.gravatar.com\/avatar\/f70e7fa0cb9b29d4a7c5788d6eb2e9ab4d3135cbae1c9161810fdf77a8964699?s=96&d=mm&r=g","contentUrl":"https:\/\/secure.gravatar.com\/avatar\/f70e7fa0cb9b29d4a7c5788d6eb2e9ab4d3135cbae1c9161810fdf77a8964699?s=96&d=mm&r=g","caption":"Vox Sahel"},"sameAs":["http:\/\/www.voxsahel.com"],"url":"https:\/\/voxsahel.com\/?author=2"}]}},"_links":{"self":[{"href":"https:\/\/voxsahel.com\/index.php?rest_route=\/wp\/v2\/posts\/1080","targetHints":{"allow":["GET"]}}],"collection":[{"href":"https:\/\/voxsahel.com\/index.php?rest_route=\/wp\/v2\/posts"}],"about":[{"href":"https:\/\/voxsahel.com\/index.php?rest_route=\/wp\/v2\/types\/post"}],"author":[{"embeddable":true,"href":"https:\/\/voxsahel.com\/index.php?rest_route=\/wp\/v2\/users\/2"}],"replies":[{"embeddable":true,"href":"https:\/\/voxsahel.com\/index.php?rest_route=%2Fwp%2Fv2%2Fcomments&post=1080"}],"version-history":[{"count":1,"href":"https:\/\/voxsahel.com\/index.php?rest_route=\/wp\/v2\/posts\/1080\/revisions"}],"predecessor-version":[{"id":1082,"href":"https:\/\/voxsahel.com\/index.php?rest_route=\/wp\/v2\/posts\/1080\/revisions\/1082"}],"wp:featuredmedia":[{"embeddable":true,"href":"https:\/\/voxsahel.com\/index.php?rest_route=\/wp\/v2\/media\/1081"}],"wp:attachment":[{"href":"https:\/\/voxsahel.com\/index.php?rest_route=%2Fwp%2Fv2%2Fmedia&parent=1080"}],"wp:term":[{"taxonomy":"category","embeddable":true,"href":"https:\/\/voxsahel.com\/index.php?rest_route=%2Fwp%2Fv2%2Fcategories&post=1080"},{"taxonomy":"post_tag","embeddable":true,"href":"https:\/\/voxsahel.com\/index.php?rest_route=%2Fwp%2Fv2%2Ftags&post=1080"}],"curies":[{"name":"wp","href":"https:\/\/api.w.org\/{rel}","templated":true}]}}