{"id":1071,"date":"2024-12-21T18:17:43","date_gmt":"2024-12-21T18:17:43","guid":{"rendered":"https:\/\/voxsahel.com\/?p=1071"},"modified":"2024-12-21T18:18:33","modified_gmt":"2024-12-21T18:18:33","slug":"portrait-patrick-zoundi-litineraire-dun-guerrier-du-football-burkinabe-en-europe","status":"publish","type":"post","link":"https:\/\/voxsahel.com\/?p=1071","title":{"rendered":"Portrait \/Patrick Zoundi : L\u2019itin\u00e9raire d\u2019un guerrier du football burkinab\u00e8 en Europe"},"content":{"rendered":"<p class=\"p1\"><strong>Bonssawende Patrick Zoundi, n\u00e9 le 19 juillet 1982 \u00e0 Ouagadougou, est un ancien milieu offensif burkinab\u00e9 dont la carri\u00e8re professionnelle s\u2019\u00e9tend de 1998 \u00e0 2016. Form\u00e9 \u00e0 l\u2019acad\u00e9mie de la Plan\u00e8te Champion de Ouagadougou, reconnue pour avoir produit de nombreux talents tels que Jonathan Pitroipa et Alain Traor\u00e9, Zoundi s\u2019est rapidement illustr\u00e9 par sa technique, sa polyvalence, et son engagement sur le terrain.<\/strong><\/p>\n<p class=\"p1\"><span class=\"s1\">D\u00e8s ses d\u00e9buts avec Plan\u00e8te Champion, Zoundi se fait remarquer par son talent offensif, ce qui lui ouvre les portes du football europ\u00e9en. En 2001, il rejoint le KSC Lokeren en Belgique, o\u00f9 il s\u2019impose progressivement comme un \u00e9l\u00e9ment r\u00e9gulier de l\u2019\u00e9quipe premi\u00e8re en Jupiler Pro League. Pendant ses quatre saisons au club flamand, il montre sa capacit\u00e9 \u00e0 \u00e9voluer \u00e0 un haut niveau, participant \u00e0 78 matchs de championnat et consolidant son profil de milieu offensif travailleur et cr\u00e9atif.<\/span><\/p>\n<p class=\"p1\"><span class=\"s1\">En 2005, Zoundi choisit un nouveau d\u00e9fi en rejoignant Ethnikos Asteras, en deuxi\u00e8me division grecque. Ses performances convaincantes permettent \u00e0 son \u00e9quipe de progresser, et il est rapidement recrut\u00e9 par Asteras Tripolis, o\u00f9 il joue un r\u00f4le cl\u00e9 dans la mont\u00e9e du club en premi\u00e8re division hell\u00e9nique. Cependant, le niveau sup\u00e9rieur s\u2019av\u00e8re plus exigeant, et bien qu\u2019il reste comp\u00e9titif, Zoundi doit quitter Tripolis pour Panserraikos en 2008. L\u00e0-bas, il continue \u00e0 se battre dans l\u2019\u00e9lite grecque, montrant une grande r\u00e9silience et une capacit\u00e9 \u00e0 contribuer \u00e0 une \u00e9quipe en constante lutte pour le maintien.<\/span><\/p>\n<p class=\"p1\"><span class=\"s1\">En 2009, Zoundi fait un tournant dans sa carri\u00e8re en rejoignant Fortuna D\u00fcsseldorf, en 2. Bundesliga. Son dynamisme et son engagement le rendent rapidement indispensable. Bien que l\u2019\u00e9quipe \u00e9choue de peu \u00e0 la mont\u00e9e en Bundesliga lors de sa premi\u00e8re saison, Zoundi gagne le respect de ses co\u00e9quipiers et des supporters. Deux ans plus tard, il rejoint l\u2019Union Berlin, o\u00f9 il continue d\u2019apporter son exp\u00e9rience et sa r\u00e9gularit\u00e9, disputant 51 matchs en deux saisons.<br \/>\nIl termine sa carri\u00e8re professionnelle en Allemagne, jouant successivement pour le MSV Duisbourg et le FC Sarrebruck, clubs avec lesquels il reste un joueur de rotation pr\u00e9cieux gr\u00e2ce \u00e0 sa rigueur et son leadership.<\/span><\/p>\n<p class=\"p1\"><span class=\"s1\">Avec la s\u00e9lection nationale du Burkina Faso, Zoundi a repr\u00e9sent\u00e9 les \u00c9talons \u00e0 deux Coupes d\u2019Afrique des Nations (2004 et 2010). Bien que son r\u00f4le ait \u00e9t\u00e9 limit\u00e9 en phase finale, il a toujours r\u00e9pondu pr\u00e9sent lors des qualifications et des rencontres internationales, incarnant la d\u00e9termination et le d\u00e9vouement.<\/span><\/p>\n<p class=\"p1\"><span class=\"s1\">Patrick Zoundi se distingue par sa polyvalence au milieu de terrain, sa capacit\u00e9 \u00e0 jouer dans les couloirs et son intelligence tactique. Milieu offensif dot\u00e9 d\u2019une bonne vision de jeu et d\u2019une \u00e9thique de travail irr\u00e9prochable, il a \u00e9t\u00e9 un exemple de constance dans des clubs o\u00f9 la pression pour les r\u00e9sultats \u00e9tait \u00e9lev\u00e9e.<\/span><\/p>\n<p class=\"p1\"><span class=\"s1\">Bien qu\u2019il n\u2019ait jamais \u00e9volu\u00e9 dans les plus grands clubs europ\u00e9ens, sa carri\u00e8re est un mod\u00e8le de pers\u00e9v\u00e9rance, illustrant la trajectoire d\u2019un joueur burkinab\u00e9 qui, gr\u00e2ce \u00e0 son talent et \u00e0 son s\u00e9rieux, a su marquer son empreinte sur plusieurs championnats europ\u00e9ens. Zoundi reste une figure respect\u00e9e du football burkinab\u00e8, symbole de l\u2019\u00e9volution positive des talents africains dans le monde du sport.\u00a0<\/span><\/p>\n<p class=\"p1\" style=\"text-align: right;\"><span class=\"s1\"><b> Par Vox Sahel <\/b><\/span><\/p>\n","protected":false},"excerpt":{"rendered":"<p>Bonssawende Patrick Zoundi, n\u00e9 le 19 juillet 1982 \u00e0 Ouagadougou, est un ancien milieu offensif<\/p>\n","protected":false},"author":2,"featured_media":1073,"comment_status":"open","ping_status":"open","sticky":false,"template":"","format":"standard","meta":{"_et_pb_use_builder":"","_et_pb_old_content":"","_et_gb_content_width":"","footnotes":""},"categories":[12],"tags":[18,40,35,516,34],"class_list":["post-1071","post","type-post","status-publish","format-standard","has-post-thumbnail","hentry","category-sports","tag-burkina-faso","tag-federation-burkinabe-de-football","tag-football","tag-patrick-zoundi","tag-sport"],"yoast_head":"<!-- This site is optimized with the Yoast SEO plugin v27.5 - https:\/\/yoast.com\/product\/yoast-seo-wordpress\/ -->\n<title>Portrait \/Patrick Zoundi : L\u2019itin\u00e9raire d\u2019un guerrier du football burkinab\u00e8 en Europe - Vox Sahel<\/title>\n<meta name=\"robots\" content=\"index, follow, max-snippet:-1, max-image-preview:large, max-video-preview:-1\" \/>\n<link rel=\"canonical\" href=\"https:\/\/voxsahel.com\/?p=1071\" \/>\n<meta property=\"og:locale\" content=\"fr_FR\" \/>\n<meta property=\"og:type\" content=\"article\" \/>\n<meta property=\"og:title\" content=\"Portrait \/Patrick Zoundi : L\u2019itin\u00e9raire d\u2019un guerrier du football burkinab\u00e8 en Europe - Vox Sahel\" \/>\n<meta property=\"og:description\" content=\"Bonssawende Patrick Zoundi, n\u00e9 le 19 juillet 1982 \u00e0 Ouagadougou, est un ancien milieu offensif\" \/>\n<meta property=\"og:url\" content=\"https:\/\/voxsahel.com\/?p=1071\" \/>\n<meta property=\"og:site_name\" content=\"Vox Sahel\" \/>\n<meta property=\"article:publisher\" content=\"https:\/\/www.facebook.com\/journal.voxsahel\" \/>\n<meta property=\"article:published_time\" content=\"2024-12-21T18:17:43+00:00\" \/>\n<meta property=\"article:modified_time\" content=\"2024-12-21T18:18:33+00:00\" \/>\n<meta property=\"og:image\" content=\"https:\/\/voxsahel.com\/wp-content\/uploads\/2024\/12\/IMG_4263.png\" \/>\n\t<meta property=\"og:image:width\" content=\"1080\" \/>\n\t<meta property=\"og:image:height\" content=\"1080\" \/>\n\t<meta property=\"og:image:type\" content=\"image\/png\" \/>\n<meta name=\"author\" content=\"Vox Sahel\" \/>\n<meta name=\"twitter:card\" content=\"summary_large_image\" \/>\n<meta name=\"twitter:label1\" content=\"\u00c9crit par\" \/>\n\t<meta name=\"twitter:data1\" content=\"Vox Sahel\" \/>\n\t<meta name=\"twitter:label2\" content=\"Dur\u00e9e de lecture estim\u00e9e\" \/>\n\t<meta name=\"twitter:data2\" content=\"3 minutes\" \/>\n<script type=\"application\/ld+json\" class=\"yoast-schema-graph\">{\"@context\":\"https:\\\/\\\/schema.org\",\"@graph\":[{\"@type\":\"Article\",\"@id\":\"https:\\\/\\\/voxsahel.com\\\/?p=1071#article\",\"isPartOf\":{\"@id\":\"https:\\\/\\\/voxsahel.com\\\/?p=1071\"},\"author\":{\"name\":\"Vox Sahel\",\"@id\":\"https:\\\/\\\/voxsahel.com\\\/#\\\/schema\\\/person\\\/b4043608248f8fa227cd760e7ff1e19e\"},\"headline\":\"Portrait \\\/Patrick Zoundi : L\u2019itin\u00e9raire d\u2019un guerrier du football burkinab\u00e8 en Europe\",\"datePublished\":\"2024-12-21T18:17:43+00:00\",\"dateModified\":\"2024-12-21T18:18:33+00:00\",\"mainEntityOfPage\":{\"@id\":\"https:\\\/\\\/voxsahel.com\\\/?p=1071\"},\"wordCount\":567,\"commentCount\":0,\"publisher\":{\"@id\":\"https:\\\/\\\/voxsahel.com\\\/#organization\"},\"image\":{\"@id\":\"https:\\\/\\\/voxsahel.com\\\/?p=1071#primaryimage\"},\"thumbnailUrl\":\"https:\\\/\\\/voxsahel.com\\\/wp-content\\\/uploads\\\/2024\\\/12\\\/IMG_4263.png\",\"keywords\":[\"Burkina Faso\",\"F\u00e9d\u00e9ration Burkinab\u00e8 de Football\",\"Football\",\"Patrick Zoundi\",\"Sport\"],\"articleSection\":[\"SPORTS\"],\"inLanguage\":\"fr-FR\",\"potentialAction\":[{\"@type\":\"CommentAction\",\"name\":\"Comment\",\"target\":[\"https:\\\/\\\/voxsahel.com\\\/?p=1071#respond\"]}]},{\"@type\":\"WebPage\",\"@id\":\"https:\\\/\\\/voxsahel.com\\\/?p=1071\",\"url\":\"https:\\\/\\\/voxsahel.com\\\/?p=1071\",\"name\":\"Portrait \\\/Patrick Zoundi : L\u2019itin\u00e9raire d\u2019un guerrier du football burkinab\u00e8 en Europe - Vox Sahel\",\"isPartOf\":{\"@id\":\"https:\\\/\\\/voxsahel.com\\\/#website\"},\"primaryImageOfPage\":{\"@id\":\"https:\\\/\\\/voxsahel.com\\\/?p=1071#primaryimage\"},\"image\":{\"@id\":\"https:\\\/\\\/voxsahel.com\\\/?p=1071#primaryimage\"},\"thumbnailUrl\":\"https:\\\/\\\/voxsahel.com\\\/wp-content\\\/uploads\\\/2024\\\/12\\\/IMG_4263.png\",\"datePublished\":\"2024-12-21T18:17:43+00:00\",\"dateModified\":\"2024-12-21T18:18:33+00:00\",\"breadcrumb\":{\"@id\":\"https:\\\/\\\/voxsahel.com\\\/?p=1071#breadcrumb\"},\"inLanguage\":\"fr-FR\",\"potentialAction\":[{\"@type\":\"ReadAction\",\"target\":[\"https:\\\/\\\/voxsahel.com\\\/?p=1071\"]}]},{\"@type\":\"ImageObject\",\"inLanguage\":\"fr-FR\",\"@id\":\"https:\\\/\\\/voxsahel.com\\\/?p=1071#primaryimage\",\"url\":\"https:\\\/\\\/voxsahel.com\\\/wp-content\\\/uploads\\\/2024\\\/12\\\/IMG_4263.png\",\"contentUrl\":\"https:\\\/\\\/voxsahel.com\\\/wp-content\\\/uploads\\\/2024\\\/12\\\/IMG_4263.png\",\"width\":1080,\"height\":1080},{\"@type\":\"BreadcrumbList\",\"@id\":\"https:\\\/\\\/voxsahel.com\\\/?p=1071#breadcrumb\",\"itemListElement\":[{\"@type\":\"ListItem\",\"position\":1,\"name\":\"Home\",\"item\":\"https:\\\/\\\/voxsahel.com\\\/\"},{\"@type\":\"ListItem\",\"position\":2,\"name\":\"Portrait \\\/Patrick Zoundi : L\u2019itin\u00e9raire d\u2019un guerrier du football burkinab\u00e8 en Europe\"}]},{\"@type\":\"WebSite\",\"@id\":\"https:\\\/\\\/voxsahel.com\\\/#website\",\"url\":\"https:\\\/\\\/voxsahel.com\\\/\",\"name\":\"Vox Sahel\",\"description\":\"Informez-vous sur le Sahel en un clic\",\"publisher\":{\"@id\":\"https:\\\/\\\/voxsahel.com\\\/#organization\"},\"potentialAction\":[{\"@type\":\"SearchAction\",\"target\":{\"@type\":\"EntryPoint\",\"urlTemplate\":\"https:\\\/\\\/voxsahel.com\\\/?s={search_term_string}\"},\"query-input\":{\"@type\":\"PropertyValueSpecification\",\"valueRequired\":true,\"valueName\":\"search_term_string\"}}],\"inLanguage\":\"fr-FR\"},{\"@type\":\"Organization\",\"@id\":\"https:\\\/\\\/voxsahel.com\\\/#organization\",\"name\":\"Vox Sahel\",\"url\":\"https:\\\/\\\/voxsahel.com\\\/\",\"logo\":{\"@type\":\"ImageObject\",\"inLanguage\":\"fr-FR\",\"@id\":\"https:\\\/\\\/voxsahel.com\\\/#\\\/schema\\\/logo\\\/image\\\/\",\"url\":\"https:\\\/\\\/voxsahel.com\\\/wp-content\\\/uploads\\\/2024\\\/09\\\/Logo-Vox-Sahel.jpg\",\"contentUrl\":\"https:\\\/\\\/voxsahel.com\\\/wp-content\\\/uploads\\\/2024\\\/09\\\/Logo-Vox-Sahel.jpg\",\"width\":1181,\"height\":848,\"caption\":\"Vox Sahel\"},\"image\":{\"@id\":\"https:\\\/\\\/voxsahel.com\\\/#\\\/schema\\\/logo\\\/image\\\/\"},\"sameAs\":[\"https:\\\/\\\/www.facebook.com\\\/journal.voxsahel\"]},{\"@type\":\"Person\",\"@id\":\"https:\\\/\\\/voxsahel.com\\\/#\\\/schema\\\/person\\\/b4043608248f8fa227cd760e7ff1e19e\",\"name\":\"Vox Sahel\",\"image\":{\"@type\":\"ImageObject\",\"inLanguage\":\"fr-FR\",\"@id\":\"https:\\\/\\\/secure.gravatar.com\\\/avatar\\\/f70e7fa0cb9b29d4a7c5788d6eb2e9ab4d3135cbae1c9161810fdf77a8964699?s=96&d=mm&r=g\",\"url\":\"https:\\\/\\\/secure.gravatar.com\\\/avatar\\\/f70e7fa0cb9b29d4a7c5788d6eb2e9ab4d3135cbae1c9161810fdf77a8964699?s=96&d=mm&r=g\",\"contentUrl\":\"https:\\\/\\\/secure.gravatar.com\\\/avatar\\\/f70e7fa0cb9b29d4a7c5788d6eb2e9ab4d3135cbae1c9161810fdf77a8964699?s=96&d=mm&r=g\",\"caption\":\"Vox Sahel\"},\"sameAs\":[\"http:\\\/\\\/www.voxsahel.com\"],\"url\":\"https:\\\/\\\/voxsahel.com\\\/?author=2\"}]}<\/script>\n<!-- \/ Yoast SEO plugin. -->","yoast_head_json":{"title":"Portrait \/Patrick Zoundi : L\u2019itin\u00e9raire d\u2019un guerrier du football burkinab\u00e8 en Europe - Vox Sahel","robots":{"index":"index","follow":"follow","max-snippet":"max-snippet:-1","max-image-preview":"max-image-preview:large","max-video-preview":"max-video-preview:-1"},"canonical":"https:\/\/voxsahel.com\/?p=1071","og_locale":"fr_FR","og_type":"article","og_title":"Portrait \/Patrick Zoundi : L\u2019itin\u00e9raire d\u2019un guerrier du football burkinab\u00e8 en Europe - Vox Sahel","og_description":"Bonssawende Patrick Zoundi, n\u00e9 le 19 juillet 1982 \u00e0 Ouagadougou, est un ancien milieu offensif","og_url":"https:\/\/voxsahel.com\/?p=1071","og_site_name":"Vox Sahel","article_publisher":"https:\/\/www.facebook.com\/journal.voxsahel","article_published_time":"2024-12-21T18:17:43+00:00","article_modified_time":"2024-12-21T18:18:33+00:00","og_image":[{"width":1080,"height":1080,"url":"https:\/\/voxsahel.com\/wp-content\/uploads\/2024\/12\/IMG_4263.png","type":"image\/png"}],"author":"Vox Sahel","twitter_card":"summary_large_image","twitter_misc":{"\u00c9crit par":"Vox Sahel","Dur\u00e9e de lecture estim\u00e9e":"3 minutes"},"schema":{"@context":"https:\/\/schema.org","@graph":[{"@type":"Article","@id":"https:\/\/voxsahel.com\/?p=1071#article","isPartOf":{"@id":"https:\/\/voxsahel.com\/?p=1071"},"author":{"name":"Vox Sahel","@id":"https:\/\/voxsahel.com\/#\/schema\/person\/b4043608248f8fa227cd760e7ff1e19e"},"headline":"Portrait \/Patrick Zoundi : L\u2019itin\u00e9raire d\u2019un guerrier du football burkinab\u00e8 en Europe","datePublished":"2024-12-21T18:17:43+00:00","dateModified":"2024-12-21T18:18:33+00:00","mainEntityOfPage":{"@id":"https:\/\/voxsahel.com\/?p=1071"},"wordCount":567,"commentCount":0,"publisher":{"@id":"https:\/\/voxsahel.com\/#organization"},"image":{"@id":"https:\/\/voxsahel.com\/?p=1071#primaryimage"},"thumbnailUrl":"https:\/\/voxsahel.com\/wp-content\/uploads\/2024\/12\/IMG_4263.png","keywords":["Burkina Faso","F\u00e9d\u00e9ration Burkinab\u00e8 de Football","Football","Patrick Zoundi","Sport"],"articleSection":["SPORTS"],"inLanguage":"fr-FR","potentialAction":[{"@type":"CommentAction","name":"Comment","target":["https:\/\/voxsahel.com\/?p=1071#respond"]}]},{"@type":"WebPage","@id":"https:\/\/voxsahel.com\/?p=1071","url":"https:\/\/voxsahel.com\/?p=1071","name":"Portrait \/Patrick Zoundi : L\u2019itin\u00e9raire d\u2019un guerrier du football burkinab\u00e8 en Europe - Vox Sahel","isPartOf":{"@id":"https:\/\/voxsahel.com\/#website"},"primaryImageOfPage":{"@id":"https:\/\/voxsahel.com\/?p=1071#primaryimage"},"image":{"@id":"https:\/\/voxsahel.com\/?p=1071#primaryimage"},"thumbnailUrl":"https:\/\/voxsahel.com\/wp-content\/uploads\/2024\/12\/IMG_4263.png","datePublished":"2024-12-21T18:17:43+00:00","dateModified":"2024-12-21T18:18:33+00:00","breadcrumb":{"@id":"https:\/\/voxsahel.com\/?p=1071#breadcrumb"},"inLanguage":"fr-FR","potentialAction":[{"@type":"ReadAction","target":["https:\/\/voxsahel.com\/?p=1071"]}]},{"@type":"ImageObject","inLanguage":"fr-FR","@id":"https:\/\/voxsahel.com\/?p=1071#primaryimage","url":"https:\/\/voxsahel.com\/wp-content\/uploads\/2024\/12\/IMG_4263.png","contentUrl":"https:\/\/voxsahel.com\/wp-content\/uploads\/2024\/12\/IMG_4263.png","width":1080,"height":1080},{"@type":"BreadcrumbList","@id":"https:\/\/voxsahel.com\/?p=1071#breadcrumb","itemListElement":[{"@type":"ListItem","position":1,"name":"Home","item":"https:\/\/voxsahel.com\/"},{"@type":"ListItem","position":2,"name":"Portrait \/Patrick Zoundi : L\u2019itin\u00e9raire d\u2019un guerrier du football burkinab\u00e8 en Europe"}]},{"@type":"WebSite","@id":"https:\/\/voxsahel.com\/#website","url":"https:\/\/voxsahel.com\/","name":"Vox Sahel","description":"Informez-vous sur le Sahel en un clic","publisher":{"@id":"https:\/\/voxsahel.com\/#organization"},"potentialAction":[{"@type":"SearchAction","target":{"@type":"EntryPoint","urlTemplate":"https:\/\/voxsahel.com\/?s={search_term_string}"},"query-input":{"@type":"PropertyValueSpecification","valueRequired":true,"valueName":"search_term_string"}}],"inLanguage":"fr-FR"},{"@type":"Organization","@id":"https:\/\/voxsahel.com\/#organization","name":"Vox Sahel","url":"https:\/\/voxsahel.com\/","logo":{"@type":"ImageObject","inLanguage":"fr-FR","@id":"https:\/\/voxsahel.com\/#\/schema\/logo\/image\/","url":"https:\/\/voxsahel.com\/wp-content\/uploads\/2024\/09\/Logo-Vox-Sahel.jpg","contentUrl":"https:\/\/voxsahel.com\/wp-content\/uploads\/2024\/09\/Logo-Vox-Sahel.jpg","width":1181,"height":848,"caption":"Vox Sahel"},"image":{"@id":"https:\/\/voxsahel.com\/#\/schema\/logo\/image\/"},"sameAs":["https:\/\/www.facebook.com\/journal.voxsahel"]},{"@type":"Person","@id":"https:\/\/voxsahel.com\/#\/schema\/person\/b4043608248f8fa227cd760e7ff1e19e","name":"Vox Sahel","image":{"@type":"ImageObject","inLanguage":"fr-FR","@id":"https:\/\/secure.gravatar.com\/avatar\/f70e7fa0cb9b29d4a7c5788d6eb2e9ab4d3135cbae1c9161810fdf77a8964699?s=96&d=mm&r=g","url":"https:\/\/secure.gravatar.com\/avatar\/f70e7fa0cb9b29d4a7c5788d6eb2e9ab4d3135cbae1c9161810fdf77a8964699?s=96&d=mm&r=g","contentUrl":"https:\/\/secure.gravatar.com\/avatar\/f70e7fa0cb9b29d4a7c5788d6eb2e9ab4d3135cbae1c9161810fdf77a8964699?s=96&d=mm&r=g","caption":"Vox Sahel"},"sameAs":["http:\/\/www.voxsahel.com"],"url":"https:\/\/voxsahel.com\/?author=2"}]}},"_links":{"self":[{"href":"https:\/\/voxsahel.com\/index.php?rest_route=\/wp\/v2\/posts\/1071","targetHints":{"allow":["GET"]}}],"collection":[{"href":"https:\/\/voxsahel.com\/index.php?rest_route=\/wp\/v2\/posts"}],"about":[{"href":"https:\/\/voxsahel.com\/index.php?rest_route=\/wp\/v2\/types\/post"}],"author":[{"embeddable":true,"href":"https:\/\/voxsahel.com\/index.php?rest_route=\/wp\/v2\/users\/2"}],"replies":[{"embeddable":true,"href":"https:\/\/voxsahel.com\/index.php?rest_route=%2Fwp%2Fv2%2Fcomments&post=1071"}],"version-history":[{"count":2,"href":"https:\/\/voxsahel.com\/index.php?rest_route=\/wp\/v2\/posts\/1071\/revisions"}],"predecessor-version":[{"id":1075,"href":"https:\/\/voxsahel.com\/index.php?rest_route=\/wp\/v2\/posts\/1071\/revisions\/1075"}],"wp:featuredmedia":[{"embeddable":true,"href":"https:\/\/voxsahel.com\/index.php?rest_route=\/wp\/v2\/media\/1073"}],"wp:attachment":[{"href":"https:\/\/voxsahel.com\/index.php?rest_route=%2Fwp%2Fv2%2Fmedia&parent=1071"}],"wp:term":[{"taxonomy":"category","embeddable":true,"href":"https:\/\/voxsahel.com\/index.php?rest_route=%2Fwp%2Fv2%2Fcategories&post=1071"},{"taxonomy":"post_tag","embeddable":true,"href":"https:\/\/voxsahel.com\/index.php?rest_route=%2Fwp%2Fv2%2Ftags&post=1071"}],"curies":[{"name":"wp","href":"https:\/\/api.w.org\/{rel}","templated":true}]}}