{"id":1060,"date":"2024-12-18T23:05:50","date_gmt":"2024-12-18T23:05:50","guid":{"rendered":"https:\/\/voxsahel.com\/?p=1060"},"modified":"2024-12-18T23:05:50","modified_gmt":"2024-12-18T23:05:50","slug":"burkina-faso-dissolution-des-organes-consulaires-de-la-chambre-de-commerce-et-dindustrie","status":"publish","type":"post","link":"https:\/\/voxsahel.com\/?p=1060","title":{"rendered":"Burkina Faso : Dissolution des organes consulaires de la Chambre de commerce et d\u2019industrie"},"content":{"rendered":"<p class=\"p1\">Lors du Conseil des ministres du mercredi 18 d\u00e9cembre 2024, le gouvernement burkinab\u00e8 a adopt\u00e9 deux d\u00e9crets marquant une \u00e9tape majeure dans la restructuration de la Chambre de commerce et d\u2019industrie du Burkina Faso (CCI-BF). Ces textes portent notamment sur l&rsquo;approbation de nouveaux statuts pour l\u2019institution et la dissolution de ses organes consulaires.<\/p>\n<p class=\"p1\"><span class=\"s2\">Cr\u00e9\u00e9e le 11 juin 1948, la CCI-BF a connu de nombreuses r\u00e9formes visant \u00e0 s\u2019adapter aux \u00e9volutions r\u00e9glementaires et \u00e0 renforcer son efficacit\u00e9 en tant qu\u2019instrument au service du secteur priv\u00e9. Malgr\u00e9 ces efforts, l\u2019institution reste confront\u00e9e \u00e0 des dysfonctionnements li\u00e9s \u00e0 son organisation et \u00e0 sa gestion hybride, \u00e0 la fois publique et priv\u00e9e.<\/span><\/p>\n<p class=\"p1\"><span class=\"s2\">Pour r\u00e9pondre \u00e0 ces d\u00e9fis, le gouvernement a d\u00e9cid\u00e9 de dissoudre les organes consulaires actuels, dans le cadre d\u2019une r\u00e9forme visant \u00e0 moderniser et red\u00e9finir la gouvernance de la CCI-BF. Cette dissolution s\u2019inscrit dans un plan plus large, marqu\u00e9 par plusieurs innovations structurelles.<\/span><\/p>\n<p class=\"p1\"><strong><span class=\"s1\">Les principaux changements<\/span><\/strong><\/p>\n<p class=\"p1\"><span class=\"s2\">Les nouveaux textes pr\u00e9voient :<\/span><\/p>\n<ul class=\"ul1\">\n<li class=\"li1\"><span class=\"s1\">La suppression du lien hi\u00e9rarchique<\/span><span class=\"s2\"> entre les \u00e9lus consulaires, repr\u00e9sentants du secteur priv\u00e9, et la CCI-BF en tant qu\u2019\u00e9tablissement public \u00e0 caract\u00e8re professionnel.<\/span><\/li>\n<li class=\"li1\"><span class=\"s1\">La cr\u00e9ation d\u2019une Assembl\u00e9e g\u00e9n\u00e9rale et d\u2019un Conseil d\u2019administration<\/span><span class=\"s2\">, structures charg\u00e9es d\u2019assurer une meilleure gouvernance.<\/span><\/li>\n<li class=\"li1\"><span class=\"s1\">L\u2019\u00e9tablissement de repr\u00e9sentations \u00e0 l\u2019\u00e9tranger<\/span><span class=\"s2\">, renfor\u00e7ant ainsi la pr\u00e9sence internationale de la CCI-BF.<\/span><\/li>\n<li class=\"li1\"><span class=\"s1\">La s\u00e9paration des gestions budg\u00e9taires<\/span><span class=\"s2\"> entre la CCI-BF et ses entit\u00e9s consulaires.<\/span><\/li>\n<li class=\"li1\"><span class=\"s1\">La mise en place de d\u00e9l\u00e9gations sp\u00e9ciales consulaires<\/span><span class=\"s2\">, qui agiront \u00e0 titre transitoire jusqu\u2019\u00e0 l\u2019organisation de nouvelles \u00e9lections consulaires.<\/span><\/li>\n<\/ul>\n<p class=\"p1\"><span class=\"s2\">Selon le rapport du minist\u00e8re en charge du commerce et de l\u2019industrie, cette r\u00e9forme vise \u00e0 am\u00e9liorer la coordination des politiques sectorielles en faveur du secteur priv\u00e9. En renfor\u00e7ant la transparence et l\u2019efficacit\u00e9 dans la gestion de la CCI-BF, le gouvernement entend faire de cette institution un levier essentiel pour le d\u00e9veloppement \u00e9conomique du pays.<\/span><\/p>\n<p class=\"p1\"><span class=\"s2\">En attendant l\u2019organisation des \u00e9lections consulaires, les d\u00e9l\u00e9gations sp\u00e9ciales auront pour mission de g\u00e9rer les affaires courantes et d\u2019assurer la continuit\u00e9 des services.<\/span><\/p>\n<p class=\"p1\"><span class=\"s2\">Cette r\u00e9forme marque une volont\u00e9 claire des autorit\u00e9s de moderniser les institutions \u00e9conomiques du pays. La dissolution des organes consulaires de la CCI-BF n\u2019est pas une fin en soi, mais plut\u00f4t le point de d\u00e9part d\u2019une transformation profonde destin\u00e9e \u00e0 renforcer l\u2019autonomie et l\u2019efficacit\u00e9 de la Chambre de commerce, au b\u00e9n\u00e9fice du secteur priv\u00e9 burkinab\u00e8.<\/span><\/p>\n<p class=\"p1\"><span class=\"s2\">Les prochaines \u00e9tapes, notamment les \u00e9lections consulaires, seront scrut\u00e9es de pr\u00e8s par les acteurs \u00e9conomiques et les partenaires internationaux, dans l\u2019espoir de voir \u00e9merger une institution renforc\u00e9e et adapt\u00e9e aux d\u00e9fis \u00e9conomiques actuels.<\/span><\/p>\n<p class=\"p1\" style=\"text-align: right;\"><span class=\"s2\"><b>Par Vox Sahel <\/b><\/span><\/p>\n","protected":false},"excerpt":{"rendered":"<p>Lors du Conseil des ministres du mercredi 18 d\u00e9cembre 2024, le gouvernement burkinab\u00e8 a adopt\u00e9<\/p>\n","protected":false},"author":2,"featured_media":1061,"comment_status":"open","ping_status":"open","sticky":false,"template":"","format":"standard","meta":{"_et_pb_use_builder":"","_et_pb_old_content":"","_et_gb_content_width":"","footnotes":""},"categories":[8],"tags":[18,69,70],"class_list":["post-1060","post","type-post","status-publish","format-standard","has-post-thumbnail","hentry","category-developpement","tag-burkina-faso","tag-commerce","tag-industrie"],"yoast_head":"<!-- This site is optimized with the Yoast SEO plugin v27.5 - https:\/\/yoast.com\/product\/yoast-seo-wordpress\/ -->\n<title>Burkina Faso : Dissolution des organes consulaires de la Chambre de commerce et d\u2019industrie - Vox Sahel<\/title>\n<meta name=\"robots\" content=\"index, follow, max-snippet:-1, max-image-preview:large, max-video-preview:-1\" \/>\n<link rel=\"canonical\" href=\"https:\/\/voxsahel.com\/?p=1060\" \/>\n<meta property=\"og:locale\" content=\"fr_FR\" \/>\n<meta property=\"og:type\" content=\"article\" \/>\n<meta property=\"og:title\" content=\"Burkina Faso : Dissolution des organes consulaires de la Chambre de commerce et d\u2019industrie - Vox Sahel\" \/>\n<meta property=\"og:description\" content=\"Lors du Conseil des ministres du mercredi 18 d\u00e9cembre 2024, le gouvernement burkinab\u00e8 a adopt\u00e9\" \/>\n<meta property=\"og:url\" content=\"https:\/\/voxsahel.com\/?p=1060\" \/>\n<meta property=\"og:site_name\" content=\"Vox Sahel\" \/>\n<meta property=\"article:publisher\" content=\"https:\/\/www.facebook.com\/journal.voxsahel\" \/>\n<meta property=\"article:published_time\" content=\"2024-12-18T23:05:50+00:00\" \/>\n<meta property=\"og:image\" content=\"https:\/\/voxsahel.com\/wp-content\/uploads\/2024\/12\/IMG_3326.jpeg\" \/>\n\t<meta property=\"og:image:width\" content=\"692\" \/>\n\t<meta property=\"og:image:height\" content=\"360\" \/>\n\t<meta property=\"og:image:type\" content=\"image\/jpeg\" \/>\n<meta name=\"author\" content=\"Vox Sahel\" \/>\n<meta name=\"twitter:card\" content=\"summary_large_image\" \/>\n<meta name=\"twitter:label1\" content=\"\u00c9crit par\" \/>\n\t<meta name=\"twitter:data1\" content=\"Vox Sahel\" \/>\n\t<meta name=\"twitter:label2\" content=\"Dur\u00e9e de lecture estim\u00e9e\" \/>\n\t<meta name=\"twitter:data2\" content=\"3 minutes\" \/>\n<script type=\"application\/ld+json\" class=\"yoast-schema-graph\">{\"@context\":\"https:\\\/\\\/schema.org\",\"@graph\":[{\"@type\":\"Article\",\"@id\":\"https:\\\/\\\/voxsahel.com\\\/?p=1060#article\",\"isPartOf\":{\"@id\":\"https:\\\/\\\/voxsahel.com\\\/?p=1060\"},\"author\":{\"name\":\"Vox Sahel\",\"@id\":\"https:\\\/\\\/voxsahel.com\\\/#\\\/schema\\\/person\\\/b4043608248f8fa227cd760e7ff1e19e\"},\"headline\":\"Burkina Faso : Dissolution des organes consulaires de la Chambre de commerce et d\u2019industrie\",\"datePublished\":\"2024-12-18T23:05:50+00:00\",\"mainEntityOfPage\":{\"@id\":\"https:\\\/\\\/voxsahel.com\\\/?p=1060\"},\"wordCount\":483,\"commentCount\":0,\"publisher\":{\"@id\":\"https:\\\/\\\/voxsahel.com\\\/#organization\"},\"image\":{\"@id\":\"https:\\\/\\\/voxsahel.com\\\/?p=1060#primaryimage\"},\"thumbnailUrl\":\"https:\\\/\\\/voxsahel.com\\\/wp-content\\\/uploads\\\/2024\\\/12\\\/IMG_3326.jpeg\",\"keywords\":[\"Burkina Faso\",\"Commerce\",\"Industrie\"],\"articleSection\":[\"DEVELOPPEMENT\"],\"inLanguage\":\"fr-FR\",\"potentialAction\":[{\"@type\":\"CommentAction\",\"name\":\"Comment\",\"target\":[\"https:\\\/\\\/voxsahel.com\\\/?p=1060#respond\"]}]},{\"@type\":\"WebPage\",\"@id\":\"https:\\\/\\\/voxsahel.com\\\/?p=1060\",\"url\":\"https:\\\/\\\/voxsahel.com\\\/?p=1060\",\"name\":\"Burkina Faso : Dissolution des organes consulaires de la Chambre de commerce et d\u2019industrie - Vox Sahel\",\"isPartOf\":{\"@id\":\"https:\\\/\\\/voxsahel.com\\\/#website\"},\"primaryImageOfPage\":{\"@id\":\"https:\\\/\\\/voxsahel.com\\\/?p=1060#primaryimage\"},\"image\":{\"@id\":\"https:\\\/\\\/voxsahel.com\\\/?p=1060#primaryimage\"},\"thumbnailUrl\":\"https:\\\/\\\/voxsahel.com\\\/wp-content\\\/uploads\\\/2024\\\/12\\\/IMG_3326.jpeg\",\"datePublished\":\"2024-12-18T23:05:50+00:00\",\"breadcrumb\":{\"@id\":\"https:\\\/\\\/voxsahel.com\\\/?p=1060#breadcrumb\"},\"inLanguage\":\"fr-FR\",\"potentialAction\":[{\"@type\":\"ReadAction\",\"target\":[\"https:\\\/\\\/voxsahel.com\\\/?p=1060\"]}]},{\"@type\":\"ImageObject\",\"inLanguage\":\"fr-FR\",\"@id\":\"https:\\\/\\\/voxsahel.com\\\/?p=1060#primaryimage\",\"url\":\"https:\\\/\\\/voxsahel.com\\\/wp-content\\\/uploads\\\/2024\\\/12\\\/IMG_3326.jpeg\",\"contentUrl\":\"https:\\\/\\\/voxsahel.com\\\/wp-content\\\/uploads\\\/2024\\\/12\\\/IMG_3326.jpeg\",\"width\":692,\"height\":360},{\"@type\":\"BreadcrumbList\",\"@id\":\"https:\\\/\\\/voxsahel.com\\\/?p=1060#breadcrumb\",\"itemListElement\":[{\"@type\":\"ListItem\",\"position\":1,\"name\":\"Home\",\"item\":\"https:\\\/\\\/voxsahel.com\\\/\"},{\"@type\":\"ListItem\",\"position\":2,\"name\":\"Burkina Faso : Dissolution des organes consulaires de la Chambre de commerce et d\u2019industrie\"}]},{\"@type\":\"WebSite\",\"@id\":\"https:\\\/\\\/voxsahel.com\\\/#website\",\"url\":\"https:\\\/\\\/voxsahel.com\\\/\",\"name\":\"Vox Sahel\",\"description\":\"Informez-vous sur le Sahel en un clic\",\"publisher\":{\"@id\":\"https:\\\/\\\/voxsahel.com\\\/#organization\"},\"potentialAction\":[{\"@type\":\"SearchAction\",\"target\":{\"@type\":\"EntryPoint\",\"urlTemplate\":\"https:\\\/\\\/voxsahel.com\\\/?s={search_term_string}\"},\"query-input\":{\"@type\":\"PropertyValueSpecification\",\"valueRequired\":true,\"valueName\":\"search_term_string\"}}],\"inLanguage\":\"fr-FR\"},{\"@type\":\"Organization\",\"@id\":\"https:\\\/\\\/voxsahel.com\\\/#organization\",\"name\":\"Vox Sahel\",\"url\":\"https:\\\/\\\/voxsahel.com\\\/\",\"logo\":{\"@type\":\"ImageObject\",\"inLanguage\":\"fr-FR\",\"@id\":\"https:\\\/\\\/voxsahel.com\\\/#\\\/schema\\\/logo\\\/image\\\/\",\"url\":\"https:\\\/\\\/voxsahel.com\\\/wp-content\\\/uploads\\\/2024\\\/09\\\/Logo-Vox-Sahel.jpg\",\"contentUrl\":\"https:\\\/\\\/voxsahel.com\\\/wp-content\\\/uploads\\\/2024\\\/09\\\/Logo-Vox-Sahel.jpg\",\"width\":1181,\"height\":848,\"caption\":\"Vox Sahel\"},\"image\":{\"@id\":\"https:\\\/\\\/voxsahel.com\\\/#\\\/schema\\\/logo\\\/image\\\/\"},\"sameAs\":[\"https:\\\/\\\/www.facebook.com\\\/journal.voxsahel\"]},{\"@type\":\"Person\",\"@id\":\"https:\\\/\\\/voxsahel.com\\\/#\\\/schema\\\/person\\\/b4043608248f8fa227cd760e7ff1e19e\",\"name\":\"Vox Sahel\",\"image\":{\"@type\":\"ImageObject\",\"inLanguage\":\"fr-FR\",\"@id\":\"https:\\\/\\\/secure.gravatar.com\\\/avatar\\\/f70e7fa0cb9b29d4a7c5788d6eb2e9ab4d3135cbae1c9161810fdf77a8964699?s=96&d=mm&r=g\",\"url\":\"https:\\\/\\\/secure.gravatar.com\\\/avatar\\\/f70e7fa0cb9b29d4a7c5788d6eb2e9ab4d3135cbae1c9161810fdf77a8964699?s=96&d=mm&r=g\",\"contentUrl\":\"https:\\\/\\\/secure.gravatar.com\\\/avatar\\\/f70e7fa0cb9b29d4a7c5788d6eb2e9ab4d3135cbae1c9161810fdf77a8964699?s=96&d=mm&r=g\",\"caption\":\"Vox Sahel\"},\"sameAs\":[\"http:\\\/\\\/www.voxsahel.com\"],\"url\":\"https:\\\/\\\/voxsahel.com\\\/?author=2\"}]}<\/script>\n<!-- \/ Yoast SEO plugin. -->","yoast_head_json":{"title":"Burkina Faso : Dissolution des organes consulaires de la Chambre de commerce et d\u2019industrie - Vox Sahel","robots":{"index":"index","follow":"follow","max-snippet":"max-snippet:-1","max-image-preview":"max-image-preview:large","max-video-preview":"max-video-preview:-1"},"canonical":"https:\/\/voxsahel.com\/?p=1060","og_locale":"fr_FR","og_type":"article","og_title":"Burkina Faso : Dissolution des organes consulaires de la Chambre de commerce et d\u2019industrie - Vox Sahel","og_description":"Lors du Conseil des ministres du mercredi 18 d\u00e9cembre 2024, le gouvernement burkinab\u00e8 a adopt\u00e9","og_url":"https:\/\/voxsahel.com\/?p=1060","og_site_name":"Vox Sahel","article_publisher":"https:\/\/www.facebook.com\/journal.voxsahel","article_published_time":"2024-12-18T23:05:50+00:00","og_image":[{"width":692,"height":360,"url":"https:\/\/voxsahel.com\/wp-content\/uploads\/2024\/12\/IMG_3326.jpeg","type":"image\/jpeg"}],"author":"Vox Sahel","twitter_card":"summary_large_image","twitter_misc":{"\u00c9crit par":"Vox Sahel","Dur\u00e9e de lecture estim\u00e9e":"3 minutes"},"schema":{"@context":"https:\/\/schema.org","@graph":[{"@type":"Article","@id":"https:\/\/voxsahel.com\/?p=1060#article","isPartOf":{"@id":"https:\/\/voxsahel.com\/?p=1060"},"author":{"name":"Vox Sahel","@id":"https:\/\/voxsahel.com\/#\/schema\/person\/b4043608248f8fa227cd760e7ff1e19e"},"headline":"Burkina Faso : Dissolution des organes consulaires de la Chambre de commerce et d\u2019industrie","datePublished":"2024-12-18T23:05:50+00:00","mainEntityOfPage":{"@id":"https:\/\/voxsahel.com\/?p=1060"},"wordCount":483,"commentCount":0,"publisher":{"@id":"https:\/\/voxsahel.com\/#organization"},"image":{"@id":"https:\/\/voxsahel.com\/?p=1060#primaryimage"},"thumbnailUrl":"https:\/\/voxsahel.com\/wp-content\/uploads\/2024\/12\/IMG_3326.jpeg","keywords":["Burkina Faso","Commerce","Industrie"],"articleSection":["DEVELOPPEMENT"],"inLanguage":"fr-FR","potentialAction":[{"@type":"CommentAction","name":"Comment","target":["https:\/\/voxsahel.com\/?p=1060#respond"]}]},{"@type":"WebPage","@id":"https:\/\/voxsahel.com\/?p=1060","url":"https:\/\/voxsahel.com\/?p=1060","name":"Burkina Faso : Dissolution des organes consulaires de la Chambre de commerce et d\u2019industrie - Vox Sahel","isPartOf":{"@id":"https:\/\/voxsahel.com\/#website"},"primaryImageOfPage":{"@id":"https:\/\/voxsahel.com\/?p=1060#primaryimage"},"image":{"@id":"https:\/\/voxsahel.com\/?p=1060#primaryimage"},"thumbnailUrl":"https:\/\/voxsahel.com\/wp-content\/uploads\/2024\/12\/IMG_3326.jpeg","datePublished":"2024-12-18T23:05:50+00:00","breadcrumb":{"@id":"https:\/\/voxsahel.com\/?p=1060#breadcrumb"},"inLanguage":"fr-FR","potentialAction":[{"@type":"ReadAction","target":["https:\/\/voxsahel.com\/?p=1060"]}]},{"@type":"ImageObject","inLanguage":"fr-FR","@id":"https:\/\/voxsahel.com\/?p=1060#primaryimage","url":"https:\/\/voxsahel.com\/wp-content\/uploads\/2024\/12\/IMG_3326.jpeg","contentUrl":"https:\/\/voxsahel.com\/wp-content\/uploads\/2024\/12\/IMG_3326.jpeg","width":692,"height":360},{"@type":"BreadcrumbList","@id":"https:\/\/voxsahel.com\/?p=1060#breadcrumb","itemListElement":[{"@type":"ListItem","position":1,"name":"Home","item":"https:\/\/voxsahel.com\/"},{"@type":"ListItem","position":2,"name":"Burkina Faso : Dissolution des organes consulaires de la Chambre de commerce et d\u2019industrie"}]},{"@type":"WebSite","@id":"https:\/\/voxsahel.com\/#website","url":"https:\/\/voxsahel.com\/","name":"Vox Sahel","description":"Informez-vous sur le Sahel en un clic","publisher":{"@id":"https:\/\/voxsahel.com\/#organization"},"potentialAction":[{"@type":"SearchAction","target":{"@type":"EntryPoint","urlTemplate":"https:\/\/voxsahel.com\/?s={search_term_string}"},"query-input":{"@type":"PropertyValueSpecification","valueRequired":true,"valueName":"search_term_string"}}],"inLanguage":"fr-FR"},{"@type":"Organization","@id":"https:\/\/voxsahel.com\/#organization","name":"Vox Sahel","url":"https:\/\/voxsahel.com\/","logo":{"@type":"ImageObject","inLanguage":"fr-FR","@id":"https:\/\/voxsahel.com\/#\/schema\/logo\/image\/","url":"https:\/\/voxsahel.com\/wp-content\/uploads\/2024\/09\/Logo-Vox-Sahel.jpg","contentUrl":"https:\/\/voxsahel.com\/wp-content\/uploads\/2024\/09\/Logo-Vox-Sahel.jpg","width":1181,"height":848,"caption":"Vox Sahel"},"image":{"@id":"https:\/\/voxsahel.com\/#\/schema\/logo\/image\/"},"sameAs":["https:\/\/www.facebook.com\/journal.voxsahel"]},{"@type":"Person","@id":"https:\/\/voxsahel.com\/#\/schema\/person\/b4043608248f8fa227cd760e7ff1e19e","name":"Vox Sahel","image":{"@type":"ImageObject","inLanguage":"fr-FR","@id":"https:\/\/secure.gravatar.com\/avatar\/f70e7fa0cb9b29d4a7c5788d6eb2e9ab4d3135cbae1c9161810fdf77a8964699?s=96&d=mm&r=g","url":"https:\/\/secure.gravatar.com\/avatar\/f70e7fa0cb9b29d4a7c5788d6eb2e9ab4d3135cbae1c9161810fdf77a8964699?s=96&d=mm&r=g","contentUrl":"https:\/\/secure.gravatar.com\/avatar\/f70e7fa0cb9b29d4a7c5788d6eb2e9ab4d3135cbae1c9161810fdf77a8964699?s=96&d=mm&r=g","caption":"Vox Sahel"},"sameAs":["http:\/\/www.voxsahel.com"],"url":"https:\/\/voxsahel.com\/?author=2"}]}},"_links":{"self":[{"href":"https:\/\/voxsahel.com\/index.php?rest_route=\/wp\/v2\/posts\/1060","targetHints":{"allow":["GET"]}}],"collection":[{"href":"https:\/\/voxsahel.com\/index.php?rest_route=\/wp\/v2\/posts"}],"about":[{"href":"https:\/\/voxsahel.com\/index.php?rest_route=\/wp\/v2\/types\/post"}],"author":[{"embeddable":true,"href":"https:\/\/voxsahel.com\/index.php?rest_route=\/wp\/v2\/users\/2"}],"replies":[{"embeddable":true,"href":"https:\/\/voxsahel.com\/index.php?rest_route=%2Fwp%2Fv2%2Fcomments&post=1060"}],"version-history":[{"count":1,"href":"https:\/\/voxsahel.com\/index.php?rest_route=\/wp\/v2\/posts\/1060\/revisions"}],"predecessor-version":[{"id":1062,"href":"https:\/\/voxsahel.com\/index.php?rest_route=\/wp\/v2\/posts\/1060\/revisions\/1062"}],"wp:featuredmedia":[{"embeddable":true,"href":"https:\/\/voxsahel.com\/index.php?rest_route=\/wp\/v2\/media\/1061"}],"wp:attachment":[{"href":"https:\/\/voxsahel.com\/index.php?rest_route=%2Fwp%2Fv2%2Fmedia&parent=1060"}],"wp:term":[{"taxonomy":"category","embeddable":true,"href":"https:\/\/voxsahel.com\/index.php?rest_route=%2Fwp%2Fv2%2Fcategories&post=1060"},{"taxonomy":"post_tag","embeddable":true,"href":"https:\/\/voxsahel.com\/index.php?rest_route=%2Fwp%2Fv2%2Ftags&post=1060"}],"curies":[{"name":"wp","href":"https:\/\/api.w.org\/{rel}","templated":true}]}}