{"id":1057,"date":"2024-12-18T17:14:43","date_gmt":"2024-12-18T17:14:43","guid":{"rendered":"https:\/\/voxsahel.com\/?p=1057"},"modified":"2024-12-19T09:23:53","modified_gmt":"2024-12-19T09:23:53","slug":"burkina-faso-la-police-nationale-au-sommet-du-professionnalisme-en-afrique-rapport-2021-2023-afrobarometer","status":"publish","type":"post","link":"https:\/\/voxsahel.com\/?p=1057","title":{"rendered":"Burkina Faso : La Police nationale au sommet du professionnalisme en Afrique ( Rapport 2021-2023, Afrobarometer)"},"content":{"rendered":"<p class=\"p1\">Le minist\u00e8re de la S\u00e9curit\u00e9 a annonc\u00e9 ce mercredi 18 d\u00e9cembre 2024 les r\u00e9sultats du rapport Afrobarometer 2021-2023, pla\u00e7ant la police burkinab\u00e8 en t\u00eate des forces de police les plus performantes en Afrique avec un score de 68 %.<\/p>\n<p class=\"p1\"><span class=\"s2\">Dans son rapport 2021-2023, Afrobarometer a d\u00e9sign\u00e9 la police burkinab\u00e8 comme la plus professionnelle du continent africain, avec un score impressionnant de 68 %. Ce classement, qui \u00e9value les forces de police de 39 pays africains, refl\u00e8te le d\u00e9vouement et la discipline exceptionnels des agents de s\u00e9curit\u00e9 du Burkina Faso.<\/span><\/p>\n<p class=\"p1\"><span class=\"s2\">Malgr\u00e9 un contexte s\u00e9curitaire marqu\u00e9 par des d\u00e9fis complexes, la police nationale a su se distinguer par son engagement sans faille \u00e0 garantir la s\u00e9curit\u00e9 des populations. Ce r\u00e9sultat place le Burkina Faso en t\u00eate, devant de nombreux autres pays, confirmant la qualit\u00e9 de ses forces de l\u2019ordre et leur capacit\u00e9 \u00e0 inspirer la confiance.<\/span><\/p>\n<p class=\"p1\"><span class=\"s2\">Le Burkina Faso partage cette reconnaissance avec d&rsquo;autres membres de l&rsquo;Alliance des \u00c9tats du Sahel (AES). Le Niger, avec un score de 58 %, se hisse \u00e0 la cinqui\u00e8me place, tandis que le Mali se classe huiti\u00e8me avec 53 %. Ces performances illustrent l\u2019excellence collective des forces de police de la r\u00e9gion dans un environnement o\u00f9 la s\u00e9curit\u00e9 reste un d\u00e9fi de premier ordre.<\/span><\/p>\n<p class=\"p1\"><span class=\"s2\">Le ministre de la S\u00e9curit\u00e9, dans une d\u00e9claration empreinte de fiert\u00e9, a salu\u00e9 cet exploit. \u00ab Cette reconnaissance internationale est le fruit d\u2019efforts constants et une preuve continue de la r\u00e9silience de nos forces de police face \u00e0 des d\u00e9fis multidimensionnels \u00bb, a-t-il affirm\u00e9.<\/span><\/p>\n<p class=\"p1\"><span class=\"s2\">Tout en f\u00e9licitant la hi\u00e9rarchie polici\u00e8re et l\u2019ensemble des policiers pour leur professionnalisme et leur d\u00e9vouement, le ministre a exhort\u00e9 les agents \u00e0 maintenir cette dynamique positive. Il a \u00e9galement mis l\u2019accent sur l\u2019importance de renforcer les liens de confiance entre la police et les populations, afin de construire un Burkina Faso ax\u00e9 sur la s\u00e9curit\u00e9 et la paix.<\/span><\/p>\n<p class=\"p1\"><span class=\"s2\">Ce classement illustre la capacit\u00e9 des forces de police burkinab\u00e8 \u00e0 surmonter les obstacles et \u00e0 s\u2019adapter \u00e0 des situations complexes. Dans un contexte de lutte contre le terrorisme et de crise s\u00e9curitaire persistante, leur engagement est un mod\u00e8le pour de nombreux pays du continent.<\/span><\/p>\n<p class=\"p1\"><span class=\"s2\">Le Burkina Faso peut \u00eatre fier de ses forces de l\u2019ordre, qui incarnent l\u2019excellence et l\u2019engagement n\u00e9cessaires pour b\u00e2tir un avenir plus s\u00fbr pour tous. Ce classement est une preuve suppl\u00e9mentaire que, m\u00eame dans l\u2019adversit\u00e9, le pays reste un mod\u00e8le de r\u00e9silience et de professionnalisme.<\/span><\/p>\n","protected":false},"excerpt":{"rendered":"<p>Le minist\u00e8re de la S\u00e9curit\u00e9 a annonc\u00e9 ce mercredi 18 d\u00e9cembre 2024 les r\u00e9sultats du<\/p>\n","protected":false},"author":2,"featured_media":1058,"comment_status":"open","ping_status":"open","sticky":false,"template":"","format":"standard","meta":{"_et_pb_use_builder":"","_et_pb_old_content":"","_et_gb_content_width":"","footnotes":""},"categories":[8],"tags":[508,18,182,175,139],"class_list":["post-1057","post","type-post","status-publish","format-standard","has-post-thumbnail","hentry","category-developpement","tag-afrobarometer","tag-burkina-faso","tag-forces-de-defense-et-de-securite","tag-police-nationale","tag-securite"],"yoast_head":"<!-- This site is optimized with the Yoast SEO plugin v27.5 - https:\/\/yoast.com\/product\/yoast-seo-wordpress\/ -->\n<title>Burkina Faso : La Police nationale au sommet du professionnalisme en Afrique ( Rapport 2021-2023, Afrobarometer) - Vox Sahel<\/title>\n<meta name=\"robots\" content=\"index, follow, max-snippet:-1, max-image-preview:large, max-video-preview:-1\" \/>\n<link rel=\"canonical\" href=\"https:\/\/voxsahel.com\/?p=1057\" \/>\n<meta property=\"og:locale\" content=\"fr_FR\" \/>\n<meta property=\"og:type\" content=\"article\" \/>\n<meta property=\"og:title\" content=\"Burkina Faso : La Police nationale au sommet du professionnalisme en Afrique ( Rapport 2021-2023, Afrobarometer) - Vox Sahel\" \/>\n<meta property=\"og:description\" content=\"Le minist\u00e8re de la S\u00e9curit\u00e9 a annonc\u00e9 ce mercredi 18 d\u00e9cembre 2024 les r\u00e9sultats du\" \/>\n<meta property=\"og:url\" content=\"https:\/\/voxsahel.com\/?p=1057\" \/>\n<meta property=\"og:site_name\" content=\"Vox Sahel\" \/>\n<meta property=\"article:publisher\" content=\"https:\/\/www.facebook.com\/journal.voxsahel\" \/>\n<meta property=\"article:published_time\" content=\"2024-12-18T17:14:43+00:00\" \/>\n<meta property=\"article:modified_time\" content=\"2024-12-19T09:23:53+00:00\" \/>\n<meta property=\"og:image\" content=\"https:\/\/voxsahel.com\/wp-content\/uploads\/2024\/12\/IMG_3298.jpeg\" \/>\n\t<meta property=\"og:image:width\" content=\"960\" \/>\n\t<meta property=\"og:image:height\" content=\"641\" \/>\n\t<meta property=\"og:image:type\" content=\"image\/jpeg\" \/>\n<meta name=\"author\" content=\"Vox Sahel\" \/>\n<meta name=\"twitter:card\" content=\"summary_large_image\" \/>\n<meta name=\"twitter:label1\" content=\"\u00c9crit par\" \/>\n\t<meta name=\"twitter:data1\" content=\"Vox Sahel\" \/>\n\t<meta name=\"twitter:label2\" content=\"Dur\u00e9e de lecture estim\u00e9e\" \/>\n\t<meta name=\"twitter:data2\" content=\"3 minutes\" \/>\n<script type=\"application\/ld+json\" class=\"yoast-schema-graph\">{\"@context\":\"https:\\\/\\\/schema.org\",\"@graph\":[{\"@type\":\"Article\",\"@id\":\"https:\\\/\\\/voxsahel.com\\\/?p=1057#article\",\"isPartOf\":{\"@id\":\"https:\\\/\\\/voxsahel.com\\\/?p=1057\"},\"author\":{\"name\":\"Vox Sahel\",\"@id\":\"https:\\\/\\\/voxsahel.com\\\/#\\\/schema\\\/person\\\/b4043608248f8fa227cd760e7ff1e19e\"},\"headline\":\"Burkina Faso : La Police nationale au sommet du professionnalisme en Afrique ( Rapport 2021-2023, Afrobarometer)\",\"datePublished\":\"2024-12-18T17:14:43+00:00\",\"dateModified\":\"2024-12-19T09:23:53+00:00\",\"mainEntityOfPage\":{\"@id\":\"https:\\\/\\\/voxsahel.com\\\/?p=1057\"},\"wordCount\":445,\"commentCount\":0,\"publisher\":{\"@id\":\"https:\\\/\\\/voxsahel.com\\\/#organization\"},\"image\":{\"@id\":\"https:\\\/\\\/voxsahel.com\\\/?p=1057#primaryimage\"},\"thumbnailUrl\":\"https:\\\/\\\/voxsahel.com\\\/wp-content\\\/uploads\\\/2024\\\/12\\\/IMG_3298.jpeg\",\"keywords\":[\"Afrobarometer\",\"Burkina Faso\",\"Forces de d\u00e9fense et de s\u00e9curit\u00e9\",\"Police Nationale\",\"S\u00e9curit\u00e9\"],\"articleSection\":[\"DEVELOPPEMENT\"],\"inLanguage\":\"fr-FR\",\"potentialAction\":[{\"@type\":\"CommentAction\",\"name\":\"Comment\",\"target\":[\"https:\\\/\\\/voxsahel.com\\\/?p=1057#respond\"]}]},{\"@type\":\"WebPage\",\"@id\":\"https:\\\/\\\/voxsahel.com\\\/?p=1057\",\"url\":\"https:\\\/\\\/voxsahel.com\\\/?p=1057\",\"name\":\"Burkina Faso : La Police nationale au sommet du professionnalisme en Afrique ( Rapport 2021-2023, Afrobarometer) - Vox Sahel\",\"isPartOf\":{\"@id\":\"https:\\\/\\\/voxsahel.com\\\/#website\"},\"primaryImageOfPage\":{\"@id\":\"https:\\\/\\\/voxsahel.com\\\/?p=1057#primaryimage\"},\"image\":{\"@id\":\"https:\\\/\\\/voxsahel.com\\\/?p=1057#primaryimage\"},\"thumbnailUrl\":\"https:\\\/\\\/voxsahel.com\\\/wp-content\\\/uploads\\\/2024\\\/12\\\/IMG_3298.jpeg\",\"datePublished\":\"2024-12-18T17:14:43+00:00\",\"dateModified\":\"2024-12-19T09:23:53+00:00\",\"breadcrumb\":{\"@id\":\"https:\\\/\\\/voxsahel.com\\\/?p=1057#breadcrumb\"},\"inLanguage\":\"fr-FR\",\"potentialAction\":[{\"@type\":\"ReadAction\",\"target\":[\"https:\\\/\\\/voxsahel.com\\\/?p=1057\"]}]},{\"@type\":\"ImageObject\",\"inLanguage\":\"fr-FR\",\"@id\":\"https:\\\/\\\/voxsahel.com\\\/?p=1057#primaryimage\",\"url\":\"https:\\\/\\\/voxsahel.com\\\/wp-content\\\/uploads\\\/2024\\\/12\\\/IMG_3298.jpeg\",\"contentUrl\":\"https:\\\/\\\/voxsahel.com\\\/wp-content\\\/uploads\\\/2024\\\/12\\\/IMG_3298.jpeg\",\"width\":960,\"height\":641},{\"@type\":\"BreadcrumbList\",\"@id\":\"https:\\\/\\\/voxsahel.com\\\/?p=1057#breadcrumb\",\"itemListElement\":[{\"@type\":\"ListItem\",\"position\":1,\"name\":\"Home\",\"item\":\"https:\\\/\\\/voxsahel.com\\\/\"},{\"@type\":\"ListItem\",\"position\":2,\"name\":\"Burkina Faso : La Police nationale au sommet du professionnalisme en Afrique ( Rapport 2021-2023, Afrobarometer)\"}]},{\"@type\":\"WebSite\",\"@id\":\"https:\\\/\\\/voxsahel.com\\\/#website\",\"url\":\"https:\\\/\\\/voxsahel.com\\\/\",\"name\":\"Vox Sahel\",\"description\":\"Informez-vous sur le Sahel en un clic\",\"publisher\":{\"@id\":\"https:\\\/\\\/voxsahel.com\\\/#organization\"},\"potentialAction\":[{\"@type\":\"SearchAction\",\"target\":{\"@type\":\"EntryPoint\",\"urlTemplate\":\"https:\\\/\\\/voxsahel.com\\\/?s={search_term_string}\"},\"query-input\":{\"@type\":\"PropertyValueSpecification\",\"valueRequired\":true,\"valueName\":\"search_term_string\"}}],\"inLanguage\":\"fr-FR\"},{\"@type\":\"Organization\",\"@id\":\"https:\\\/\\\/voxsahel.com\\\/#organization\",\"name\":\"Vox Sahel\",\"url\":\"https:\\\/\\\/voxsahel.com\\\/\",\"logo\":{\"@type\":\"ImageObject\",\"inLanguage\":\"fr-FR\",\"@id\":\"https:\\\/\\\/voxsahel.com\\\/#\\\/schema\\\/logo\\\/image\\\/\",\"url\":\"https:\\\/\\\/voxsahel.com\\\/wp-content\\\/uploads\\\/2024\\\/09\\\/Logo-Vox-Sahel.jpg\",\"contentUrl\":\"https:\\\/\\\/voxsahel.com\\\/wp-content\\\/uploads\\\/2024\\\/09\\\/Logo-Vox-Sahel.jpg\",\"width\":1181,\"height\":848,\"caption\":\"Vox Sahel\"},\"image\":{\"@id\":\"https:\\\/\\\/voxsahel.com\\\/#\\\/schema\\\/logo\\\/image\\\/\"},\"sameAs\":[\"https:\\\/\\\/www.facebook.com\\\/journal.voxsahel\"]},{\"@type\":\"Person\",\"@id\":\"https:\\\/\\\/voxsahel.com\\\/#\\\/schema\\\/person\\\/b4043608248f8fa227cd760e7ff1e19e\",\"name\":\"Vox Sahel\",\"image\":{\"@type\":\"ImageObject\",\"inLanguage\":\"fr-FR\",\"@id\":\"https:\\\/\\\/secure.gravatar.com\\\/avatar\\\/f70e7fa0cb9b29d4a7c5788d6eb2e9ab4d3135cbae1c9161810fdf77a8964699?s=96&d=mm&r=g\",\"url\":\"https:\\\/\\\/secure.gravatar.com\\\/avatar\\\/f70e7fa0cb9b29d4a7c5788d6eb2e9ab4d3135cbae1c9161810fdf77a8964699?s=96&d=mm&r=g\",\"contentUrl\":\"https:\\\/\\\/secure.gravatar.com\\\/avatar\\\/f70e7fa0cb9b29d4a7c5788d6eb2e9ab4d3135cbae1c9161810fdf77a8964699?s=96&d=mm&r=g\",\"caption\":\"Vox Sahel\"},\"sameAs\":[\"http:\\\/\\\/www.voxsahel.com\"],\"url\":\"https:\\\/\\\/voxsahel.com\\\/?author=2\"}]}<\/script>\n<!-- \/ Yoast SEO plugin. -->","yoast_head_json":{"title":"Burkina Faso : La Police nationale au sommet du professionnalisme en Afrique ( Rapport 2021-2023, Afrobarometer) - Vox Sahel","robots":{"index":"index","follow":"follow","max-snippet":"max-snippet:-1","max-image-preview":"max-image-preview:large","max-video-preview":"max-video-preview:-1"},"canonical":"https:\/\/voxsahel.com\/?p=1057","og_locale":"fr_FR","og_type":"article","og_title":"Burkina Faso : La Police nationale au sommet du professionnalisme en Afrique ( Rapport 2021-2023, Afrobarometer) - Vox Sahel","og_description":"Le minist\u00e8re de la S\u00e9curit\u00e9 a annonc\u00e9 ce mercredi 18 d\u00e9cembre 2024 les r\u00e9sultats du","og_url":"https:\/\/voxsahel.com\/?p=1057","og_site_name":"Vox Sahel","article_publisher":"https:\/\/www.facebook.com\/journal.voxsahel","article_published_time":"2024-12-18T17:14:43+00:00","article_modified_time":"2024-12-19T09:23:53+00:00","og_image":[{"width":960,"height":641,"url":"https:\/\/voxsahel.com\/wp-content\/uploads\/2024\/12\/IMG_3298.jpeg","type":"image\/jpeg"}],"author":"Vox Sahel","twitter_card":"summary_large_image","twitter_misc":{"\u00c9crit par":"Vox Sahel","Dur\u00e9e de lecture estim\u00e9e":"3 minutes"},"schema":{"@context":"https:\/\/schema.org","@graph":[{"@type":"Article","@id":"https:\/\/voxsahel.com\/?p=1057#article","isPartOf":{"@id":"https:\/\/voxsahel.com\/?p=1057"},"author":{"name":"Vox Sahel","@id":"https:\/\/voxsahel.com\/#\/schema\/person\/b4043608248f8fa227cd760e7ff1e19e"},"headline":"Burkina Faso : La Police nationale au sommet du professionnalisme en Afrique ( Rapport 2021-2023, Afrobarometer)","datePublished":"2024-12-18T17:14:43+00:00","dateModified":"2024-12-19T09:23:53+00:00","mainEntityOfPage":{"@id":"https:\/\/voxsahel.com\/?p=1057"},"wordCount":445,"commentCount":0,"publisher":{"@id":"https:\/\/voxsahel.com\/#organization"},"image":{"@id":"https:\/\/voxsahel.com\/?p=1057#primaryimage"},"thumbnailUrl":"https:\/\/voxsahel.com\/wp-content\/uploads\/2024\/12\/IMG_3298.jpeg","keywords":["Afrobarometer","Burkina Faso","Forces de d\u00e9fense et de s\u00e9curit\u00e9","Police Nationale","S\u00e9curit\u00e9"],"articleSection":["DEVELOPPEMENT"],"inLanguage":"fr-FR","potentialAction":[{"@type":"CommentAction","name":"Comment","target":["https:\/\/voxsahel.com\/?p=1057#respond"]}]},{"@type":"WebPage","@id":"https:\/\/voxsahel.com\/?p=1057","url":"https:\/\/voxsahel.com\/?p=1057","name":"Burkina Faso : La Police nationale au sommet du professionnalisme en Afrique ( Rapport 2021-2023, Afrobarometer) - Vox Sahel","isPartOf":{"@id":"https:\/\/voxsahel.com\/#website"},"primaryImageOfPage":{"@id":"https:\/\/voxsahel.com\/?p=1057#primaryimage"},"image":{"@id":"https:\/\/voxsahel.com\/?p=1057#primaryimage"},"thumbnailUrl":"https:\/\/voxsahel.com\/wp-content\/uploads\/2024\/12\/IMG_3298.jpeg","datePublished":"2024-12-18T17:14:43+00:00","dateModified":"2024-12-19T09:23:53+00:00","breadcrumb":{"@id":"https:\/\/voxsahel.com\/?p=1057#breadcrumb"},"inLanguage":"fr-FR","potentialAction":[{"@type":"ReadAction","target":["https:\/\/voxsahel.com\/?p=1057"]}]},{"@type":"ImageObject","inLanguage":"fr-FR","@id":"https:\/\/voxsahel.com\/?p=1057#primaryimage","url":"https:\/\/voxsahel.com\/wp-content\/uploads\/2024\/12\/IMG_3298.jpeg","contentUrl":"https:\/\/voxsahel.com\/wp-content\/uploads\/2024\/12\/IMG_3298.jpeg","width":960,"height":641},{"@type":"BreadcrumbList","@id":"https:\/\/voxsahel.com\/?p=1057#breadcrumb","itemListElement":[{"@type":"ListItem","position":1,"name":"Home","item":"https:\/\/voxsahel.com\/"},{"@type":"ListItem","position":2,"name":"Burkina Faso : La Police nationale au sommet du professionnalisme en Afrique ( Rapport 2021-2023, Afrobarometer)"}]},{"@type":"WebSite","@id":"https:\/\/voxsahel.com\/#website","url":"https:\/\/voxsahel.com\/","name":"Vox Sahel","description":"Informez-vous sur le Sahel en un clic","publisher":{"@id":"https:\/\/voxsahel.com\/#organization"},"potentialAction":[{"@type":"SearchAction","target":{"@type":"EntryPoint","urlTemplate":"https:\/\/voxsahel.com\/?s={search_term_string}"},"query-input":{"@type":"PropertyValueSpecification","valueRequired":true,"valueName":"search_term_string"}}],"inLanguage":"fr-FR"},{"@type":"Organization","@id":"https:\/\/voxsahel.com\/#organization","name":"Vox Sahel","url":"https:\/\/voxsahel.com\/","logo":{"@type":"ImageObject","inLanguage":"fr-FR","@id":"https:\/\/voxsahel.com\/#\/schema\/logo\/image\/","url":"https:\/\/voxsahel.com\/wp-content\/uploads\/2024\/09\/Logo-Vox-Sahel.jpg","contentUrl":"https:\/\/voxsahel.com\/wp-content\/uploads\/2024\/09\/Logo-Vox-Sahel.jpg","width":1181,"height":848,"caption":"Vox Sahel"},"image":{"@id":"https:\/\/voxsahel.com\/#\/schema\/logo\/image\/"},"sameAs":["https:\/\/www.facebook.com\/journal.voxsahel"]},{"@type":"Person","@id":"https:\/\/voxsahel.com\/#\/schema\/person\/b4043608248f8fa227cd760e7ff1e19e","name":"Vox Sahel","image":{"@type":"ImageObject","inLanguage":"fr-FR","@id":"https:\/\/secure.gravatar.com\/avatar\/f70e7fa0cb9b29d4a7c5788d6eb2e9ab4d3135cbae1c9161810fdf77a8964699?s=96&d=mm&r=g","url":"https:\/\/secure.gravatar.com\/avatar\/f70e7fa0cb9b29d4a7c5788d6eb2e9ab4d3135cbae1c9161810fdf77a8964699?s=96&d=mm&r=g","contentUrl":"https:\/\/secure.gravatar.com\/avatar\/f70e7fa0cb9b29d4a7c5788d6eb2e9ab4d3135cbae1c9161810fdf77a8964699?s=96&d=mm&r=g","caption":"Vox Sahel"},"sameAs":["http:\/\/www.voxsahel.com"],"url":"https:\/\/voxsahel.com\/?author=2"}]}},"_links":{"self":[{"href":"https:\/\/voxsahel.com\/index.php?rest_route=\/wp\/v2\/posts\/1057","targetHints":{"allow":["GET"]}}],"collection":[{"href":"https:\/\/voxsahel.com\/index.php?rest_route=\/wp\/v2\/posts"}],"about":[{"href":"https:\/\/voxsahel.com\/index.php?rest_route=\/wp\/v2\/types\/post"}],"author":[{"embeddable":true,"href":"https:\/\/voxsahel.com\/index.php?rest_route=\/wp\/v2\/users\/2"}],"replies":[{"embeddable":true,"href":"https:\/\/voxsahel.com\/index.php?rest_route=%2Fwp%2Fv2%2Fcomments&post=1057"}],"version-history":[{"count":2,"href":"https:\/\/voxsahel.com\/index.php?rest_route=\/wp\/v2\/posts\/1057\/revisions"}],"predecessor-version":[{"id":1063,"href":"https:\/\/voxsahel.com\/index.php?rest_route=\/wp\/v2\/posts\/1057\/revisions\/1063"}],"wp:featuredmedia":[{"embeddable":true,"href":"https:\/\/voxsahel.com\/index.php?rest_route=\/wp\/v2\/media\/1058"}],"wp:attachment":[{"href":"https:\/\/voxsahel.com\/index.php?rest_route=%2Fwp%2Fv2%2Fmedia&parent=1057"}],"wp:term":[{"taxonomy":"category","embeddable":true,"href":"https:\/\/voxsahel.com\/index.php?rest_route=%2Fwp%2Fv2%2Fcategories&post=1057"},{"taxonomy":"post_tag","embeddable":true,"href":"https:\/\/voxsahel.com\/index.php?rest_route=%2Fwp%2Fv2%2Ftags&post=1057"}],"curies":[{"name":"wp","href":"https:\/\/api.w.org\/{rel}","templated":true}]}}