{"id":1048,"date":"2024-12-17T18:28:12","date_gmt":"2024-12-17T18:28:12","guid":{"rendered":"https:\/\/voxsahel.com\/?p=1048"},"modified":"2024-12-17T18:28:12","modified_gmt":"2024-12-17T18:28:12","slug":"lutte-contre-la-contrebande-saisie-de-plus-de-85-tonnes-de-noix-et-damandes-de-karite-par-les-douanes","status":"publish","type":"post","link":"https:\/\/voxsahel.com\/?p=1048","title":{"rendered":"Lutte contre la contrebande : saisie de plus de 85 tonnes de noix et d\u2019amandes de karit\u00e9 par les douanes"},"content":{"rendered":"<p class=\"p2\">La Brigade mobile des douanes de Banfora de la r\u00e9gion douani\u00e8re de l\u2019Ouest et le bureau des douanes de L\u00e9o de la r\u00e9gion douani\u00e8re du Centre-Sud ont, dans leur mission de lutte contre la fraude et de surveillance du territoire, proc\u00e9d\u00e9 \u00e0 des saisies de noix et d\u2019amandes de karit\u00e9 conform\u00e9ment au communiqu\u00e9 conjoint des minist\u00e8res en charge du Commerce et de l\u2019Economie portant suspension temporaire de l\u2019exportation d\u2019amande de karit\u00e9.<\/p>\n<p class=\"p2\"><span class=\"s1\">A Banfora, dans la r\u00e9gion douani\u00e8re de l\u2019Ouest, il s\u2019est agi de la saisie sur renseignement, de trois (03) camions charg\u00e9s de noix de karit\u00e9 destin\u00e9es \u00e0 la C\u00f4te d&rsquo;Ivoire sans aucune formalit\u00e9 (exportation en contrebande de marchandises soumises \u00e0 Autorisation Sp\u00e9ciale). Cette op\u00e9ration qui s\u2019est d\u00e9roul\u00e9e du 8 au 10 d\u00e9cembre 2024 a permis de saisir \ud835\udc1a\ud835\udc2e \ud835\udc2d\ud835\udc28\ud835\udc2d\ud835\udc1a\ud835\udc25 \ud835\udfd6\ud835\udfcf \ud835\udfd0\ud835\udfd6\ud835\udfce \ud835\udc24\ud835\udc20 \ud835\udc1d&rsquo;\ud835\udc2e\ud835\udc27\ud835\udc1e \ud835\udc2f\ud835\udc1a\ud835\udc25\ud835\udc1e\ud835\udc2e\ud835\udc2b \ud835\udc1e\ud835\udc2c\ud835\udc2d\ud835\udc22\ud835\udc26\ud835\udc1a\ud835\udc2d\ud835\udc22\ud835\udc2f\ud835\udc1e \ud835\udc1d\ud835\udc1e \ud835\udc2a\ud835\udc2e\ud835\udc1a\ud835\udc2b\ud835\udc1a\ud835\udc27\ud835\udc2d\ud835\udc1e \ud835\udc26\ud835\udc22\ud835\udc25\ud835\udc25\ud835\udc22\ud835\udc28\ud835\udc27\ud835\udc2c \ud835\udc2c\ud835\udc22\ud835\udc31 \ud835\udc1c\ud835\udc1e\ud835\udc27\ud835\udc2d \ud835\udc2a\ud835\udc2e\ud835\udc1a\ud835\udc2b\ud835\udc1a\ud835\udc27\ud835\udc2d\ud835\udc1e \ud835\udc26\ud835\udc22\ud835\udc25\ud835\udc25\ud835\udc1e (\ud835\udfd2\ud835\udfce \ud835\udfd4\ud835\udfd2\ud835\udfce \ud835\udfce\ud835\udfce\ud835\udfce) \ud835\udc1f\ud835\udc2b\ud835\udc1a\ud835\udc27\ud835\udc1c\ud835\udc2c \ud835\udc02\ud835\udc05\ud835\udc00. <\/span><\/p>\n<p class=\"p2\"><span class=\"s1\">A L\u00e9o, dans la r\u00e9gion douani\u00e8re du Centre-Sud, le Bureau des douanes a saisi une camionnette charg\u00e9e de 150 sacs d\u2019amandes de karit\u00e9 \ud835\udc1d\u2019\ud835\udc2e\ud835\udc27\ud835\udc1e \ud835\udc2f\ud835\udc1a\ud835\udc25\ud835\udc1e\ud835\udc2e\ud835\udc2b \ud835\udc2d\ud835\udc28\ud835\udc2d\ud835\udc1a\ud835\udc25\ud835\udc1e \ud835\udc1e\ud835\udc2c\ud835\udc2d\ud835\udc22\ud835\udc26\ud835\udc1e\u0301\ud835\udc1e \ud835\udc1a\u0300 \ud835\udc2a\ud835\udc2e\ud835\udc1a\ud835\udc2d\ud835\udc2b\ud835\udc1e \ud835\udc26\ud835\udc22\ud835\udc25\ud835\udc25\ud835\udc22\ud835\udc28\ud835\udc27\ud835\udc2c \ud835\udc1d\ud835\udc1e\ud835\udc2e\ud835\udc31 \ud835\udc1c\ud835\udc1e\ud835\udc27\ud835\udc2d \ud835\udc1c\ud835\udc22\ud835\udc27\ud835\udc2a\ud835\udc2e\ud835\udc1a\ud835\udc27\ud835\udc2d\ud835\udc1e \ud835\udc26\ud835\udc22\ud835\udc25\ud835\udc25\ud835\udc1e (\ud835\udfd2.\ud835\udfd0\ud835\udfd3\ud835\udfce.\ud835\udfce\ud835\udfce\ud835\udfce) \ud835\udc1f\ud835\udc2b\ud835\udc1a\ud835\udc27\ud835\udc1c\ud835\udc2c \ud835\udc02\ud835\udc05\ud835\udc00, \ud835\udc25\ud835\udc1e \ud835\udfd2 \ud835\udc27\ud835\udc28\ud835\udc2f\ud835\udc1e\ud835\udc26\ud835\udc1b\ud835\udc2b\ud835\udc1e \ud835\udfd0\ud835\udfce\ud835\udfd0\ud835\udfd2.<\/span><\/p>\n<p class=\"p2\"><span class=\"s1\">Il faut noter que ces saisies ont \u00e9t\u00e9 effectu\u00e9es conform\u00e9ment au communiqu\u00e9 conjoint N\u00b0024012\/MICA\/MEF du 18 septembre 2024 portant suspension temporaire de l\u2019exportation de l\u2019amande de karit\u00e9.<\/span><\/p>\n<p class=\"p2\"><span class=\"s1\">Tout en f\u00e9licitant et encourageant les agents des offices des douanes concern\u00e9s, le Directeur g\u00e9n\u00e9ral des douanes, l\u2019Inspecteur divisionnaire des douanes Adama ILBOUDO rappelle \u00e0 tous les exportateurs d\u2019amandes et de noix de karit\u00e9 que cette suspension a pour objectif de rendre disponibles ces mati\u00e8res premi\u00e8res pour nos unit\u00e9s industrielles de transformation au niveau national. Toute chose qui permet de s\u2019aligner \u00e0 la dynamique du Gouvernement visant \u00e0 soutenir le d\u00e9veloppement de nos industries nationales.<\/span><\/p>\n<p class=\"p2\"><span class=\"s1\">Le Directeur g\u00e9n\u00e9ral des douanes saisit cette opportunit\u00e9 pour interpeller tous les exportateurs d\u2019amandes et de noix de karit\u00e9 au respect du communiqu\u00e9 conjoint de la suspension suscit\u00e9 et compte sur la vigilance des honn\u00eates citoyens afin d\u2019\u00e9viter ces fraudes.\u00a0<\/span><\/p>\n<p class=\"p2\"><span class=\"s1\">\ud835\udc0b\ud835\udc1a \ud835\udc03\ud835\udc28\ud835\udc2e\ud835\udc1a\ud835\udc27\ud835\udc1e : \ud835\udc07\ud835\udc28\ud835\udc27\ud835\udc27\ud835\udc1e\ud835\udc2e\ud835\udc2b-\ud835\udc03\ud835\udc1e\u0301\ud835\udc2f\ud835\udc28\ud835\udc2e\ud835\udc1e\ud835\udc26\ud835\udc1e\ud835\udc27\ud835\udc2d-\ud835\udc15\ud835\udc22\ud835\udc20\ud835\udc22\ud835\udc25\ud835\udc1a\ud835\udc27\ud835\udc1c\ud835\udc1e<\/span><\/p>\n<p class=\"p2\"><span class=\"s1\">\ud835\udc12\ud835\udc02\ud835\udc11\ud835\udc0f\/\ud835\udc03\ud835\udc06\ud835\udc03<\/span><\/p>\n","protected":false},"excerpt":{"rendered":"<p>La Brigade mobile des douanes de Banfora de la r\u00e9gion douani\u00e8re de l\u2019Ouest et le<\/p>\n","protected":false},"author":2,"featured_media":1049,"comment_status":"open","ping_status":"open","sticky":false,"template":"","format":"standard","meta":{"_et_pb_use_builder":"","_et_pb_old_content":"","_et_gb_content_width":"","footnotes":""},"categories":[8],"tags":[133,130,18,170,129,131],"class_list":["post-1048","post","type-post","status-publish","format-standard","has-post-thumbnail","hentry","category-developpement","tag-amandes-de-karite","tag-brigade-mobile-de-controle-economique-et-de-la-repression-des-fraudes","tag-burkina-faso","tag-coordination-nationale-de-lutte-contre-la-fraude","tag-fraude","tag-karite"],"yoast_head":"<!-- This site is optimized with the Yoast SEO plugin v27.5 - https:\/\/yoast.com\/product\/yoast-seo-wordpress\/ -->\n<title>Lutte contre la contrebande : saisie de plus de 85 tonnes de noix et d\u2019amandes de karit\u00e9 par les douanes - Vox Sahel<\/title>\n<meta name=\"robots\" content=\"index, follow, max-snippet:-1, max-image-preview:large, max-video-preview:-1\" \/>\n<link rel=\"canonical\" href=\"https:\/\/voxsahel.com\/?p=1048\" \/>\n<meta property=\"og:locale\" content=\"fr_FR\" \/>\n<meta property=\"og:type\" content=\"article\" \/>\n<meta property=\"og:title\" content=\"Lutte contre la contrebande : saisie de plus de 85 tonnes de noix et d\u2019amandes de karit\u00e9 par les douanes - Vox Sahel\" \/>\n<meta property=\"og:description\" content=\"La Brigade mobile des douanes de Banfora de la r\u00e9gion douani\u00e8re de l\u2019Ouest et le\" \/>\n<meta property=\"og:url\" content=\"https:\/\/voxsahel.com\/?p=1048\" \/>\n<meta property=\"og:site_name\" content=\"Vox Sahel\" \/>\n<meta property=\"article:publisher\" content=\"https:\/\/www.facebook.com\/journal.voxsahel\" \/>\n<meta property=\"article:published_time\" content=\"2024-12-17T18:28:12+00:00\" \/>\n<meta property=\"og:image\" content=\"https:\/\/voxsahel.com\/wp-content\/uploads\/2024\/12\/IMG_2783.jpeg\" \/>\n\t<meta property=\"og:image:width\" content=\"768\" \/>\n\t<meta property=\"og:image:height\" content=\"1024\" \/>\n\t<meta property=\"og:image:type\" content=\"image\/jpeg\" \/>\n<meta name=\"author\" content=\"Vox Sahel\" \/>\n<meta name=\"twitter:card\" content=\"summary_large_image\" \/>\n<meta name=\"twitter:label1\" content=\"\u00c9crit par\" \/>\n\t<meta name=\"twitter:data1\" content=\"Vox Sahel\" \/>\n\t<meta name=\"twitter:label2\" content=\"Dur\u00e9e de lecture estim\u00e9e\" \/>\n\t<meta name=\"twitter:data2\" content=\"2 minutes\" \/>\n<script type=\"application\/ld+json\" class=\"yoast-schema-graph\">{\"@context\":\"https:\\\/\\\/schema.org\",\"@graph\":[{\"@type\":\"Article\",\"@id\":\"https:\\\/\\\/voxsahel.com\\\/?p=1048#article\",\"isPartOf\":{\"@id\":\"https:\\\/\\\/voxsahel.com\\\/?p=1048\"},\"author\":{\"name\":\"Vox Sahel\",\"@id\":\"https:\\\/\\\/voxsahel.com\\\/#\\\/schema\\\/person\\\/b4043608248f8fa227cd760e7ff1e19e\"},\"headline\":\"Lutte contre la contrebande : saisie de plus de 85 tonnes de noix et d\u2019amandes de karit\u00e9 par les douanes\",\"datePublished\":\"2024-12-17T18:28:12+00:00\",\"mainEntityOfPage\":{\"@id\":\"https:\\\/\\\/voxsahel.com\\\/?p=1048\"},\"wordCount\":355,\"commentCount\":0,\"publisher\":{\"@id\":\"https:\\\/\\\/voxsahel.com\\\/#organization\"},\"image\":{\"@id\":\"https:\\\/\\\/voxsahel.com\\\/?p=1048#primaryimage\"},\"thumbnailUrl\":\"https:\\\/\\\/voxsahel.com\\\/wp-content\\\/uploads\\\/2024\\\/12\\\/IMG_2783.jpeg\",\"keywords\":[\"Amandes de karit\u00e9\",\"Brigade Mobile de Contr\u00f4le \u00c9conomique et de la R\u00e9pression des Fraudes\",\"Burkina Faso\",\"Coordination Nationale de Lutte contre la Fraude\",\"Fraude\",\"Karit\u00e9\"],\"articleSection\":[\"DEVELOPPEMENT\"],\"inLanguage\":\"fr-FR\",\"potentialAction\":[{\"@type\":\"CommentAction\",\"name\":\"Comment\",\"target\":[\"https:\\\/\\\/voxsahel.com\\\/?p=1048#respond\"]}]},{\"@type\":\"WebPage\",\"@id\":\"https:\\\/\\\/voxsahel.com\\\/?p=1048\",\"url\":\"https:\\\/\\\/voxsahel.com\\\/?p=1048\",\"name\":\"Lutte contre la contrebande : saisie de plus de 85 tonnes de noix et d\u2019amandes de karit\u00e9 par les douanes - Vox Sahel\",\"isPartOf\":{\"@id\":\"https:\\\/\\\/voxsahel.com\\\/#website\"},\"primaryImageOfPage\":{\"@id\":\"https:\\\/\\\/voxsahel.com\\\/?p=1048#primaryimage\"},\"image\":{\"@id\":\"https:\\\/\\\/voxsahel.com\\\/?p=1048#primaryimage\"},\"thumbnailUrl\":\"https:\\\/\\\/voxsahel.com\\\/wp-content\\\/uploads\\\/2024\\\/12\\\/IMG_2783.jpeg\",\"datePublished\":\"2024-12-17T18:28:12+00:00\",\"breadcrumb\":{\"@id\":\"https:\\\/\\\/voxsahel.com\\\/?p=1048#breadcrumb\"},\"inLanguage\":\"fr-FR\",\"potentialAction\":[{\"@type\":\"ReadAction\",\"target\":[\"https:\\\/\\\/voxsahel.com\\\/?p=1048\"]}]},{\"@type\":\"ImageObject\",\"inLanguage\":\"fr-FR\",\"@id\":\"https:\\\/\\\/voxsahel.com\\\/?p=1048#primaryimage\",\"url\":\"https:\\\/\\\/voxsahel.com\\\/wp-content\\\/uploads\\\/2024\\\/12\\\/IMG_2783.jpeg\",\"contentUrl\":\"https:\\\/\\\/voxsahel.com\\\/wp-content\\\/uploads\\\/2024\\\/12\\\/IMG_2783.jpeg\",\"width\":768,\"height\":1024},{\"@type\":\"BreadcrumbList\",\"@id\":\"https:\\\/\\\/voxsahel.com\\\/?p=1048#breadcrumb\",\"itemListElement\":[{\"@type\":\"ListItem\",\"position\":1,\"name\":\"Home\",\"item\":\"https:\\\/\\\/voxsahel.com\\\/\"},{\"@type\":\"ListItem\",\"position\":2,\"name\":\"Lutte contre la contrebande : saisie de plus de 85 tonnes de noix et d\u2019amandes de karit\u00e9 par les douanes\"}]},{\"@type\":\"WebSite\",\"@id\":\"https:\\\/\\\/voxsahel.com\\\/#website\",\"url\":\"https:\\\/\\\/voxsahel.com\\\/\",\"name\":\"Vox Sahel\",\"description\":\"Informez-vous sur le Sahel en un clic\",\"publisher\":{\"@id\":\"https:\\\/\\\/voxsahel.com\\\/#organization\"},\"potentialAction\":[{\"@type\":\"SearchAction\",\"target\":{\"@type\":\"EntryPoint\",\"urlTemplate\":\"https:\\\/\\\/voxsahel.com\\\/?s={search_term_string}\"},\"query-input\":{\"@type\":\"PropertyValueSpecification\",\"valueRequired\":true,\"valueName\":\"search_term_string\"}}],\"inLanguage\":\"fr-FR\"},{\"@type\":\"Organization\",\"@id\":\"https:\\\/\\\/voxsahel.com\\\/#organization\",\"name\":\"Vox Sahel\",\"url\":\"https:\\\/\\\/voxsahel.com\\\/\",\"logo\":{\"@type\":\"ImageObject\",\"inLanguage\":\"fr-FR\",\"@id\":\"https:\\\/\\\/voxsahel.com\\\/#\\\/schema\\\/logo\\\/image\\\/\",\"url\":\"https:\\\/\\\/voxsahel.com\\\/wp-content\\\/uploads\\\/2024\\\/09\\\/Logo-Vox-Sahel.jpg\",\"contentUrl\":\"https:\\\/\\\/voxsahel.com\\\/wp-content\\\/uploads\\\/2024\\\/09\\\/Logo-Vox-Sahel.jpg\",\"width\":1181,\"height\":848,\"caption\":\"Vox Sahel\"},\"image\":{\"@id\":\"https:\\\/\\\/voxsahel.com\\\/#\\\/schema\\\/logo\\\/image\\\/\"},\"sameAs\":[\"https:\\\/\\\/www.facebook.com\\\/journal.voxsahel\"]},{\"@type\":\"Person\",\"@id\":\"https:\\\/\\\/voxsahel.com\\\/#\\\/schema\\\/person\\\/b4043608248f8fa227cd760e7ff1e19e\",\"name\":\"Vox Sahel\",\"image\":{\"@type\":\"ImageObject\",\"inLanguage\":\"fr-FR\",\"@id\":\"https:\\\/\\\/secure.gravatar.com\\\/avatar\\\/f70e7fa0cb9b29d4a7c5788d6eb2e9ab4d3135cbae1c9161810fdf77a8964699?s=96&d=mm&r=g\",\"url\":\"https:\\\/\\\/secure.gravatar.com\\\/avatar\\\/f70e7fa0cb9b29d4a7c5788d6eb2e9ab4d3135cbae1c9161810fdf77a8964699?s=96&d=mm&r=g\",\"contentUrl\":\"https:\\\/\\\/secure.gravatar.com\\\/avatar\\\/f70e7fa0cb9b29d4a7c5788d6eb2e9ab4d3135cbae1c9161810fdf77a8964699?s=96&d=mm&r=g\",\"caption\":\"Vox Sahel\"},\"sameAs\":[\"http:\\\/\\\/www.voxsahel.com\"],\"url\":\"https:\\\/\\\/voxsahel.com\\\/?author=2\"}]}<\/script>\n<!-- \/ Yoast SEO plugin. -->","yoast_head_json":{"title":"Lutte contre la contrebande : saisie de plus de 85 tonnes de noix et d\u2019amandes de karit\u00e9 par les douanes - Vox Sahel","robots":{"index":"index","follow":"follow","max-snippet":"max-snippet:-1","max-image-preview":"max-image-preview:large","max-video-preview":"max-video-preview:-1"},"canonical":"https:\/\/voxsahel.com\/?p=1048","og_locale":"fr_FR","og_type":"article","og_title":"Lutte contre la contrebande : saisie de plus de 85 tonnes de noix et d\u2019amandes de karit\u00e9 par les douanes - Vox Sahel","og_description":"La Brigade mobile des douanes de Banfora de la r\u00e9gion douani\u00e8re de l\u2019Ouest et le","og_url":"https:\/\/voxsahel.com\/?p=1048","og_site_name":"Vox Sahel","article_publisher":"https:\/\/www.facebook.com\/journal.voxsahel","article_published_time":"2024-12-17T18:28:12+00:00","og_image":[{"width":768,"height":1024,"url":"https:\/\/voxsahel.com\/wp-content\/uploads\/2024\/12\/IMG_2783.jpeg","type":"image\/jpeg"}],"author":"Vox Sahel","twitter_card":"summary_large_image","twitter_misc":{"\u00c9crit par":"Vox Sahel","Dur\u00e9e de lecture estim\u00e9e":"2 minutes"},"schema":{"@context":"https:\/\/schema.org","@graph":[{"@type":"Article","@id":"https:\/\/voxsahel.com\/?p=1048#article","isPartOf":{"@id":"https:\/\/voxsahel.com\/?p=1048"},"author":{"name":"Vox Sahel","@id":"https:\/\/voxsahel.com\/#\/schema\/person\/b4043608248f8fa227cd760e7ff1e19e"},"headline":"Lutte contre la contrebande : saisie de plus de 85 tonnes de noix et d\u2019amandes de karit\u00e9 par les douanes","datePublished":"2024-12-17T18:28:12+00:00","mainEntityOfPage":{"@id":"https:\/\/voxsahel.com\/?p=1048"},"wordCount":355,"commentCount":0,"publisher":{"@id":"https:\/\/voxsahel.com\/#organization"},"image":{"@id":"https:\/\/voxsahel.com\/?p=1048#primaryimage"},"thumbnailUrl":"https:\/\/voxsahel.com\/wp-content\/uploads\/2024\/12\/IMG_2783.jpeg","keywords":["Amandes de karit\u00e9","Brigade Mobile de Contr\u00f4le \u00c9conomique et de la R\u00e9pression des Fraudes","Burkina Faso","Coordination Nationale de Lutte contre la Fraude","Fraude","Karit\u00e9"],"articleSection":["DEVELOPPEMENT"],"inLanguage":"fr-FR","potentialAction":[{"@type":"CommentAction","name":"Comment","target":["https:\/\/voxsahel.com\/?p=1048#respond"]}]},{"@type":"WebPage","@id":"https:\/\/voxsahel.com\/?p=1048","url":"https:\/\/voxsahel.com\/?p=1048","name":"Lutte contre la contrebande : saisie de plus de 85 tonnes de noix et d\u2019amandes de karit\u00e9 par les douanes - Vox Sahel","isPartOf":{"@id":"https:\/\/voxsahel.com\/#website"},"primaryImageOfPage":{"@id":"https:\/\/voxsahel.com\/?p=1048#primaryimage"},"image":{"@id":"https:\/\/voxsahel.com\/?p=1048#primaryimage"},"thumbnailUrl":"https:\/\/voxsahel.com\/wp-content\/uploads\/2024\/12\/IMG_2783.jpeg","datePublished":"2024-12-17T18:28:12+00:00","breadcrumb":{"@id":"https:\/\/voxsahel.com\/?p=1048#breadcrumb"},"inLanguage":"fr-FR","potentialAction":[{"@type":"ReadAction","target":["https:\/\/voxsahel.com\/?p=1048"]}]},{"@type":"ImageObject","inLanguage":"fr-FR","@id":"https:\/\/voxsahel.com\/?p=1048#primaryimage","url":"https:\/\/voxsahel.com\/wp-content\/uploads\/2024\/12\/IMG_2783.jpeg","contentUrl":"https:\/\/voxsahel.com\/wp-content\/uploads\/2024\/12\/IMG_2783.jpeg","width":768,"height":1024},{"@type":"BreadcrumbList","@id":"https:\/\/voxsahel.com\/?p=1048#breadcrumb","itemListElement":[{"@type":"ListItem","position":1,"name":"Home","item":"https:\/\/voxsahel.com\/"},{"@type":"ListItem","position":2,"name":"Lutte contre la contrebande : saisie de plus de 85 tonnes de noix et d\u2019amandes de karit\u00e9 par les douanes"}]},{"@type":"WebSite","@id":"https:\/\/voxsahel.com\/#website","url":"https:\/\/voxsahel.com\/","name":"Vox Sahel","description":"Informez-vous sur le Sahel en un clic","publisher":{"@id":"https:\/\/voxsahel.com\/#organization"},"potentialAction":[{"@type":"SearchAction","target":{"@type":"EntryPoint","urlTemplate":"https:\/\/voxsahel.com\/?s={search_term_string}"},"query-input":{"@type":"PropertyValueSpecification","valueRequired":true,"valueName":"search_term_string"}}],"inLanguage":"fr-FR"},{"@type":"Organization","@id":"https:\/\/voxsahel.com\/#organization","name":"Vox Sahel","url":"https:\/\/voxsahel.com\/","logo":{"@type":"ImageObject","inLanguage":"fr-FR","@id":"https:\/\/voxsahel.com\/#\/schema\/logo\/image\/","url":"https:\/\/voxsahel.com\/wp-content\/uploads\/2024\/09\/Logo-Vox-Sahel.jpg","contentUrl":"https:\/\/voxsahel.com\/wp-content\/uploads\/2024\/09\/Logo-Vox-Sahel.jpg","width":1181,"height":848,"caption":"Vox Sahel"},"image":{"@id":"https:\/\/voxsahel.com\/#\/schema\/logo\/image\/"},"sameAs":["https:\/\/www.facebook.com\/journal.voxsahel"]},{"@type":"Person","@id":"https:\/\/voxsahel.com\/#\/schema\/person\/b4043608248f8fa227cd760e7ff1e19e","name":"Vox Sahel","image":{"@type":"ImageObject","inLanguage":"fr-FR","@id":"https:\/\/secure.gravatar.com\/avatar\/f70e7fa0cb9b29d4a7c5788d6eb2e9ab4d3135cbae1c9161810fdf77a8964699?s=96&d=mm&r=g","url":"https:\/\/secure.gravatar.com\/avatar\/f70e7fa0cb9b29d4a7c5788d6eb2e9ab4d3135cbae1c9161810fdf77a8964699?s=96&d=mm&r=g","contentUrl":"https:\/\/secure.gravatar.com\/avatar\/f70e7fa0cb9b29d4a7c5788d6eb2e9ab4d3135cbae1c9161810fdf77a8964699?s=96&d=mm&r=g","caption":"Vox Sahel"},"sameAs":["http:\/\/www.voxsahel.com"],"url":"https:\/\/voxsahel.com\/?author=2"}]}},"_links":{"self":[{"href":"https:\/\/voxsahel.com\/index.php?rest_route=\/wp\/v2\/posts\/1048","targetHints":{"allow":["GET"]}}],"collection":[{"href":"https:\/\/voxsahel.com\/index.php?rest_route=\/wp\/v2\/posts"}],"about":[{"href":"https:\/\/voxsahel.com\/index.php?rest_route=\/wp\/v2\/types\/post"}],"author":[{"embeddable":true,"href":"https:\/\/voxsahel.com\/index.php?rest_route=\/wp\/v2\/users\/2"}],"replies":[{"embeddable":true,"href":"https:\/\/voxsahel.com\/index.php?rest_route=%2Fwp%2Fv2%2Fcomments&post=1048"}],"version-history":[{"count":1,"href":"https:\/\/voxsahel.com\/index.php?rest_route=\/wp\/v2\/posts\/1048\/revisions"}],"predecessor-version":[{"id":1050,"href":"https:\/\/voxsahel.com\/index.php?rest_route=\/wp\/v2\/posts\/1048\/revisions\/1050"}],"wp:featuredmedia":[{"embeddable":true,"href":"https:\/\/voxsahel.com\/index.php?rest_route=\/wp\/v2\/media\/1049"}],"wp:attachment":[{"href":"https:\/\/voxsahel.com\/index.php?rest_route=%2Fwp%2Fv2%2Fmedia&parent=1048"}],"wp:term":[{"taxonomy":"category","embeddable":true,"href":"https:\/\/voxsahel.com\/index.php?rest_route=%2Fwp%2Fv2%2Fcategories&post=1048"},{"taxonomy":"post_tag","embeddable":true,"href":"https:\/\/voxsahel.com\/index.php?rest_route=%2Fwp%2Fv2%2Ftags&post=1048"}],"curies":[{"name":"wp","href":"https:\/\/api.w.org\/{rel}","templated":true}]}}