{"id":1041,"date":"2024-12-16T19:52:32","date_gmt":"2024-12-16T19:52:32","guid":{"rendered":"https:\/\/voxsahel.com\/?p=1041"},"modified":"2024-12-16T19:52:32","modified_gmt":"2024-12-16T19:52:32","slug":"conduite-de-laction-gouvernementale-le-premier-ministre-sollicite-laccompagnement-de-la-feme-de-la-faib-et-de-leglise-catholique","status":"publish","type":"post","link":"https:\/\/voxsahel.com\/?p=1041","title":{"rendered":"Conduite de l&rsquo;action gouvernementale : Le Premier ministre sollicite l&rsquo;accompagnement de la FEME, de la FAIB et de l&rsquo;\u00c9glise catholique"},"content":{"rendered":"<p><strong>Le Premier ministre, Rimtalba Jean Emmanuel Ou\u00e9draogo, a effectu\u00e9, ce lundi 16 d\u00e9cembre 2024, \u00e0 Ouagadougou, une s\u00e9rie de visites de courtoisie \u00e0 la F\u00e9d\u00e9ration des \u00c9glises et Missions \u00c9vang\u00e9liques (FEME), \u00e0 l&rsquo;Archev\u00each\u00e9 de Ouagadougou et \u00e0 la F\u00e9d\u00e9ration des Associations Islamiques du Burkina (FAIB). Les diff\u00e9rentes confessions religieuses, tout en saluant la d\u00e9marche, ont marqu\u00e9 leur pleine disponibilit\u00e9 \u00e0 accompagner le nouveau Chef du Gouvernement dans sa mission.<\/strong><\/p>\n<p>Dans le cadre de la mise en \u0153uvre des actions prioritaires du Gouvernement, le Premier ministre, Rimtalba Jean Emmanuel Ou\u00e9draogo, a plaid\u00e9 pour un engagement plus affirm\u00e9 des diff\u00e9rentes confessions religieuses de notre pays dans la l&rsquo;accompagnement des combattants pour la reconqu\u00eate totale de notre territoire, la consolidation de la paix, de l\u2019unit\u00e9 nationale et de la coh\u00e9sion sociale.<\/p>\n<p>En effectuant une visite \u00e0 la F\u00e9d\u00e9ration des \u00c9glises et Missions \u00c9vang\u00e9liques (FEME), \u00e0 l&rsquo;Archev\u00each\u00e9 de Ouagadougou et \u00e0 la F\u00e9d\u00e9ration des Associations Islamiques du Burkina (FAIB), il s&rsquo;est agi, pour le Chef du Gouvernement, de rendre un vibrant hommage \u00e0 ces diff\u00e9rentes communaut\u00e9s religieuses qui \u0153uvrent pour la paix et la coh\u00e9sion sociale au Burkina Faso, en pr\u00eachant toujours la bonne parole, le message de paix, d\u2019entente et de solidarit\u00e9 entre tous les fils et filles du Burkina Faso.<\/p>\n<p>Face aux autorit\u00e9s religieuses de la FEME, de l&rsquo;Eglise catholique et de la FAIB, le Premier ministre a d\u00e9clin\u00e9 les principales missions assign\u00e9es \u00e0 son Gouvernement par le Pr\u00e9sident du Faso, le Capitaine Ibrahim Traor\u00e9.<\/p>\n<p>\u00ab\u00a0Il s&rsquo;agit d&rsquo;une part, de la consolidation et de l&rsquo;acc\u00e9l\u00e9ration de la reconqu\u00eate du territoire, et d&rsquo;autre part, de consolider les actions humanitaires parce qu&rsquo;il est clair que nos fr\u00e8res et s\u0153urs qui vont repartir dans leurs villages auront besoin de sentir tout l&rsquo;accompagnement n\u00e9cessaire, afin qu&rsquo;ils puissent reprendre progressivement leur vie et reconstituer leurs moyens de subsistance. C&rsquo;est \u00e9galement une mission de r\u00e9formes, parce que nous avons besoin aujourd&rsquo;hui de r\u00e9former notre pays, de ramener plus de moralit\u00e9, de ramener plus de gestion saine et surtout de r\u00e9tablir un certain nombre de valeurs qui, malheureusement, aujourd&rsquo;hui, sont un peu en d\u00e9perdition et fragilisent nos familles. Quand on sait que la famille est la cellule de base de la soci\u00e9t\u00e9, une fois que les familles sont fragilis\u00e9es, c&rsquo;est toute la soci\u00e9t\u00e9 qui est d\u00e9stabilis\u00e9e\u00a0\u00bb, a-t-il expliqu\u00e9.<\/p>\n<p>Le Chef du Gouvernement a ajout\u00e9 que les r\u00e9formes incluent \u00e9galement l&rsquo;am\u00e9lioration des conditions de vie des populations.<\/p>\n<p>\u00ab\u00a0C&rsquo;est pourquoi, il y a un certain nombre d&rsquo;initiatives majeures qui ont \u00e9t\u00e9 lanc\u00e9es, que ce soit dans le domaine agricole, dans le domaine de la sant\u00e9, des infrastructures, de l&rsquo;\u00e9ducation et de l&#8217;emploi\u00a0\u00bb, a-t-il pr\u00e9cis\u00e9.<\/p>\n<p>Du fait de la d\u00e9licatesse et de la complexit\u00e9 de sa mission, le Chef du Gouvernement a dit compter sur le soutien de toutes les communaut\u00e9s religieuses, \u00e0 travers toutes les actions qu&rsquo;elles jugeront utiles, \u00e0 commencer par les pri\u00e8res et des b\u00e9n\u00e9dictions.<\/p>\n<p>Il a en outre exprim\u00e9 sa ferme volont\u00e9 de promouvoir un dialogue continu et une \u00e9coute attentive pour atteindre des objectifs communs.<\/p>\n<p>\u00ab\u00a0Je viens exprimer toute ma disponibilit\u00e9, en tant que Premier ministre, pour un dialogue permanent. Chaque fois que cela est n\u00e9cessaire, nous devons \u00e9changer, car nous avons des objectifs communs. C&rsquo;est dans les \u00e9changes que nous prendrons en compte les suggestions et id\u00e9es des uns et des autres pour toujours chercher \u00e0 faire mieux\u00a0\u00bb, a-t-il insist\u00e9.<\/p>\n<p>Les leaders religieux de toutes les confessions visit\u00e9es ont marqu\u00e9 leur engagement et leur disponibilit\u00e9 pour accompagner le nouveau Chef du Gouvernement dans ses fonctions.<\/p>\n<p>\u00ab\u00a0Nous vous rassurons que nos pri\u00e8res vous accompagneront \u00e0 tout moment. Nous serons toujours \u00e0 vos c\u00f4t\u00e9s dans la pri\u00e8re, et nous implorerons Dieu pour qu&rsquo;il vous donne toute la capacit\u00e9, toute la force et tout son conseil pour ce travail que vous menez au service de la nation. Allez-y, nous sommes derri\u00e8re vous. Nous vous soutenons, et ensemble nous irons jusqu&rsquo;au bout. Le Burkina Faso redeviendra un havre de paix\u00a0\u00bb, a soutenu le pr\u00e9sident de la FEME, Pasteur Henri Y\u00e9.<\/p>\n<p>Pour sa part, l&rsquo;archev\u00eaque de Ouagadougou, Mgr Prosper Kontiebo, a remerci\u00e9 le Premier ministre pour sa d\u00e9marche et l&rsquo;a assur\u00e9 de l&rsquo;accompagnement de l&rsquo;\u00c9glise catholique du Burkina Faso.<\/p>\n<p>\u00ab\u00a0Nous sommes vraiment \u00e0 vos c\u00f4t\u00e9s pour vous soutenir, parce que la mission est la m\u00eame : le bien de nos populations. Nous serons toujours ensemble, pour que cette population connaisse un avenir meilleur. Nous accompagnons par nos pri\u00e8res tous ceux qui se battent jour et nuit pour que le Burkina Faso retrouve la paix. Je vous invite \u00e0 ne pas craindre, le Seigneur est l\u00e0 pour vous soutenir et vous accompagner. Vous allez r\u00e9ussir\u00a0\u00bb, a d\u00e9clar\u00e9 Mgr Prosper Kontiebo.<\/p>\n<p>Enfin, le pr\u00e9sident de la communaut\u00e9 musulmane, Moussa Kouanda, prenant la parole au nom du pr\u00e9sident du pr\u00e9sidium de la FAIB, a \u00e9galement rassur\u00e9 le Premier ministre de son accompagnement sans faille.<\/p>\n<p>\u00ab\u00a0Nous vous remercions sinc\u00e8rement pour cette d\u00e9marche. Certes, le Burkina Faso traverse actuellement des moments difficiles, mais nous croyons fermement que cela fait partie de notre destin et que ces \u00e9preuves passeront. Beaucoup de grandes Nations ont d\u00e9j\u00e0 affront\u00e9 des d\u00e9fis similaires. Nous prions constamment pour notre pays et vous assurons que nous multiplierons nos pri\u00e8res, afin que le Burkina Faso retrouve la paix\u00a0\u00bb, a-t-il affirm\u00e9.<\/p>\n<p style=\"text-align: right;\"><strong>DCRP\/Primature<\/strong><\/p>\n","protected":false},"excerpt":{"rendered":"<p>Le Premier ministre, Rimtalba Jean Emmanuel Ou\u00e9draogo, a effectu\u00e9, ce lundi 16 d\u00e9cembre 2024, \u00e0<\/p>\n","protected":false},"author":2,"featured_media":1042,"comment_status":"open","ping_status":"open","sticky":false,"template":"","format":"standard","meta":{"_et_pb_use_builder":"","_et_pb_old_content":"","_et_gb_content_width":"","footnotes":""},"categories":[1],"tags":[502,18,397,501,489,387,491,20],"class_list":["post-1041","post","type-post","status-publish","format-standard","has-post-thumbnail","hentry","category-faits-divers","tag-archeveche-de-ouagadougou","tag-burkina-faso","tag-federation-des-associations-islamiques-du-burkina","tag-federation-des-eglises-et-missions-evangeliques","tag-gouvernement","tag-religion","tag-rimtalba-jean-emmanuel-ouedraogo","tag-terrorisme"],"yoast_head":"<!-- This site is optimized with the Yoast SEO plugin v27.5 - https:\/\/yoast.com\/product\/yoast-seo-wordpress\/ -->\n<title>Conduite de l&#039;action gouvernementale : Le Premier ministre sollicite l&#039;accompagnement de la FEME, de la FAIB et de l&#039;\u00c9glise catholique - Vox Sahel<\/title>\n<meta name=\"robots\" content=\"index, follow, max-snippet:-1, max-image-preview:large, max-video-preview:-1\" \/>\n<link rel=\"canonical\" href=\"https:\/\/voxsahel.com\/?p=1041\" \/>\n<meta property=\"og:locale\" content=\"fr_FR\" \/>\n<meta property=\"og:type\" content=\"article\" \/>\n<meta property=\"og:title\" content=\"Conduite de l&#039;action gouvernementale : Le Premier ministre sollicite l&#039;accompagnement de la FEME, de la FAIB et de l&#039;\u00c9glise catholique - Vox Sahel\" \/>\n<meta property=\"og:description\" content=\"Le Premier ministre, Rimtalba Jean Emmanuel Ou\u00e9draogo, a effectu\u00e9, ce lundi 16 d\u00e9cembre 2024, \u00e0\" \/>\n<meta property=\"og:url\" content=\"https:\/\/voxsahel.com\/?p=1041\" \/>\n<meta property=\"og:site_name\" content=\"Vox Sahel\" \/>\n<meta property=\"article:publisher\" content=\"https:\/\/www.facebook.com\/journal.voxsahel\" \/>\n<meta property=\"article:published_time\" content=\"2024-12-16T19:52:32+00:00\" \/>\n<meta property=\"og:image\" content=\"https:\/\/voxsahel.com\/wp-content\/uploads\/2024\/12\/Religion.jpg\" \/>\n\t<meta property=\"og:image:width\" content=\"2048\" \/>\n\t<meta property=\"og:image:height\" content=\"1436\" \/>\n\t<meta property=\"og:image:type\" content=\"image\/jpeg\" \/>\n<meta name=\"author\" content=\"Vox Sahel\" \/>\n<meta name=\"twitter:card\" content=\"summary_large_image\" \/>\n<meta name=\"twitter:label1\" content=\"\u00c9crit par\" \/>\n\t<meta name=\"twitter:data1\" content=\"Vox Sahel\" \/>\n\t<meta name=\"twitter:label2\" content=\"Dur\u00e9e de lecture estim\u00e9e\" \/>\n\t<meta name=\"twitter:data2\" content=\"5 minutes\" \/>\n<script type=\"application\/ld+json\" class=\"yoast-schema-graph\">{\"@context\":\"https:\\\/\\\/schema.org\",\"@graph\":[{\"@type\":\"Article\",\"@id\":\"https:\\\/\\\/voxsahel.com\\\/?p=1041#article\",\"isPartOf\":{\"@id\":\"https:\\\/\\\/voxsahel.com\\\/?p=1041\"},\"author\":{\"name\":\"Vox Sahel\",\"@id\":\"https:\\\/\\\/voxsahel.com\\\/#\\\/schema\\\/person\\\/b4043608248f8fa227cd760e7ff1e19e\"},\"headline\":\"Conduite de l&rsquo;action gouvernementale : Le Premier ministre sollicite l&rsquo;accompagnement de la FEME, de la FAIB et de l&rsquo;\u00c9glise catholique\",\"datePublished\":\"2024-12-16T19:52:32+00:00\",\"mainEntityOfPage\":{\"@id\":\"https:\\\/\\\/voxsahel.com\\\/?p=1041\"},\"wordCount\":979,\"commentCount\":0,\"publisher\":{\"@id\":\"https:\\\/\\\/voxsahel.com\\\/#organization\"},\"image\":{\"@id\":\"https:\\\/\\\/voxsahel.com\\\/?p=1041#primaryimage\"},\"thumbnailUrl\":\"https:\\\/\\\/voxsahel.com\\\/wp-content\\\/uploads\\\/2024\\\/12\\\/Religion.jpg\",\"keywords\":[\"Archev\u00each\u00e9 de Ouagadougou\",\"Burkina Faso\",\"F\u00e9d\u00e9ration des associations islamiques du Burkina\",\"F\u00e9d\u00e9ration des \u00c9glises et Missions \u00c9vang\u00e9liques\",\"Gouvernement\",\"Religion\",\"Rimtalba Jean Emmanuel Ou\u00e9draogo\",\"Terrorisme\"],\"articleSection\":[\"FAITS DIVERS\"],\"inLanguage\":\"fr-FR\",\"potentialAction\":[{\"@type\":\"CommentAction\",\"name\":\"Comment\",\"target\":[\"https:\\\/\\\/voxsahel.com\\\/?p=1041#respond\"]}]},{\"@type\":\"WebPage\",\"@id\":\"https:\\\/\\\/voxsahel.com\\\/?p=1041\",\"url\":\"https:\\\/\\\/voxsahel.com\\\/?p=1041\",\"name\":\"Conduite de l'action gouvernementale : Le Premier ministre sollicite l'accompagnement de la FEME, de la FAIB et de l'\u00c9glise catholique - Vox Sahel\",\"isPartOf\":{\"@id\":\"https:\\\/\\\/voxsahel.com\\\/#website\"},\"primaryImageOfPage\":{\"@id\":\"https:\\\/\\\/voxsahel.com\\\/?p=1041#primaryimage\"},\"image\":{\"@id\":\"https:\\\/\\\/voxsahel.com\\\/?p=1041#primaryimage\"},\"thumbnailUrl\":\"https:\\\/\\\/voxsahel.com\\\/wp-content\\\/uploads\\\/2024\\\/12\\\/Religion.jpg\",\"datePublished\":\"2024-12-16T19:52:32+00:00\",\"breadcrumb\":{\"@id\":\"https:\\\/\\\/voxsahel.com\\\/?p=1041#breadcrumb\"},\"inLanguage\":\"fr-FR\",\"potentialAction\":[{\"@type\":\"ReadAction\",\"target\":[\"https:\\\/\\\/voxsahel.com\\\/?p=1041\"]}]},{\"@type\":\"ImageObject\",\"inLanguage\":\"fr-FR\",\"@id\":\"https:\\\/\\\/voxsahel.com\\\/?p=1041#primaryimage\",\"url\":\"https:\\\/\\\/voxsahel.com\\\/wp-content\\\/uploads\\\/2024\\\/12\\\/Religion.jpg\",\"contentUrl\":\"https:\\\/\\\/voxsahel.com\\\/wp-content\\\/uploads\\\/2024\\\/12\\\/Religion.jpg\",\"width\":2048,\"height\":1436,\"caption\":\"Conduite de l'action gouvernementale : Le Premier ministre sollicite l'accompagnement de la FEME, de la FAIB et de l'\u00c9glise catholique\"},{\"@type\":\"BreadcrumbList\",\"@id\":\"https:\\\/\\\/voxsahel.com\\\/?p=1041#breadcrumb\",\"itemListElement\":[{\"@type\":\"ListItem\",\"position\":1,\"name\":\"Home\",\"item\":\"https:\\\/\\\/voxsahel.com\\\/\"},{\"@type\":\"ListItem\",\"position\":2,\"name\":\"Conduite de l&rsquo;action gouvernementale : Le Premier ministre sollicite l&rsquo;accompagnement de la FEME, de la FAIB et de l&rsquo;\u00c9glise catholique\"}]},{\"@type\":\"WebSite\",\"@id\":\"https:\\\/\\\/voxsahel.com\\\/#website\",\"url\":\"https:\\\/\\\/voxsahel.com\\\/\",\"name\":\"Vox Sahel\",\"description\":\"Informez-vous sur le Sahel en un clic\",\"publisher\":{\"@id\":\"https:\\\/\\\/voxsahel.com\\\/#organization\"},\"potentialAction\":[{\"@type\":\"SearchAction\",\"target\":{\"@type\":\"EntryPoint\",\"urlTemplate\":\"https:\\\/\\\/voxsahel.com\\\/?s={search_term_string}\"},\"query-input\":{\"@type\":\"PropertyValueSpecification\",\"valueRequired\":true,\"valueName\":\"search_term_string\"}}],\"inLanguage\":\"fr-FR\"},{\"@type\":\"Organization\",\"@id\":\"https:\\\/\\\/voxsahel.com\\\/#organization\",\"name\":\"Vox Sahel\",\"url\":\"https:\\\/\\\/voxsahel.com\\\/\",\"logo\":{\"@type\":\"ImageObject\",\"inLanguage\":\"fr-FR\",\"@id\":\"https:\\\/\\\/voxsahel.com\\\/#\\\/schema\\\/logo\\\/image\\\/\",\"url\":\"https:\\\/\\\/voxsahel.com\\\/wp-content\\\/uploads\\\/2024\\\/09\\\/Logo-Vox-Sahel.jpg\",\"contentUrl\":\"https:\\\/\\\/voxsahel.com\\\/wp-content\\\/uploads\\\/2024\\\/09\\\/Logo-Vox-Sahel.jpg\",\"width\":1181,\"height\":848,\"caption\":\"Vox Sahel\"},\"image\":{\"@id\":\"https:\\\/\\\/voxsahel.com\\\/#\\\/schema\\\/logo\\\/image\\\/\"},\"sameAs\":[\"https:\\\/\\\/www.facebook.com\\\/journal.voxsahel\"]},{\"@type\":\"Person\",\"@id\":\"https:\\\/\\\/voxsahel.com\\\/#\\\/schema\\\/person\\\/b4043608248f8fa227cd760e7ff1e19e\",\"name\":\"Vox Sahel\",\"image\":{\"@type\":\"ImageObject\",\"inLanguage\":\"fr-FR\",\"@id\":\"https:\\\/\\\/secure.gravatar.com\\\/avatar\\\/f70e7fa0cb9b29d4a7c5788d6eb2e9ab4d3135cbae1c9161810fdf77a8964699?s=96&d=mm&r=g\",\"url\":\"https:\\\/\\\/secure.gravatar.com\\\/avatar\\\/f70e7fa0cb9b29d4a7c5788d6eb2e9ab4d3135cbae1c9161810fdf77a8964699?s=96&d=mm&r=g\",\"contentUrl\":\"https:\\\/\\\/secure.gravatar.com\\\/avatar\\\/f70e7fa0cb9b29d4a7c5788d6eb2e9ab4d3135cbae1c9161810fdf77a8964699?s=96&d=mm&r=g\",\"caption\":\"Vox Sahel\"},\"sameAs\":[\"http:\\\/\\\/www.voxsahel.com\"],\"url\":\"https:\\\/\\\/voxsahel.com\\\/?author=2\"}]}<\/script>\n<!-- \/ Yoast SEO plugin. -->","yoast_head_json":{"title":"Conduite de l'action gouvernementale : Le Premier ministre sollicite l'accompagnement de la FEME, de la FAIB et de l'\u00c9glise catholique - Vox Sahel","robots":{"index":"index","follow":"follow","max-snippet":"max-snippet:-1","max-image-preview":"max-image-preview:large","max-video-preview":"max-video-preview:-1"},"canonical":"https:\/\/voxsahel.com\/?p=1041","og_locale":"fr_FR","og_type":"article","og_title":"Conduite de l'action gouvernementale : Le Premier ministre sollicite l'accompagnement de la FEME, de la FAIB et de l'\u00c9glise catholique - Vox Sahel","og_description":"Le Premier ministre, Rimtalba Jean Emmanuel Ou\u00e9draogo, a effectu\u00e9, ce lundi 16 d\u00e9cembre 2024, \u00e0","og_url":"https:\/\/voxsahel.com\/?p=1041","og_site_name":"Vox Sahel","article_publisher":"https:\/\/www.facebook.com\/journal.voxsahel","article_published_time":"2024-12-16T19:52:32+00:00","og_image":[{"width":2048,"height":1436,"url":"https:\/\/voxsahel.com\/wp-content\/uploads\/2024\/12\/Religion.jpg","type":"image\/jpeg"}],"author":"Vox Sahel","twitter_card":"summary_large_image","twitter_misc":{"\u00c9crit par":"Vox Sahel","Dur\u00e9e de lecture estim\u00e9e":"5 minutes"},"schema":{"@context":"https:\/\/schema.org","@graph":[{"@type":"Article","@id":"https:\/\/voxsahel.com\/?p=1041#article","isPartOf":{"@id":"https:\/\/voxsahel.com\/?p=1041"},"author":{"name":"Vox Sahel","@id":"https:\/\/voxsahel.com\/#\/schema\/person\/b4043608248f8fa227cd760e7ff1e19e"},"headline":"Conduite de l&rsquo;action gouvernementale : Le Premier ministre sollicite l&rsquo;accompagnement de la FEME, de la FAIB et de l&rsquo;\u00c9glise catholique","datePublished":"2024-12-16T19:52:32+00:00","mainEntityOfPage":{"@id":"https:\/\/voxsahel.com\/?p=1041"},"wordCount":979,"commentCount":0,"publisher":{"@id":"https:\/\/voxsahel.com\/#organization"},"image":{"@id":"https:\/\/voxsahel.com\/?p=1041#primaryimage"},"thumbnailUrl":"https:\/\/voxsahel.com\/wp-content\/uploads\/2024\/12\/Religion.jpg","keywords":["Archev\u00each\u00e9 de Ouagadougou","Burkina Faso","F\u00e9d\u00e9ration des associations islamiques du Burkina","F\u00e9d\u00e9ration des \u00c9glises et Missions \u00c9vang\u00e9liques","Gouvernement","Religion","Rimtalba Jean Emmanuel Ou\u00e9draogo","Terrorisme"],"articleSection":["FAITS DIVERS"],"inLanguage":"fr-FR","potentialAction":[{"@type":"CommentAction","name":"Comment","target":["https:\/\/voxsahel.com\/?p=1041#respond"]}]},{"@type":"WebPage","@id":"https:\/\/voxsahel.com\/?p=1041","url":"https:\/\/voxsahel.com\/?p=1041","name":"Conduite de l'action gouvernementale : Le Premier ministre sollicite l'accompagnement de la FEME, de la FAIB et de l'\u00c9glise catholique - Vox Sahel","isPartOf":{"@id":"https:\/\/voxsahel.com\/#website"},"primaryImageOfPage":{"@id":"https:\/\/voxsahel.com\/?p=1041#primaryimage"},"image":{"@id":"https:\/\/voxsahel.com\/?p=1041#primaryimage"},"thumbnailUrl":"https:\/\/voxsahel.com\/wp-content\/uploads\/2024\/12\/Religion.jpg","datePublished":"2024-12-16T19:52:32+00:00","breadcrumb":{"@id":"https:\/\/voxsahel.com\/?p=1041#breadcrumb"},"inLanguage":"fr-FR","potentialAction":[{"@type":"ReadAction","target":["https:\/\/voxsahel.com\/?p=1041"]}]},{"@type":"ImageObject","inLanguage":"fr-FR","@id":"https:\/\/voxsahel.com\/?p=1041#primaryimage","url":"https:\/\/voxsahel.com\/wp-content\/uploads\/2024\/12\/Religion.jpg","contentUrl":"https:\/\/voxsahel.com\/wp-content\/uploads\/2024\/12\/Religion.jpg","width":2048,"height":1436,"caption":"Conduite de l'action gouvernementale : Le Premier ministre sollicite l'accompagnement de la FEME, de la FAIB et de l'\u00c9glise catholique"},{"@type":"BreadcrumbList","@id":"https:\/\/voxsahel.com\/?p=1041#breadcrumb","itemListElement":[{"@type":"ListItem","position":1,"name":"Home","item":"https:\/\/voxsahel.com\/"},{"@type":"ListItem","position":2,"name":"Conduite de l&rsquo;action gouvernementale : Le Premier ministre sollicite l&rsquo;accompagnement de la FEME, de la FAIB et de l&rsquo;\u00c9glise catholique"}]},{"@type":"WebSite","@id":"https:\/\/voxsahel.com\/#website","url":"https:\/\/voxsahel.com\/","name":"Vox Sahel","description":"Informez-vous sur le Sahel en un clic","publisher":{"@id":"https:\/\/voxsahel.com\/#organization"},"potentialAction":[{"@type":"SearchAction","target":{"@type":"EntryPoint","urlTemplate":"https:\/\/voxsahel.com\/?s={search_term_string}"},"query-input":{"@type":"PropertyValueSpecification","valueRequired":true,"valueName":"search_term_string"}}],"inLanguage":"fr-FR"},{"@type":"Organization","@id":"https:\/\/voxsahel.com\/#organization","name":"Vox Sahel","url":"https:\/\/voxsahel.com\/","logo":{"@type":"ImageObject","inLanguage":"fr-FR","@id":"https:\/\/voxsahel.com\/#\/schema\/logo\/image\/","url":"https:\/\/voxsahel.com\/wp-content\/uploads\/2024\/09\/Logo-Vox-Sahel.jpg","contentUrl":"https:\/\/voxsahel.com\/wp-content\/uploads\/2024\/09\/Logo-Vox-Sahel.jpg","width":1181,"height":848,"caption":"Vox Sahel"},"image":{"@id":"https:\/\/voxsahel.com\/#\/schema\/logo\/image\/"},"sameAs":["https:\/\/www.facebook.com\/journal.voxsahel"]},{"@type":"Person","@id":"https:\/\/voxsahel.com\/#\/schema\/person\/b4043608248f8fa227cd760e7ff1e19e","name":"Vox Sahel","image":{"@type":"ImageObject","inLanguage":"fr-FR","@id":"https:\/\/secure.gravatar.com\/avatar\/f70e7fa0cb9b29d4a7c5788d6eb2e9ab4d3135cbae1c9161810fdf77a8964699?s=96&d=mm&r=g","url":"https:\/\/secure.gravatar.com\/avatar\/f70e7fa0cb9b29d4a7c5788d6eb2e9ab4d3135cbae1c9161810fdf77a8964699?s=96&d=mm&r=g","contentUrl":"https:\/\/secure.gravatar.com\/avatar\/f70e7fa0cb9b29d4a7c5788d6eb2e9ab4d3135cbae1c9161810fdf77a8964699?s=96&d=mm&r=g","caption":"Vox Sahel"},"sameAs":["http:\/\/www.voxsahel.com"],"url":"https:\/\/voxsahel.com\/?author=2"}]}},"_links":{"self":[{"href":"https:\/\/voxsahel.com\/index.php?rest_route=\/wp\/v2\/posts\/1041","targetHints":{"allow":["GET"]}}],"collection":[{"href":"https:\/\/voxsahel.com\/index.php?rest_route=\/wp\/v2\/posts"}],"about":[{"href":"https:\/\/voxsahel.com\/index.php?rest_route=\/wp\/v2\/types\/post"}],"author":[{"embeddable":true,"href":"https:\/\/voxsahel.com\/index.php?rest_route=\/wp\/v2\/users\/2"}],"replies":[{"embeddable":true,"href":"https:\/\/voxsahel.com\/index.php?rest_route=%2Fwp%2Fv2%2Fcomments&post=1041"}],"version-history":[{"count":1,"href":"https:\/\/voxsahel.com\/index.php?rest_route=\/wp\/v2\/posts\/1041\/revisions"}],"predecessor-version":[{"id":1043,"href":"https:\/\/voxsahel.com\/index.php?rest_route=\/wp\/v2\/posts\/1041\/revisions\/1043"}],"wp:featuredmedia":[{"embeddable":true,"href":"https:\/\/voxsahel.com\/index.php?rest_route=\/wp\/v2\/media\/1042"}],"wp:attachment":[{"href":"https:\/\/voxsahel.com\/index.php?rest_route=%2Fwp%2Fv2%2Fmedia&parent=1041"}],"wp:term":[{"taxonomy":"category","embeddable":true,"href":"https:\/\/voxsahel.com\/index.php?rest_route=%2Fwp%2Fv2%2Fcategories&post=1041"},{"taxonomy":"post_tag","embeddable":true,"href":"https:\/\/voxsahel.com\/index.php?rest_route=%2Fwp%2Fv2%2Ftags&post=1041"}],"curies":[{"name":"wp","href":"https:\/\/api.w.org\/{rel}","templated":true}]}}