{"id":1037,"date":"2024-12-15T20:44:53","date_gmt":"2024-12-15T20:44:53","guid":{"rendered":"https:\/\/voxsahel.com\/?p=1037"},"modified":"2024-12-15T20:44:53","modified_gmt":"2024-12-15T20:44:53","slug":"transition-energetique-en-afrique-le-mali-inaugure-la-plus-grande-mine-de-lithium","status":"publish","type":"post","link":"https:\/\/voxsahel.com\/?p=1037","title":{"rendered":"Transition \u00e9nerg\u00e9tique en Afrique : Le Mali inaugure la plus grande mine de lithium"},"content":{"rendered":"<p class=\"p1\">Le Mali entre dans une nouvelle \u00e8re \u00e9conomique et \u00e9nerg\u00e9tique. Ce dimanche, le pays a officiellement inaugur\u00e9 la mine de lithium de Goulamina, situ\u00e9e \u00e0 environ 150 km de la capitale Bamako. Pr\u00e9sent\u00e9e comme la plus grande mine de lithium d&rsquo;Afrique et l&rsquo;un des gisements les plus riches au monde, cette exploitation marque une \u00e9tape d\u00e9cisive pour le continent africain et pour le march\u00e9 mondial de ce min\u00e9ral strat\u00e9gique, essentiel \u00e0 la transition \u00e9nerg\u00e9tique.<\/p>\n<p class=\"p1\"><span class=\"s1\">Avec des r\u00e9serves prouv\u00e9es de 52 millions de tonnes de spodum\u00e8ne, la mine de Goulamina affiche un potentiel d&rsquo;exploitation d&rsquo;au moins 21 ans. Lors de sa premi\u00e8re phase de production, la mine devrait produire 506 000 tonnes de spodum\u00e8ne par an. Cette capacit\u00e9 passera \u00e0 831\u00a0000 tonnes dans une seconde phase, avant de se stabiliser \u00e0 726\u00a0000 tonnes par an, selon Lithium du Mali, la filiale de l&rsquo;entreprise chinoise Ganfeng Lithium.<\/span><\/p>\n<p class=\"p1\"><span class=\"s1\">Cette premi\u00e8re exploitation de lithium en Afrique de l&rsquo;Ouest, financ\u00e9e \u00e0 hauteur de 500 millions de dollars, positionne le Mali comme un acteur incontournable sur le march\u00e9 mondial du lithium.<\/span><\/p>\n<p class=\"p1\"><span class=\"s1\">La mine de Goulamina repr\u00e9sente une opportunit\u00e9 \u00e9conomique majeure pour le Mali, qui a r\u00e9cemment adopt\u00e9 un nouveau code minier renfor\u00e7ant la participation de l&rsquo;\u00c9tat dans les projets d&rsquo;exploitation mini\u00e8re. D\u00e9sormais, les autorit\u00e9s maliennes d\u00e9tiennent entre 20 % et 35 % des parties dans toutes les exploitations mini\u00e8res du pays.<\/span><\/p>\n<p class=\"p1\"><span class=\"s1\">Cette r\u00e9organisation a conduit \u00e0 un changement dans l&rsquo;actionnariat de la mine : l&rsquo;australien Leo Lithium, initialement actionnaire majoritaire, a c\u00e9d\u00e9 ses parts (40 %) \u00e0 Ganfeng, apr\u00e8s avoir investi 342,7 millions de dollars pour renforcer sa position .<\/span><\/p>\n<p class=\"p1\"><span class=\"s1\">Les retomb\u00e9es financi\u00e8res pour le Mali sont prometteuses. La mine devrait rapporter entre 110 et 115 milliards de FCFA (environ 190 millions de dollars) par une aux caisses publiques. Par ailleurs, 51 % des contrats de sous-traitance seront r\u00e9serv\u00e9s aux entreprises locales, g\u00e9n\u00e9rant un chiffre d&rsquo;affaires annuel de 250 milliards de FCFA (environ 410 millions de dollars).<\/span><\/p>\n<p class=\"p1\"><span class=\"s1\">La mont\u00e9e en puissance de Goulamina s&rsquo;inscrit dans une dynamique continentale. Selon un rapport de S&amp;P Global Market Intelligence, l&rsquo;Afrique, gr\u00e2ce \u00e0 des projets majeurs comme celui du Mali, devrait devenir le troisi\u00e8me fournisseur mondial de lithium d&rsquo;ici 2027, derri\u00e8re l&rsquo;Australie et l&rsquo;Am\u00e9rique du Sud.<\/span><\/p>\n<p class=\"p1\"><span class=\"s1\">Sur les 20 projets actuellement en d\u00e9veloppement en Afrique, sept devraient entrer en production d&rsquo;ici trois ans, dont cinq contr\u00f4l\u00e9s par des capitaux chinois. Ce contr\u00f4le strat\u00e9gique de la Chine sur les ressources africaines refl\u00e8te sa volont\u00e9 de dominer les secteurs essentiels \u00e0 la transition \u00e9nerg\u00e9tique mondiale.<\/span><\/p>\n<p class=\"p1\"><span class=\"s1\">La production africaine de lithium, surnomm\u00e9 \u00ab m\u00e9tal blanc \u00bb, devrait ainsi \u00eatre multipli\u00e9e par 24 entre 2022 et 2027, passant de 11\u00a0600 tonnes \u00e0 plus de 275\u00a0000 tonnes, repr\u00e9sentant 12 % de l&rsquo;offre mondiale.<\/span><\/p>\n<p class=\"p1\"><span class=\"s1\">La mise en service de la mine de Goulamina illustre \u00e0 la fois les ambitions du Mali et l&rsquo;importance croissante de l&rsquo;Afrique dans la transition \u00e9nerg\u00e9tique mondiale. Alors que la demande en lithium explose, notamment pour les batteries de v\u00e9hicules \u00e9lectriques et le stockage d&rsquo;\u00e9nergie, le continent africain pourrait devenir un maillon cl\u00e9 dans la cha\u00eene d&rsquo;approvisionnement globale.<\/span><\/p>\n<p class=\"p1\"><span class=\"s1\">Pour le Mali, cette avanc\u00e9e repr\u00e9sente bien plus qu&rsquo;une simple exploitation mini\u00e8re : elle symbolise un avenir o\u00f9 le pays s&rsquo;affirme comme un acteur strat\u00e9gique du secteur \u00e9nerg\u00e9tique, tout en stimulant son d\u00e9veloppement \u00e9conomique local.<\/span><\/p>\n<p style=\"text-align: right;\"><b>Par Vox Sahel<\/b><\/p>\n","protected":false},"excerpt":{"rendered":"<p>Le Mali entre dans une nouvelle \u00e8re \u00e9conomique et \u00e9nerg\u00e9tique. Ce dimanche, le pays a<\/p>\n","protected":false},"author":2,"featured_media":1038,"comment_status":"open","ping_status":"open","sticky":false,"template":"","format":"standard","meta":{"_et_pb_use_builder":"","_et_pb_old_content":"","_et_gb_content_width":"","footnotes":""},"categories":[15],"tags":[51,417,418,31],"class_list":["post-1037","post","type-post","status-publish","format-standard","has-post-thumbnail","hentry","category-international","tag-afrique","tag-energie","tag-lithium","tag-mali"],"yoast_head":"<!-- This site is optimized with the Yoast SEO plugin v27.5 - https:\/\/yoast.com\/product\/yoast-seo-wordpress\/ -->\n<title>Transition \u00e9nerg\u00e9tique en Afrique : Le Mali inaugure la plus grande mine de lithium - Vox Sahel<\/title>\n<meta name=\"robots\" content=\"index, follow, max-snippet:-1, max-image-preview:large, max-video-preview:-1\" \/>\n<link rel=\"canonical\" href=\"https:\/\/voxsahel.com\/?p=1037\" \/>\n<meta property=\"og:locale\" content=\"fr_FR\" \/>\n<meta property=\"og:type\" content=\"article\" \/>\n<meta property=\"og:title\" content=\"Transition \u00e9nerg\u00e9tique en Afrique : Le Mali inaugure la plus grande mine de lithium - Vox Sahel\" \/>\n<meta property=\"og:description\" content=\"Le Mali entre dans une nouvelle \u00e8re \u00e9conomique et \u00e9nerg\u00e9tique. Ce dimanche, le pays a\" \/>\n<meta property=\"og:url\" content=\"https:\/\/voxsahel.com\/?p=1037\" \/>\n<meta property=\"og:site_name\" content=\"Vox Sahel\" \/>\n<meta property=\"article:publisher\" content=\"https:\/\/www.facebook.com\/journal.voxsahel\" \/>\n<meta property=\"article:published_time\" content=\"2024-12-15T20:44:53+00:00\" \/>\n<meta property=\"og:image\" content=\"https:\/\/voxsahel.com\/wp-content\/uploads\/2024\/12\/IMG_2016.jpeg\" \/>\n\t<meta property=\"og:image:width\" content=\"600\" \/>\n\t<meta property=\"og:image:height\" content=\"450\" \/>\n\t<meta property=\"og:image:type\" content=\"image\/jpeg\" \/>\n<meta name=\"author\" content=\"Vox Sahel\" \/>\n<meta name=\"twitter:card\" content=\"summary_large_image\" \/>\n<meta name=\"twitter:label1\" content=\"\u00c9crit par\" \/>\n\t<meta name=\"twitter:data1\" content=\"Vox Sahel\" \/>\n\t<meta name=\"twitter:label2\" content=\"Dur\u00e9e de lecture estim\u00e9e\" \/>\n\t<meta name=\"twitter:data2\" content=\"3 minutes\" \/>\n<script type=\"application\/ld+json\" class=\"yoast-schema-graph\">{\"@context\":\"https:\\\/\\\/schema.org\",\"@graph\":[{\"@type\":\"Article\",\"@id\":\"https:\\\/\\\/voxsahel.com\\\/?p=1037#article\",\"isPartOf\":{\"@id\":\"https:\\\/\\\/voxsahel.com\\\/?p=1037\"},\"author\":{\"name\":\"Vox Sahel\",\"@id\":\"https:\\\/\\\/voxsahel.com\\\/#\\\/schema\\\/person\\\/b4043608248f8fa227cd760e7ff1e19e\"},\"headline\":\"Transition \u00e9nerg\u00e9tique en Afrique : Le Mali inaugure la plus grande mine de lithium\",\"datePublished\":\"2024-12-15T20:44:53+00:00\",\"mainEntityOfPage\":{\"@id\":\"https:\\\/\\\/voxsahel.com\\\/?p=1037\"},\"wordCount\":593,\"commentCount\":0,\"publisher\":{\"@id\":\"https:\\\/\\\/voxsahel.com\\\/#organization\"},\"image\":{\"@id\":\"https:\\\/\\\/voxsahel.com\\\/?p=1037#primaryimage\"},\"thumbnailUrl\":\"https:\\\/\\\/voxsahel.com\\\/wp-content\\\/uploads\\\/2024\\\/12\\\/IMG_2016.jpeg\",\"keywords\":[\"Afrique\",\"Energie\",\"Lithium\",\"Mali\"],\"articleSection\":[\"INTERNATIONAL\"],\"inLanguage\":\"fr-FR\",\"potentialAction\":[{\"@type\":\"CommentAction\",\"name\":\"Comment\",\"target\":[\"https:\\\/\\\/voxsahel.com\\\/?p=1037#respond\"]}]},{\"@type\":\"WebPage\",\"@id\":\"https:\\\/\\\/voxsahel.com\\\/?p=1037\",\"url\":\"https:\\\/\\\/voxsahel.com\\\/?p=1037\",\"name\":\"Transition \u00e9nerg\u00e9tique en Afrique : Le Mali inaugure la plus grande mine de lithium - Vox Sahel\",\"isPartOf\":{\"@id\":\"https:\\\/\\\/voxsahel.com\\\/#website\"},\"primaryImageOfPage\":{\"@id\":\"https:\\\/\\\/voxsahel.com\\\/?p=1037#primaryimage\"},\"image\":{\"@id\":\"https:\\\/\\\/voxsahel.com\\\/?p=1037#primaryimage\"},\"thumbnailUrl\":\"https:\\\/\\\/voxsahel.com\\\/wp-content\\\/uploads\\\/2024\\\/12\\\/IMG_2016.jpeg\",\"datePublished\":\"2024-12-15T20:44:53+00:00\",\"breadcrumb\":{\"@id\":\"https:\\\/\\\/voxsahel.com\\\/?p=1037#breadcrumb\"},\"inLanguage\":\"fr-FR\",\"potentialAction\":[{\"@type\":\"ReadAction\",\"target\":[\"https:\\\/\\\/voxsahel.com\\\/?p=1037\"]}]},{\"@type\":\"ImageObject\",\"inLanguage\":\"fr-FR\",\"@id\":\"https:\\\/\\\/voxsahel.com\\\/?p=1037#primaryimage\",\"url\":\"https:\\\/\\\/voxsahel.com\\\/wp-content\\\/uploads\\\/2024\\\/12\\\/IMG_2016.jpeg\",\"contentUrl\":\"https:\\\/\\\/voxsahel.com\\\/wp-content\\\/uploads\\\/2024\\\/12\\\/IMG_2016.jpeg\",\"width\":600,\"height\":450},{\"@type\":\"BreadcrumbList\",\"@id\":\"https:\\\/\\\/voxsahel.com\\\/?p=1037#breadcrumb\",\"itemListElement\":[{\"@type\":\"ListItem\",\"position\":1,\"name\":\"Home\",\"item\":\"https:\\\/\\\/voxsahel.com\\\/\"},{\"@type\":\"ListItem\",\"position\":2,\"name\":\"Transition \u00e9nerg\u00e9tique en Afrique : Le Mali inaugure la plus grande mine de lithium\"}]},{\"@type\":\"WebSite\",\"@id\":\"https:\\\/\\\/voxsahel.com\\\/#website\",\"url\":\"https:\\\/\\\/voxsahel.com\\\/\",\"name\":\"Vox Sahel\",\"description\":\"Informez-vous sur le Sahel en un clic\",\"publisher\":{\"@id\":\"https:\\\/\\\/voxsahel.com\\\/#organization\"},\"potentialAction\":[{\"@type\":\"SearchAction\",\"target\":{\"@type\":\"EntryPoint\",\"urlTemplate\":\"https:\\\/\\\/voxsahel.com\\\/?s={search_term_string}\"},\"query-input\":{\"@type\":\"PropertyValueSpecification\",\"valueRequired\":true,\"valueName\":\"search_term_string\"}}],\"inLanguage\":\"fr-FR\"},{\"@type\":\"Organization\",\"@id\":\"https:\\\/\\\/voxsahel.com\\\/#organization\",\"name\":\"Vox Sahel\",\"url\":\"https:\\\/\\\/voxsahel.com\\\/\",\"logo\":{\"@type\":\"ImageObject\",\"inLanguage\":\"fr-FR\",\"@id\":\"https:\\\/\\\/voxsahel.com\\\/#\\\/schema\\\/logo\\\/image\\\/\",\"url\":\"https:\\\/\\\/voxsahel.com\\\/wp-content\\\/uploads\\\/2024\\\/09\\\/Logo-Vox-Sahel.jpg\",\"contentUrl\":\"https:\\\/\\\/voxsahel.com\\\/wp-content\\\/uploads\\\/2024\\\/09\\\/Logo-Vox-Sahel.jpg\",\"width\":1181,\"height\":848,\"caption\":\"Vox Sahel\"},\"image\":{\"@id\":\"https:\\\/\\\/voxsahel.com\\\/#\\\/schema\\\/logo\\\/image\\\/\"},\"sameAs\":[\"https:\\\/\\\/www.facebook.com\\\/journal.voxsahel\"]},{\"@type\":\"Person\",\"@id\":\"https:\\\/\\\/voxsahel.com\\\/#\\\/schema\\\/person\\\/b4043608248f8fa227cd760e7ff1e19e\",\"name\":\"Vox Sahel\",\"image\":{\"@type\":\"ImageObject\",\"inLanguage\":\"fr-FR\",\"@id\":\"https:\\\/\\\/secure.gravatar.com\\\/avatar\\\/f70e7fa0cb9b29d4a7c5788d6eb2e9ab4d3135cbae1c9161810fdf77a8964699?s=96&d=mm&r=g\",\"url\":\"https:\\\/\\\/secure.gravatar.com\\\/avatar\\\/f70e7fa0cb9b29d4a7c5788d6eb2e9ab4d3135cbae1c9161810fdf77a8964699?s=96&d=mm&r=g\",\"contentUrl\":\"https:\\\/\\\/secure.gravatar.com\\\/avatar\\\/f70e7fa0cb9b29d4a7c5788d6eb2e9ab4d3135cbae1c9161810fdf77a8964699?s=96&d=mm&r=g\",\"caption\":\"Vox Sahel\"},\"sameAs\":[\"http:\\\/\\\/www.voxsahel.com\"],\"url\":\"https:\\\/\\\/voxsahel.com\\\/?author=2\"}]}<\/script>\n<!-- \/ Yoast SEO plugin. -->","yoast_head_json":{"title":"Transition \u00e9nerg\u00e9tique en Afrique : Le Mali inaugure la plus grande mine de lithium - Vox Sahel","robots":{"index":"index","follow":"follow","max-snippet":"max-snippet:-1","max-image-preview":"max-image-preview:large","max-video-preview":"max-video-preview:-1"},"canonical":"https:\/\/voxsahel.com\/?p=1037","og_locale":"fr_FR","og_type":"article","og_title":"Transition \u00e9nerg\u00e9tique en Afrique : Le Mali inaugure la plus grande mine de lithium - Vox Sahel","og_description":"Le Mali entre dans une nouvelle \u00e8re \u00e9conomique et \u00e9nerg\u00e9tique. Ce dimanche, le pays a","og_url":"https:\/\/voxsahel.com\/?p=1037","og_site_name":"Vox Sahel","article_publisher":"https:\/\/www.facebook.com\/journal.voxsahel","article_published_time":"2024-12-15T20:44:53+00:00","og_image":[{"width":600,"height":450,"url":"https:\/\/voxsahel.com\/wp-content\/uploads\/2024\/12\/IMG_2016.jpeg","type":"image\/jpeg"}],"author":"Vox Sahel","twitter_card":"summary_large_image","twitter_misc":{"\u00c9crit par":"Vox Sahel","Dur\u00e9e de lecture estim\u00e9e":"3 minutes"},"schema":{"@context":"https:\/\/schema.org","@graph":[{"@type":"Article","@id":"https:\/\/voxsahel.com\/?p=1037#article","isPartOf":{"@id":"https:\/\/voxsahel.com\/?p=1037"},"author":{"name":"Vox Sahel","@id":"https:\/\/voxsahel.com\/#\/schema\/person\/b4043608248f8fa227cd760e7ff1e19e"},"headline":"Transition \u00e9nerg\u00e9tique en Afrique : Le Mali inaugure la plus grande mine de lithium","datePublished":"2024-12-15T20:44:53+00:00","mainEntityOfPage":{"@id":"https:\/\/voxsahel.com\/?p=1037"},"wordCount":593,"commentCount":0,"publisher":{"@id":"https:\/\/voxsahel.com\/#organization"},"image":{"@id":"https:\/\/voxsahel.com\/?p=1037#primaryimage"},"thumbnailUrl":"https:\/\/voxsahel.com\/wp-content\/uploads\/2024\/12\/IMG_2016.jpeg","keywords":["Afrique","Energie","Lithium","Mali"],"articleSection":["INTERNATIONAL"],"inLanguage":"fr-FR","potentialAction":[{"@type":"CommentAction","name":"Comment","target":["https:\/\/voxsahel.com\/?p=1037#respond"]}]},{"@type":"WebPage","@id":"https:\/\/voxsahel.com\/?p=1037","url":"https:\/\/voxsahel.com\/?p=1037","name":"Transition \u00e9nerg\u00e9tique en Afrique : Le Mali inaugure la plus grande mine de lithium - Vox Sahel","isPartOf":{"@id":"https:\/\/voxsahel.com\/#website"},"primaryImageOfPage":{"@id":"https:\/\/voxsahel.com\/?p=1037#primaryimage"},"image":{"@id":"https:\/\/voxsahel.com\/?p=1037#primaryimage"},"thumbnailUrl":"https:\/\/voxsahel.com\/wp-content\/uploads\/2024\/12\/IMG_2016.jpeg","datePublished":"2024-12-15T20:44:53+00:00","breadcrumb":{"@id":"https:\/\/voxsahel.com\/?p=1037#breadcrumb"},"inLanguage":"fr-FR","potentialAction":[{"@type":"ReadAction","target":["https:\/\/voxsahel.com\/?p=1037"]}]},{"@type":"ImageObject","inLanguage":"fr-FR","@id":"https:\/\/voxsahel.com\/?p=1037#primaryimage","url":"https:\/\/voxsahel.com\/wp-content\/uploads\/2024\/12\/IMG_2016.jpeg","contentUrl":"https:\/\/voxsahel.com\/wp-content\/uploads\/2024\/12\/IMG_2016.jpeg","width":600,"height":450},{"@type":"BreadcrumbList","@id":"https:\/\/voxsahel.com\/?p=1037#breadcrumb","itemListElement":[{"@type":"ListItem","position":1,"name":"Home","item":"https:\/\/voxsahel.com\/"},{"@type":"ListItem","position":2,"name":"Transition \u00e9nerg\u00e9tique en Afrique : Le Mali inaugure la plus grande mine de lithium"}]},{"@type":"WebSite","@id":"https:\/\/voxsahel.com\/#website","url":"https:\/\/voxsahel.com\/","name":"Vox Sahel","description":"Informez-vous sur le Sahel en un clic","publisher":{"@id":"https:\/\/voxsahel.com\/#organization"},"potentialAction":[{"@type":"SearchAction","target":{"@type":"EntryPoint","urlTemplate":"https:\/\/voxsahel.com\/?s={search_term_string}"},"query-input":{"@type":"PropertyValueSpecification","valueRequired":true,"valueName":"search_term_string"}}],"inLanguage":"fr-FR"},{"@type":"Organization","@id":"https:\/\/voxsahel.com\/#organization","name":"Vox Sahel","url":"https:\/\/voxsahel.com\/","logo":{"@type":"ImageObject","inLanguage":"fr-FR","@id":"https:\/\/voxsahel.com\/#\/schema\/logo\/image\/","url":"https:\/\/voxsahel.com\/wp-content\/uploads\/2024\/09\/Logo-Vox-Sahel.jpg","contentUrl":"https:\/\/voxsahel.com\/wp-content\/uploads\/2024\/09\/Logo-Vox-Sahel.jpg","width":1181,"height":848,"caption":"Vox Sahel"},"image":{"@id":"https:\/\/voxsahel.com\/#\/schema\/logo\/image\/"},"sameAs":["https:\/\/www.facebook.com\/journal.voxsahel"]},{"@type":"Person","@id":"https:\/\/voxsahel.com\/#\/schema\/person\/b4043608248f8fa227cd760e7ff1e19e","name":"Vox Sahel","image":{"@type":"ImageObject","inLanguage":"fr-FR","@id":"https:\/\/secure.gravatar.com\/avatar\/f70e7fa0cb9b29d4a7c5788d6eb2e9ab4d3135cbae1c9161810fdf77a8964699?s=96&d=mm&r=g","url":"https:\/\/secure.gravatar.com\/avatar\/f70e7fa0cb9b29d4a7c5788d6eb2e9ab4d3135cbae1c9161810fdf77a8964699?s=96&d=mm&r=g","contentUrl":"https:\/\/secure.gravatar.com\/avatar\/f70e7fa0cb9b29d4a7c5788d6eb2e9ab4d3135cbae1c9161810fdf77a8964699?s=96&d=mm&r=g","caption":"Vox Sahel"},"sameAs":["http:\/\/www.voxsahel.com"],"url":"https:\/\/voxsahel.com\/?author=2"}]}},"_links":{"self":[{"href":"https:\/\/voxsahel.com\/index.php?rest_route=\/wp\/v2\/posts\/1037","targetHints":{"allow":["GET"]}}],"collection":[{"href":"https:\/\/voxsahel.com\/index.php?rest_route=\/wp\/v2\/posts"}],"about":[{"href":"https:\/\/voxsahel.com\/index.php?rest_route=\/wp\/v2\/types\/post"}],"author":[{"embeddable":true,"href":"https:\/\/voxsahel.com\/index.php?rest_route=\/wp\/v2\/users\/2"}],"replies":[{"embeddable":true,"href":"https:\/\/voxsahel.com\/index.php?rest_route=%2Fwp%2Fv2%2Fcomments&post=1037"}],"version-history":[{"count":1,"href":"https:\/\/voxsahel.com\/index.php?rest_route=\/wp\/v2\/posts\/1037\/revisions"}],"predecessor-version":[{"id":1039,"href":"https:\/\/voxsahel.com\/index.php?rest_route=\/wp\/v2\/posts\/1037\/revisions\/1039"}],"wp:featuredmedia":[{"embeddable":true,"href":"https:\/\/voxsahel.com\/index.php?rest_route=\/wp\/v2\/media\/1038"}],"wp:attachment":[{"href":"https:\/\/voxsahel.com\/index.php?rest_route=%2Fwp%2Fv2%2Fmedia&parent=1037"}],"wp:term":[{"taxonomy":"category","embeddable":true,"href":"https:\/\/voxsahel.com\/index.php?rest_route=%2Fwp%2Fv2%2Fcategories&post=1037"},{"taxonomy":"post_tag","embeddable":true,"href":"https:\/\/voxsahel.com\/index.php?rest_route=%2Fwp%2Fv2%2Ftags&post=1037"}],"curies":[{"name":"wp","href":"https:\/\/api.w.org\/{rel}","templated":true}]}}