{"id":1031,"date":"2024-12-14T22:18:38","date_gmt":"2024-12-14T22:18:38","guid":{"rendered":"https:\/\/voxsahel.com\/?p=1031"},"modified":"2024-12-14T22:18:38","modified_gmt":"2024-12-14T22:18:38","slug":"proces-des-3-milliards-petronille-tarpaga-incarceree-pour-outrage-a-magistrat-en-plein-proces","status":"publish","type":"post","link":"https:\/\/voxsahel.com\/?p=1031","title":{"rendered":"Proc\u00e8s des 3 milliards : P\u00e9tronille Tarpaga incarc\u00e9r\u00e9e pour outrage \u00e0 magistrat en plein proc\u00e8s"},"content":{"rendered":"<p class=\"p1\"><span class=\"s1\">D\u00e9j\u00e0 au c\u0153ur d&rsquo;un proc\u00e8s pour d\u00e9tournement de fonds publics, P\u00e9tronille Tarpaga, ancienne responsable au minist\u00e8re de l&rsquo;Action humanitaire, se retrouve d\u00e9sormais sous les verrous. Cette d\u00e9cision intervient apr\u00e8s une altercation verbale survenue en pleine audience, o\u00f9 elle a \u00e9t\u00e9 accus\u00e9e d&rsquo;avoir bless\u00e9 un magistrat.<\/span><\/p>\n<p class=\"p1\"><span class=\"s1\">Mardi 10 d\u00e9cembre, P\u00e9tronille Tarpaga comparaissait pour r\u00e9pondre aux accusations portant sur le d\u00e9tournement de pr\u00e8s de trois milliards de francs CFA destin\u00e9s \u00e0 l&rsquo;aide aux personnes d\u00e9plac\u00e9es internes. Interrog\u00e9 par le substitut du procureur, Idrissa Tapsoba, sur des signatures falsifi\u00e9es et ses relations avec le principal accus\u00e9, Amidou Teigna, l&rsquo;ancien fonctionnaire aurait laiss\u00e9 \u00e9chapper une injure \u00e0 voix basse. Cependant, la remarque, bien que discr\u00e8te, a \u00e9t\u00e9 capt\u00e9e par les cam\u00e9ras de la t\u00e9l\u00e9vision nationale, qui retransmettent le proc\u00e8s en direct.<\/span><\/p>\n<p class=\"p1\"><span class=\"s1\">Convoqu\u00e9e deux jours plus tard pour s&rsquo;expliquer, Mme Tarpaga a reconnu les faits et a sollicit\u00e9 la cl\u00e9mence des juges. Mais sa demande n&rsquo;a pas \u00e9t\u00e9 retenue. D\u00e9j\u00e0 plac\u00e9e en libert\u00e9 provisoire dans le cadre du proc\u00e8s principal, gr\u00e2ce \u00e0 une d\u00e9cision jug\u00e9e cl\u00e9mente par certains observateurs, elle n&rsquo;a pas obtenu d&rsquo;une nouvelle mesure de faveur. Les juges ont ordonn\u00e9 son incarc\u00e9ration pour outrage au magistrat.<\/span><\/p>\n<p class=\"p1\"><span class=\"s1\">Ce rebondissement s&rsquo;ajoute \u00e0 un proc\u00e8s qui passionne l&rsquo;opinion publique burkinab\u00e8. En cause, la gestion de plusieurs milliards de francs CFA destin\u00e9s \u00e0 des populations vuln\u00e9rables, d\u00e9tourn\u00e9s par des man\u0153uvres frauduleuses impliquant des ch\u00e8ques falsifi\u00e9s et des r\u00e9seaux de complicit\u00e9.<\/span><\/p>\n<p class=\"p1\"><span class=\"s1\">P\u00e9tronille Tarpaga, ancienne figure du minist\u00e8re de l&rsquo;Action humanitaire, est accus\u00e9e d&rsquo;avoir collabor\u00e9 \u00e9troitement avec Amidou Teigna, pr\u00e9sent\u00e9 comme le principal cerveau du d\u00e9tournement. L&rsquo;affaire, diffus\u00e9e en int\u00e9gralit\u00e9 \u00e0 la t\u00e9l\u00e9vision publique, illustre l&rsquo;engagement des autorit\u00e9s judiciaires \u00e0 lutter contre l&rsquo;impunit\u00e9 dans la gestion des deniers publics.<\/span><\/p>\n<p class=\"p1\"><span class=\"s1\">Mme Tarpaga devra d\u00e9sormais se faire face \u00e0 deux proc\u00e9dures distinctes. Un deuxi\u00e8me coll\u00e8ge de magistrats sera d\u00e9sign\u00e9 pour juger l&rsquo;affaire d&rsquo;outrage, tandis que le proc\u00e8s pour d\u00e9tournement se poursuivra lundi prochain.<\/span><\/p>\n<p class=\"p1\"><span class=\"s1\">Ce dernier \u00e9pisode suscite de vifs d\u00e9bats sur la gestion des privil\u00e8ges judiciaires, la responsabilit\u00e9 des fonctionnaires, et le traitement r\u00e9serv\u00e9 aux atteintes \u00e0 la justice. L&rsquo;incarc\u00e9ration de P\u00e9tronille Tarpaga est per\u00e7ue par certains comme un signal fort contre l&rsquo;impunit\u00e9, mais ses d\u00e9fenseurs d\u00e9noncent un acharnement judiciaire.<\/span><\/p>\n<p class=\"p1\"><span class=\"s1\">Le pays entier suit de pr\u00e8s cette affaire, consid\u00e9r\u00e9e comme un test majeur pour la transparence et la lutte contre la corruption au Burkina Faso.<\/span><\/p>\n<p><b>Par Vox Sahel<\/b><\/p>\n","protected":false},"excerpt":{"rendered":"<p>D\u00e9j\u00e0 au c\u0153ur d&rsquo;un proc\u00e8s pour d\u00e9tournement de fonds publics, P\u00e9tronille Tarpaga, ancienne responsable au<\/p>\n","protected":false},"author":2,"featured_media":1032,"comment_status":"open","ping_status":"open","sticky":false,"template":"","format":"standard","meta":{"_et_pb_use_builder":"","_et_pb_old_content":"","_et_gb_content_width":"","footnotes":""},"categories":[5],"tags":[18,423,381],"class_list":["post-1031","post","type-post","status-publish","format-standard","has-post-thumbnail","hentry","category-societe","tag-burkina-faso","tag-detournement","tag-justice"],"yoast_head":"<!-- This site is optimized with the Yoast SEO plugin v27.5 - https:\/\/yoast.com\/product\/yoast-seo-wordpress\/ -->\n<title>Proc\u00e8s des 3 milliards : P\u00e9tronille Tarpaga incarc\u00e9r\u00e9e pour outrage \u00e0 magistrat en plein proc\u00e8s - Vox Sahel<\/title>\n<meta name=\"robots\" content=\"index, follow, max-snippet:-1, max-image-preview:large, max-video-preview:-1\" \/>\n<link rel=\"canonical\" href=\"https:\/\/voxsahel.com\/?p=1031\" \/>\n<meta property=\"og:locale\" content=\"fr_FR\" \/>\n<meta property=\"og:type\" content=\"article\" \/>\n<meta property=\"og:title\" content=\"Proc\u00e8s des 3 milliards : P\u00e9tronille Tarpaga incarc\u00e9r\u00e9e pour outrage \u00e0 magistrat en plein proc\u00e8s - Vox Sahel\" \/>\n<meta property=\"og:description\" content=\"D\u00e9j\u00e0 au c\u0153ur d&rsquo;un proc\u00e8s pour d\u00e9tournement de fonds publics, P\u00e9tronille Tarpaga, ancienne responsable au\" \/>\n<meta property=\"og:url\" content=\"https:\/\/voxsahel.com\/?p=1031\" \/>\n<meta property=\"og:site_name\" content=\"Vox Sahel\" \/>\n<meta property=\"article:publisher\" content=\"https:\/\/www.facebook.com\/journal.voxsahel\" \/>\n<meta property=\"article:published_time\" content=\"2024-12-14T22:18:38+00:00\" \/>\n<meta property=\"og:image\" content=\"https:\/\/voxsahel.com\/wp-content\/uploads\/2024\/12\/IMG_1776.jpeg\" \/>\n\t<meta property=\"og:image:width\" content=\"2048\" \/>\n\t<meta property=\"og:image:height\" content=\"1644\" \/>\n\t<meta property=\"og:image:type\" content=\"image\/jpeg\" \/>\n<meta name=\"author\" content=\"Vox Sahel\" \/>\n<meta name=\"twitter:card\" content=\"summary_large_image\" \/>\n<meta name=\"twitter:label1\" content=\"\u00c9crit par\" \/>\n\t<meta name=\"twitter:data1\" content=\"Vox Sahel\" \/>\n\t<meta name=\"twitter:label2\" content=\"Dur\u00e9e de lecture estim\u00e9e\" \/>\n\t<meta name=\"twitter:data2\" content=\"3 minutes\" \/>\n<script type=\"application\/ld+json\" class=\"yoast-schema-graph\">{\"@context\":\"https:\\\/\\\/schema.org\",\"@graph\":[{\"@type\":\"Article\",\"@id\":\"https:\\\/\\\/voxsahel.com\\\/?p=1031#article\",\"isPartOf\":{\"@id\":\"https:\\\/\\\/voxsahel.com\\\/?p=1031\"},\"author\":{\"name\":\"Vox Sahel\",\"@id\":\"https:\\\/\\\/voxsahel.com\\\/#\\\/schema\\\/person\\\/b4043608248f8fa227cd760e7ff1e19e\"},\"headline\":\"Proc\u00e8s des 3 milliards : P\u00e9tronille Tarpaga incarc\u00e9r\u00e9e pour outrage \u00e0 magistrat en plein proc\u00e8s\",\"datePublished\":\"2024-12-14T22:18:38+00:00\",\"mainEntityOfPage\":{\"@id\":\"https:\\\/\\\/voxsahel.com\\\/?p=1031\"},\"wordCount\":486,\"commentCount\":0,\"publisher\":{\"@id\":\"https:\\\/\\\/voxsahel.com\\\/#organization\"},\"image\":{\"@id\":\"https:\\\/\\\/voxsahel.com\\\/?p=1031#primaryimage\"},\"thumbnailUrl\":\"https:\\\/\\\/voxsahel.com\\\/wp-content\\\/uploads\\\/2024\\\/12\\\/IMG_1776.jpeg\",\"keywords\":[\"Burkina Faso\",\"D\u00e9tournement\",\"Justice\"],\"articleSection\":[\"SOCIETE\"],\"inLanguage\":\"fr-FR\",\"potentialAction\":[{\"@type\":\"CommentAction\",\"name\":\"Comment\",\"target\":[\"https:\\\/\\\/voxsahel.com\\\/?p=1031#respond\"]}]},{\"@type\":\"WebPage\",\"@id\":\"https:\\\/\\\/voxsahel.com\\\/?p=1031\",\"url\":\"https:\\\/\\\/voxsahel.com\\\/?p=1031\",\"name\":\"Proc\u00e8s des 3 milliards : P\u00e9tronille Tarpaga incarc\u00e9r\u00e9e pour outrage \u00e0 magistrat en plein proc\u00e8s - Vox Sahel\",\"isPartOf\":{\"@id\":\"https:\\\/\\\/voxsahel.com\\\/#website\"},\"primaryImageOfPage\":{\"@id\":\"https:\\\/\\\/voxsahel.com\\\/?p=1031#primaryimage\"},\"image\":{\"@id\":\"https:\\\/\\\/voxsahel.com\\\/?p=1031#primaryimage\"},\"thumbnailUrl\":\"https:\\\/\\\/voxsahel.com\\\/wp-content\\\/uploads\\\/2024\\\/12\\\/IMG_1776.jpeg\",\"datePublished\":\"2024-12-14T22:18:38+00:00\",\"breadcrumb\":{\"@id\":\"https:\\\/\\\/voxsahel.com\\\/?p=1031#breadcrumb\"},\"inLanguage\":\"fr-FR\",\"potentialAction\":[{\"@type\":\"ReadAction\",\"target\":[\"https:\\\/\\\/voxsahel.com\\\/?p=1031\"]}]},{\"@type\":\"ImageObject\",\"inLanguage\":\"fr-FR\",\"@id\":\"https:\\\/\\\/voxsahel.com\\\/?p=1031#primaryimage\",\"url\":\"https:\\\/\\\/voxsahel.com\\\/wp-content\\\/uploads\\\/2024\\\/12\\\/IMG_1776.jpeg\",\"contentUrl\":\"https:\\\/\\\/voxsahel.com\\\/wp-content\\\/uploads\\\/2024\\\/12\\\/IMG_1776.jpeg\",\"width\":2048,\"height\":1644},{\"@type\":\"BreadcrumbList\",\"@id\":\"https:\\\/\\\/voxsahel.com\\\/?p=1031#breadcrumb\",\"itemListElement\":[{\"@type\":\"ListItem\",\"position\":1,\"name\":\"Home\",\"item\":\"https:\\\/\\\/voxsahel.com\\\/\"},{\"@type\":\"ListItem\",\"position\":2,\"name\":\"Proc\u00e8s des 3 milliards : P\u00e9tronille Tarpaga incarc\u00e9r\u00e9e pour outrage \u00e0 magistrat en plein proc\u00e8s\"}]},{\"@type\":\"WebSite\",\"@id\":\"https:\\\/\\\/voxsahel.com\\\/#website\",\"url\":\"https:\\\/\\\/voxsahel.com\\\/\",\"name\":\"Vox Sahel\",\"description\":\"Informez-vous sur le Sahel en un clic\",\"publisher\":{\"@id\":\"https:\\\/\\\/voxsahel.com\\\/#organization\"},\"potentialAction\":[{\"@type\":\"SearchAction\",\"target\":{\"@type\":\"EntryPoint\",\"urlTemplate\":\"https:\\\/\\\/voxsahel.com\\\/?s={search_term_string}\"},\"query-input\":{\"@type\":\"PropertyValueSpecification\",\"valueRequired\":true,\"valueName\":\"search_term_string\"}}],\"inLanguage\":\"fr-FR\"},{\"@type\":\"Organization\",\"@id\":\"https:\\\/\\\/voxsahel.com\\\/#organization\",\"name\":\"Vox Sahel\",\"url\":\"https:\\\/\\\/voxsahel.com\\\/\",\"logo\":{\"@type\":\"ImageObject\",\"inLanguage\":\"fr-FR\",\"@id\":\"https:\\\/\\\/voxsahel.com\\\/#\\\/schema\\\/logo\\\/image\\\/\",\"url\":\"https:\\\/\\\/voxsahel.com\\\/wp-content\\\/uploads\\\/2024\\\/09\\\/Logo-Vox-Sahel.jpg\",\"contentUrl\":\"https:\\\/\\\/voxsahel.com\\\/wp-content\\\/uploads\\\/2024\\\/09\\\/Logo-Vox-Sahel.jpg\",\"width\":1181,\"height\":848,\"caption\":\"Vox Sahel\"},\"image\":{\"@id\":\"https:\\\/\\\/voxsahel.com\\\/#\\\/schema\\\/logo\\\/image\\\/\"},\"sameAs\":[\"https:\\\/\\\/www.facebook.com\\\/journal.voxsahel\"]},{\"@type\":\"Person\",\"@id\":\"https:\\\/\\\/voxsahel.com\\\/#\\\/schema\\\/person\\\/b4043608248f8fa227cd760e7ff1e19e\",\"name\":\"Vox Sahel\",\"image\":{\"@type\":\"ImageObject\",\"inLanguage\":\"fr-FR\",\"@id\":\"https:\\\/\\\/secure.gravatar.com\\\/avatar\\\/f70e7fa0cb9b29d4a7c5788d6eb2e9ab4d3135cbae1c9161810fdf77a8964699?s=96&d=mm&r=g\",\"url\":\"https:\\\/\\\/secure.gravatar.com\\\/avatar\\\/f70e7fa0cb9b29d4a7c5788d6eb2e9ab4d3135cbae1c9161810fdf77a8964699?s=96&d=mm&r=g\",\"contentUrl\":\"https:\\\/\\\/secure.gravatar.com\\\/avatar\\\/f70e7fa0cb9b29d4a7c5788d6eb2e9ab4d3135cbae1c9161810fdf77a8964699?s=96&d=mm&r=g\",\"caption\":\"Vox Sahel\"},\"sameAs\":[\"http:\\\/\\\/www.voxsahel.com\"],\"url\":\"https:\\\/\\\/voxsahel.com\\\/?author=2\"}]}<\/script>\n<!-- \/ Yoast SEO plugin. -->","yoast_head_json":{"title":"Proc\u00e8s des 3 milliards : P\u00e9tronille Tarpaga incarc\u00e9r\u00e9e pour outrage \u00e0 magistrat en plein proc\u00e8s - Vox Sahel","robots":{"index":"index","follow":"follow","max-snippet":"max-snippet:-1","max-image-preview":"max-image-preview:large","max-video-preview":"max-video-preview:-1"},"canonical":"https:\/\/voxsahel.com\/?p=1031","og_locale":"fr_FR","og_type":"article","og_title":"Proc\u00e8s des 3 milliards : P\u00e9tronille Tarpaga incarc\u00e9r\u00e9e pour outrage \u00e0 magistrat en plein proc\u00e8s - Vox Sahel","og_description":"D\u00e9j\u00e0 au c\u0153ur d&rsquo;un proc\u00e8s pour d\u00e9tournement de fonds publics, P\u00e9tronille Tarpaga, ancienne responsable au","og_url":"https:\/\/voxsahel.com\/?p=1031","og_site_name":"Vox Sahel","article_publisher":"https:\/\/www.facebook.com\/journal.voxsahel","article_published_time":"2024-12-14T22:18:38+00:00","og_image":[{"width":2048,"height":1644,"url":"https:\/\/voxsahel.com\/wp-content\/uploads\/2024\/12\/IMG_1776.jpeg","type":"image\/jpeg"}],"author":"Vox Sahel","twitter_card":"summary_large_image","twitter_misc":{"\u00c9crit par":"Vox Sahel","Dur\u00e9e de lecture estim\u00e9e":"3 minutes"},"schema":{"@context":"https:\/\/schema.org","@graph":[{"@type":"Article","@id":"https:\/\/voxsahel.com\/?p=1031#article","isPartOf":{"@id":"https:\/\/voxsahel.com\/?p=1031"},"author":{"name":"Vox Sahel","@id":"https:\/\/voxsahel.com\/#\/schema\/person\/b4043608248f8fa227cd760e7ff1e19e"},"headline":"Proc\u00e8s des 3 milliards : P\u00e9tronille Tarpaga incarc\u00e9r\u00e9e pour outrage \u00e0 magistrat en plein proc\u00e8s","datePublished":"2024-12-14T22:18:38+00:00","mainEntityOfPage":{"@id":"https:\/\/voxsahel.com\/?p=1031"},"wordCount":486,"commentCount":0,"publisher":{"@id":"https:\/\/voxsahel.com\/#organization"},"image":{"@id":"https:\/\/voxsahel.com\/?p=1031#primaryimage"},"thumbnailUrl":"https:\/\/voxsahel.com\/wp-content\/uploads\/2024\/12\/IMG_1776.jpeg","keywords":["Burkina Faso","D\u00e9tournement","Justice"],"articleSection":["SOCIETE"],"inLanguage":"fr-FR","potentialAction":[{"@type":"CommentAction","name":"Comment","target":["https:\/\/voxsahel.com\/?p=1031#respond"]}]},{"@type":"WebPage","@id":"https:\/\/voxsahel.com\/?p=1031","url":"https:\/\/voxsahel.com\/?p=1031","name":"Proc\u00e8s des 3 milliards : P\u00e9tronille Tarpaga incarc\u00e9r\u00e9e pour outrage \u00e0 magistrat en plein proc\u00e8s - Vox Sahel","isPartOf":{"@id":"https:\/\/voxsahel.com\/#website"},"primaryImageOfPage":{"@id":"https:\/\/voxsahel.com\/?p=1031#primaryimage"},"image":{"@id":"https:\/\/voxsahel.com\/?p=1031#primaryimage"},"thumbnailUrl":"https:\/\/voxsahel.com\/wp-content\/uploads\/2024\/12\/IMG_1776.jpeg","datePublished":"2024-12-14T22:18:38+00:00","breadcrumb":{"@id":"https:\/\/voxsahel.com\/?p=1031#breadcrumb"},"inLanguage":"fr-FR","potentialAction":[{"@type":"ReadAction","target":["https:\/\/voxsahel.com\/?p=1031"]}]},{"@type":"ImageObject","inLanguage":"fr-FR","@id":"https:\/\/voxsahel.com\/?p=1031#primaryimage","url":"https:\/\/voxsahel.com\/wp-content\/uploads\/2024\/12\/IMG_1776.jpeg","contentUrl":"https:\/\/voxsahel.com\/wp-content\/uploads\/2024\/12\/IMG_1776.jpeg","width":2048,"height":1644},{"@type":"BreadcrumbList","@id":"https:\/\/voxsahel.com\/?p=1031#breadcrumb","itemListElement":[{"@type":"ListItem","position":1,"name":"Home","item":"https:\/\/voxsahel.com\/"},{"@type":"ListItem","position":2,"name":"Proc\u00e8s des 3 milliards : P\u00e9tronille Tarpaga incarc\u00e9r\u00e9e pour outrage \u00e0 magistrat en plein proc\u00e8s"}]},{"@type":"WebSite","@id":"https:\/\/voxsahel.com\/#website","url":"https:\/\/voxsahel.com\/","name":"Vox Sahel","description":"Informez-vous sur le Sahel en un clic","publisher":{"@id":"https:\/\/voxsahel.com\/#organization"},"potentialAction":[{"@type":"SearchAction","target":{"@type":"EntryPoint","urlTemplate":"https:\/\/voxsahel.com\/?s={search_term_string}"},"query-input":{"@type":"PropertyValueSpecification","valueRequired":true,"valueName":"search_term_string"}}],"inLanguage":"fr-FR"},{"@type":"Organization","@id":"https:\/\/voxsahel.com\/#organization","name":"Vox Sahel","url":"https:\/\/voxsahel.com\/","logo":{"@type":"ImageObject","inLanguage":"fr-FR","@id":"https:\/\/voxsahel.com\/#\/schema\/logo\/image\/","url":"https:\/\/voxsahel.com\/wp-content\/uploads\/2024\/09\/Logo-Vox-Sahel.jpg","contentUrl":"https:\/\/voxsahel.com\/wp-content\/uploads\/2024\/09\/Logo-Vox-Sahel.jpg","width":1181,"height":848,"caption":"Vox Sahel"},"image":{"@id":"https:\/\/voxsahel.com\/#\/schema\/logo\/image\/"},"sameAs":["https:\/\/www.facebook.com\/journal.voxsahel"]},{"@type":"Person","@id":"https:\/\/voxsahel.com\/#\/schema\/person\/b4043608248f8fa227cd760e7ff1e19e","name":"Vox Sahel","image":{"@type":"ImageObject","inLanguage":"fr-FR","@id":"https:\/\/secure.gravatar.com\/avatar\/f70e7fa0cb9b29d4a7c5788d6eb2e9ab4d3135cbae1c9161810fdf77a8964699?s=96&d=mm&r=g","url":"https:\/\/secure.gravatar.com\/avatar\/f70e7fa0cb9b29d4a7c5788d6eb2e9ab4d3135cbae1c9161810fdf77a8964699?s=96&d=mm&r=g","contentUrl":"https:\/\/secure.gravatar.com\/avatar\/f70e7fa0cb9b29d4a7c5788d6eb2e9ab4d3135cbae1c9161810fdf77a8964699?s=96&d=mm&r=g","caption":"Vox Sahel"},"sameAs":["http:\/\/www.voxsahel.com"],"url":"https:\/\/voxsahel.com\/?author=2"}]}},"_links":{"self":[{"href":"https:\/\/voxsahel.com\/index.php?rest_route=\/wp\/v2\/posts\/1031","targetHints":{"allow":["GET"]}}],"collection":[{"href":"https:\/\/voxsahel.com\/index.php?rest_route=\/wp\/v2\/posts"}],"about":[{"href":"https:\/\/voxsahel.com\/index.php?rest_route=\/wp\/v2\/types\/post"}],"author":[{"embeddable":true,"href":"https:\/\/voxsahel.com\/index.php?rest_route=\/wp\/v2\/users\/2"}],"replies":[{"embeddable":true,"href":"https:\/\/voxsahel.com\/index.php?rest_route=%2Fwp%2Fv2%2Fcomments&post=1031"}],"version-history":[{"count":1,"href":"https:\/\/voxsahel.com\/index.php?rest_route=\/wp\/v2\/posts\/1031\/revisions"}],"predecessor-version":[{"id":1033,"href":"https:\/\/voxsahel.com\/index.php?rest_route=\/wp\/v2\/posts\/1031\/revisions\/1033"}],"wp:featuredmedia":[{"embeddable":true,"href":"https:\/\/voxsahel.com\/index.php?rest_route=\/wp\/v2\/media\/1032"}],"wp:attachment":[{"href":"https:\/\/voxsahel.com\/index.php?rest_route=%2Fwp%2Fv2%2Fmedia&parent=1031"}],"wp:term":[{"taxonomy":"category","embeddable":true,"href":"https:\/\/voxsahel.com\/index.php?rest_route=%2Fwp%2Fv2%2Fcategories&post=1031"},{"taxonomy":"post_tag","embeddable":true,"href":"https:\/\/voxsahel.com\/index.php?rest_route=%2Fwp%2Fv2%2Ftags&post=1031"}],"curies":[{"name":"wp","href":"https:\/\/api.w.org\/{rel}","templated":true}]}}