{"id":103,"date":"2024-09-12T12:02:17","date_gmt":"2024-09-12T12:02:17","guid":{"rendered":"https:\/\/voxsahel.com\/?p=103"},"modified":"2024-09-12T12:05:03","modified_gmt":"2024-09-12T12:05:03","slug":"burkina-faso-visite-du-ministre-detat-jean-emmanuel-ouedraogo-sur-le-site-du-projet-bigtogo-a-pabre","status":"publish","type":"post","link":"https:\/\/voxsahel.com\/?p=103","title":{"rendered":"Burkina Faso : Visite du ministre d&rsquo;Etat Jean Emmanuel Ouedraogo sur le site du \u00ab\u00a0Projet Bigtogo\u00a0\u00bb \u00e0 Pabr\u00e9"},"content":{"rendered":"<p>Le Ministre d&rsquo;\u00c9tat, Ministre de la Communication, de la Culture, des Arts et du Tourisme, Jean Emmanuel OUEDRAOGO, a effectu\u00e9 une visite de terrain ce mercredi sur le site de mise en \u0153uvre du \u00ab\u00a0Projet Bigtogo\u00a0\u00bb, situ\u00e9 dans la commune de Pabr\u00e9. Ce projet ambitieux pr\u00e9voit la construction d\u2019un complexe touristique et de loisirs, visant \u00e0 prot\u00e9ger et valoriser le patrimoine naturel et culturel de la r\u00e9gion.<\/p>\n<p><img loading=\"lazy\" decoding=\"async\" class=\"alignnone size-medium wp-image-104\" src=\"https:\/\/voxsahel.com\/wp-content\/uploads\/2024\/09\/IMG_7249-300x200.jpeg\" alt=\"\" width=\"300\" height=\"200\" srcset=\"https:\/\/voxsahel.com\/wp-content\/uploads\/2024\/09\/IMG_7249-300x200.jpeg 300w, https:\/\/voxsahel.com\/wp-content\/uploads\/2024\/09\/IMG_7249-1024x683.jpeg 1024w, https:\/\/voxsahel.com\/wp-content\/uploads\/2024\/09\/IMG_7249-768x512.jpeg 768w, https:\/\/voxsahel.com\/wp-content\/uploads\/2024\/09\/IMG_7249-1536x1024.jpeg 1536w, https:\/\/voxsahel.com\/wp-content\/uploads\/2024\/09\/IMG_7249-1080x720.jpeg 1080w, https:\/\/voxsahel.com\/wp-content\/uploads\/2024\/09\/IMG_7249-610x407.jpeg 610w, https:\/\/voxsahel.com\/wp-content\/uploads\/2024\/09\/IMG_7249.jpeg 2048w\" sizes=\"(max-width: 300px) 100vw, 300px\" \/><\/p>\n<p>D\u2019un co\u00fbt estim\u00e9 \u00e0 plus de 92 milliards de francs CFA, le \u00ab\u00a0Projet Bigtogo\u00a0\u00bb inclut la r\u00e9alisation d\u2019infrastructures modernes et des am\u00e9nagements destin\u00e9s \u00e0 accro\u00eetre l\u2019attractivit\u00e9 touristique de la localit\u00e9. Le but est de pr\u00e9server les sites culturels, tout en g\u00e9n\u00e9rant des emplois et des revenus durables pour les communaut\u00e9s locales.<\/p>\n<p>\u00ab Les d\u00e9marches administratives sont d\u00e9j\u00e0 bien avanc\u00e9es. Ce projet sera bient\u00f4t int\u00e9gr\u00e9 dans le circuit des partenariats public-priv\u00e9. Nous croyons fermement \u00e0 son potentiel pour prot\u00e9ger et valoriser notre patrimoine tout en offrant des retours \u00e9conomiques tangibles \u00bb, a d\u00e9clar\u00e9 le Ministre.<\/p>\n<p><img loading=\"lazy\" decoding=\"async\" class=\"alignnone size-medium wp-image-105\" src=\"https:\/\/voxsahel.com\/wp-content\/uploads\/2024\/09\/IMG_7248-300x200.jpeg\" alt=\"\" width=\"300\" height=\"200\" srcset=\"https:\/\/voxsahel.com\/wp-content\/uploads\/2024\/09\/IMG_7248-300x200.jpeg 300w, https:\/\/voxsahel.com\/wp-content\/uploads\/2024\/09\/IMG_7248-1024x683.jpeg 1024w, https:\/\/voxsahel.com\/wp-content\/uploads\/2024\/09\/IMG_7248-768x512.jpeg 768w, https:\/\/voxsahel.com\/wp-content\/uploads\/2024\/09\/IMG_7248-1536x1024.jpeg 1536w, https:\/\/voxsahel.com\/wp-content\/uploads\/2024\/09\/IMG_7248-1080x720.jpeg 1080w, https:\/\/voxsahel.com\/wp-content\/uploads\/2024\/09\/IMG_7248-610x407.jpeg 610w, https:\/\/voxsahel.com\/wp-content\/uploads\/2024\/09\/IMG_7248.jpeg 2048w\" sizes=\"(max-width: 300px) 100vw, 300px\" \/><\/p>\n<p>Le chef traditionnel de Bigtogo, Naaba Boulga, s\u2019est r\u00e9joui de cette visite. Il a r\u00e9affirm\u00e9 son engagement et celui de sa population \u00e0 prot\u00e9ger les vestiges historiques de la r\u00e9gion. Selon lui, ce projet permettra non seulement de maintenir les jeunes sur place, mais \u00e9galement d\u2019attirer des touristes internationaux, contribuant ainsi \u00e0 l\u2019\u00e9conomie locale.<\/p>\n<p>Le site renferme notamment un ancien lieu d\u2019extraction de minerais de fer et des s\u00e9pultures pr\u00e9historiques, t\u00e9moins d\u2019un riche pass\u00e9 historique.<\/p>\n<p style=\"text-align: right;\"><strong>Par Vox Sahel\u00a0<\/strong><\/p>\n","protected":false},"excerpt":{"rendered":"<p>Le Ministre d&rsquo;\u00c9tat, Ministre de la Communication, de la Culture, des Arts et du Tourisme,<\/p>\n","protected":false},"author":2,"featured_media":106,"comment_status":"open","ping_status":"open","sticky":false,"template":"","format":"standard","meta":{"_et_pb_use_builder":"","_et_pb_old_content":"","_et_gb_content_width":"","footnotes":""},"categories":[13],"tags":[],"class_list":["post-103","post","type-post","status-publish","format-standard","has-post-thumbnail","hentry","category-culture"],"yoast_head":"<!-- This site is optimized with the Yoast SEO plugin v27.5 - https:\/\/yoast.com\/product\/yoast-seo-wordpress\/ -->\n<title>Burkina Faso : Visite du ministre d&#039;Etat Jean Emmanuel Ouedraogo sur le site du &quot;Projet Bigtogo&quot; \u00e0 Pabr\u00e9 - Vox Sahel<\/title>\n<meta name=\"robots\" content=\"index, follow, max-snippet:-1, max-image-preview:large, max-video-preview:-1\" \/>\n<link rel=\"canonical\" href=\"https:\/\/voxsahel.com\/?p=103\" \/>\n<meta property=\"og:locale\" content=\"fr_FR\" \/>\n<meta property=\"og:type\" content=\"article\" \/>\n<meta property=\"og:title\" content=\"Burkina Faso : Visite du ministre d&#039;Etat Jean Emmanuel Ouedraogo sur le site du &quot;Projet Bigtogo&quot; \u00e0 Pabr\u00e9 - Vox Sahel\" \/>\n<meta property=\"og:description\" content=\"Le Ministre d&rsquo;\u00c9tat, Ministre de la Communication, de la Culture, des Arts et du Tourisme,\" \/>\n<meta property=\"og:url\" content=\"https:\/\/voxsahel.com\/?p=103\" \/>\n<meta property=\"og:site_name\" content=\"Vox Sahel\" \/>\n<meta property=\"article:publisher\" content=\"https:\/\/www.facebook.com\/journal.voxsahel\" \/>\n<meta property=\"article:published_time\" content=\"2024-09-12T12:02:17+00:00\" \/>\n<meta property=\"article:modified_time\" content=\"2024-09-12T12:05:03+00:00\" \/>\n<meta property=\"og:image\" content=\"https:\/\/voxsahel.com\/wp-content\/uploads\/2024\/09\/IMG_7244.jpeg\" \/>\n\t<meta property=\"og:image:width\" content=\"2048\" \/>\n\t<meta property=\"og:image:height\" content=\"1510\" \/>\n\t<meta property=\"og:image:type\" content=\"image\/jpeg\" \/>\n<meta name=\"author\" content=\"Vox Sahel\" \/>\n<meta name=\"twitter:card\" content=\"summary_large_image\" \/>\n<meta name=\"twitter:label1\" content=\"\u00c9crit par\" \/>\n\t<meta name=\"twitter:data1\" content=\"Vox Sahel\" \/>\n\t<meta name=\"twitter:label2\" content=\"Dur\u00e9e de lecture estim\u00e9e\" \/>\n\t<meta name=\"twitter:data2\" content=\"2 minutes\" \/>\n<script type=\"application\/ld+json\" class=\"yoast-schema-graph\">{\"@context\":\"https:\\\/\\\/schema.org\",\"@graph\":[{\"@type\":\"Article\",\"@id\":\"https:\\\/\\\/voxsahel.com\\\/?p=103#article\",\"isPartOf\":{\"@id\":\"https:\\\/\\\/voxsahel.com\\\/?p=103\"},\"author\":{\"name\":\"Vox Sahel\",\"@id\":\"https:\\\/\\\/voxsahel.com\\\/#\\\/schema\\\/person\\\/b4043608248f8fa227cd760e7ff1e19e\"},\"headline\":\"Burkina Faso : Visite du ministre d&rsquo;Etat Jean Emmanuel Ouedraogo sur le site du \u00ab\u00a0Projet Bigtogo\u00a0\u00bb \u00e0 Pabr\u00e9\",\"datePublished\":\"2024-09-12T12:02:17+00:00\",\"dateModified\":\"2024-09-12T12:05:03+00:00\",\"mainEntityOfPage\":{\"@id\":\"https:\\\/\\\/voxsahel.com\\\/?p=103\"},\"wordCount\":283,\"commentCount\":0,\"publisher\":{\"@id\":\"https:\\\/\\\/voxsahel.com\\\/#organization\"},\"image\":{\"@id\":\"https:\\\/\\\/voxsahel.com\\\/?p=103#primaryimage\"},\"thumbnailUrl\":\"https:\\\/\\\/voxsahel.com\\\/wp-content\\\/uploads\\\/2024\\\/09\\\/IMG_7244.jpeg\",\"articleSection\":[\"CULTURE\"],\"inLanguage\":\"fr-FR\",\"potentialAction\":[{\"@type\":\"CommentAction\",\"name\":\"Comment\",\"target\":[\"https:\\\/\\\/voxsahel.com\\\/?p=103#respond\"]}]},{\"@type\":\"WebPage\",\"@id\":\"https:\\\/\\\/voxsahel.com\\\/?p=103\",\"url\":\"https:\\\/\\\/voxsahel.com\\\/?p=103\",\"name\":\"Burkina Faso : Visite du ministre d'Etat Jean Emmanuel Ouedraogo sur le site du \\\"Projet Bigtogo\\\" \u00e0 Pabr\u00e9 - Vox Sahel\",\"isPartOf\":{\"@id\":\"https:\\\/\\\/voxsahel.com\\\/#website\"},\"primaryImageOfPage\":{\"@id\":\"https:\\\/\\\/voxsahel.com\\\/?p=103#primaryimage\"},\"image\":{\"@id\":\"https:\\\/\\\/voxsahel.com\\\/?p=103#primaryimage\"},\"thumbnailUrl\":\"https:\\\/\\\/voxsahel.com\\\/wp-content\\\/uploads\\\/2024\\\/09\\\/IMG_7244.jpeg\",\"datePublished\":\"2024-09-12T12:02:17+00:00\",\"dateModified\":\"2024-09-12T12:05:03+00:00\",\"breadcrumb\":{\"@id\":\"https:\\\/\\\/voxsahel.com\\\/?p=103#breadcrumb\"},\"inLanguage\":\"fr-FR\",\"potentialAction\":[{\"@type\":\"ReadAction\",\"target\":[\"https:\\\/\\\/voxsahel.com\\\/?p=103\"]}]},{\"@type\":\"ImageObject\",\"inLanguage\":\"fr-FR\",\"@id\":\"https:\\\/\\\/voxsahel.com\\\/?p=103#primaryimage\",\"url\":\"https:\\\/\\\/voxsahel.com\\\/wp-content\\\/uploads\\\/2024\\\/09\\\/IMG_7244.jpeg\",\"contentUrl\":\"https:\\\/\\\/voxsahel.com\\\/wp-content\\\/uploads\\\/2024\\\/09\\\/IMG_7244.jpeg\",\"width\":2048,\"height\":1510},{\"@type\":\"BreadcrumbList\",\"@id\":\"https:\\\/\\\/voxsahel.com\\\/?p=103#breadcrumb\",\"itemListElement\":[{\"@type\":\"ListItem\",\"position\":1,\"name\":\"Home\",\"item\":\"https:\\\/\\\/voxsahel.com\\\/\"},{\"@type\":\"ListItem\",\"position\":2,\"name\":\"Burkina Faso : Visite du ministre d&rsquo;Etat Jean Emmanuel Ouedraogo sur le site du \u00ab\u00a0Projet Bigtogo\u00a0\u00bb \u00e0 Pabr\u00e9\"}]},{\"@type\":\"WebSite\",\"@id\":\"https:\\\/\\\/voxsahel.com\\\/#website\",\"url\":\"https:\\\/\\\/voxsahel.com\\\/\",\"name\":\"Vox Sahel\",\"description\":\"Informez-vous sur le Sahel en un clic\",\"publisher\":{\"@id\":\"https:\\\/\\\/voxsahel.com\\\/#organization\"},\"potentialAction\":[{\"@type\":\"SearchAction\",\"target\":{\"@type\":\"EntryPoint\",\"urlTemplate\":\"https:\\\/\\\/voxsahel.com\\\/?s={search_term_string}\"},\"query-input\":{\"@type\":\"PropertyValueSpecification\",\"valueRequired\":true,\"valueName\":\"search_term_string\"}}],\"inLanguage\":\"fr-FR\"},{\"@type\":\"Organization\",\"@id\":\"https:\\\/\\\/voxsahel.com\\\/#organization\",\"name\":\"Vox Sahel\",\"url\":\"https:\\\/\\\/voxsahel.com\\\/\",\"logo\":{\"@type\":\"ImageObject\",\"inLanguage\":\"fr-FR\",\"@id\":\"https:\\\/\\\/voxsahel.com\\\/#\\\/schema\\\/logo\\\/image\\\/\",\"url\":\"https:\\\/\\\/voxsahel.com\\\/wp-content\\\/uploads\\\/2024\\\/09\\\/Logo-Vox-Sahel.jpg\",\"contentUrl\":\"https:\\\/\\\/voxsahel.com\\\/wp-content\\\/uploads\\\/2024\\\/09\\\/Logo-Vox-Sahel.jpg\",\"width\":1181,\"height\":848,\"caption\":\"Vox Sahel\"},\"image\":{\"@id\":\"https:\\\/\\\/voxsahel.com\\\/#\\\/schema\\\/logo\\\/image\\\/\"},\"sameAs\":[\"https:\\\/\\\/www.facebook.com\\\/journal.voxsahel\"]},{\"@type\":\"Person\",\"@id\":\"https:\\\/\\\/voxsahel.com\\\/#\\\/schema\\\/person\\\/b4043608248f8fa227cd760e7ff1e19e\",\"name\":\"Vox Sahel\",\"image\":{\"@type\":\"ImageObject\",\"inLanguage\":\"fr-FR\",\"@id\":\"https:\\\/\\\/secure.gravatar.com\\\/avatar\\\/f70e7fa0cb9b29d4a7c5788d6eb2e9ab4d3135cbae1c9161810fdf77a8964699?s=96&d=mm&r=g\",\"url\":\"https:\\\/\\\/secure.gravatar.com\\\/avatar\\\/f70e7fa0cb9b29d4a7c5788d6eb2e9ab4d3135cbae1c9161810fdf77a8964699?s=96&d=mm&r=g\",\"contentUrl\":\"https:\\\/\\\/secure.gravatar.com\\\/avatar\\\/f70e7fa0cb9b29d4a7c5788d6eb2e9ab4d3135cbae1c9161810fdf77a8964699?s=96&d=mm&r=g\",\"caption\":\"Vox Sahel\"},\"sameAs\":[\"http:\\\/\\\/www.voxsahel.com\"],\"url\":\"https:\\\/\\\/voxsahel.com\\\/?author=2\"}]}<\/script>\n<!-- \/ Yoast SEO plugin. -->","yoast_head_json":{"title":"Burkina Faso : Visite du ministre d'Etat Jean Emmanuel Ouedraogo sur le site du \"Projet Bigtogo\" \u00e0 Pabr\u00e9 - Vox Sahel","robots":{"index":"index","follow":"follow","max-snippet":"max-snippet:-1","max-image-preview":"max-image-preview:large","max-video-preview":"max-video-preview:-1"},"canonical":"https:\/\/voxsahel.com\/?p=103","og_locale":"fr_FR","og_type":"article","og_title":"Burkina Faso : Visite du ministre d'Etat Jean Emmanuel Ouedraogo sur le site du \"Projet Bigtogo\" \u00e0 Pabr\u00e9 - Vox Sahel","og_description":"Le Ministre d&rsquo;\u00c9tat, Ministre de la Communication, de la Culture, des Arts et du Tourisme,","og_url":"https:\/\/voxsahel.com\/?p=103","og_site_name":"Vox Sahel","article_publisher":"https:\/\/www.facebook.com\/journal.voxsahel","article_published_time":"2024-09-12T12:02:17+00:00","article_modified_time":"2024-09-12T12:05:03+00:00","og_image":[{"width":2048,"height":1510,"url":"https:\/\/voxsahel.com\/wp-content\/uploads\/2024\/09\/IMG_7244.jpeg","type":"image\/jpeg"}],"author":"Vox Sahel","twitter_card":"summary_large_image","twitter_misc":{"\u00c9crit par":"Vox Sahel","Dur\u00e9e de lecture estim\u00e9e":"2 minutes"},"schema":{"@context":"https:\/\/schema.org","@graph":[{"@type":"Article","@id":"https:\/\/voxsahel.com\/?p=103#article","isPartOf":{"@id":"https:\/\/voxsahel.com\/?p=103"},"author":{"name":"Vox Sahel","@id":"https:\/\/voxsahel.com\/#\/schema\/person\/b4043608248f8fa227cd760e7ff1e19e"},"headline":"Burkina Faso : Visite du ministre d&rsquo;Etat Jean Emmanuel Ouedraogo sur le site du \u00ab\u00a0Projet Bigtogo\u00a0\u00bb \u00e0 Pabr\u00e9","datePublished":"2024-09-12T12:02:17+00:00","dateModified":"2024-09-12T12:05:03+00:00","mainEntityOfPage":{"@id":"https:\/\/voxsahel.com\/?p=103"},"wordCount":283,"commentCount":0,"publisher":{"@id":"https:\/\/voxsahel.com\/#organization"},"image":{"@id":"https:\/\/voxsahel.com\/?p=103#primaryimage"},"thumbnailUrl":"https:\/\/voxsahel.com\/wp-content\/uploads\/2024\/09\/IMG_7244.jpeg","articleSection":["CULTURE"],"inLanguage":"fr-FR","potentialAction":[{"@type":"CommentAction","name":"Comment","target":["https:\/\/voxsahel.com\/?p=103#respond"]}]},{"@type":"WebPage","@id":"https:\/\/voxsahel.com\/?p=103","url":"https:\/\/voxsahel.com\/?p=103","name":"Burkina Faso : Visite du ministre d'Etat Jean Emmanuel Ouedraogo sur le site du \"Projet Bigtogo\" \u00e0 Pabr\u00e9 - Vox Sahel","isPartOf":{"@id":"https:\/\/voxsahel.com\/#website"},"primaryImageOfPage":{"@id":"https:\/\/voxsahel.com\/?p=103#primaryimage"},"image":{"@id":"https:\/\/voxsahel.com\/?p=103#primaryimage"},"thumbnailUrl":"https:\/\/voxsahel.com\/wp-content\/uploads\/2024\/09\/IMG_7244.jpeg","datePublished":"2024-09-12T12:02:17+00:00","dateModified":"2024-09-12T12:05:03+00:00","breadcrumb":{"@id":"https:\/\/voxsahel.com\/?p=103#breadcrumb"},"inLanguage":"fr-FR","potentialAction":[{"@type":"ReadAction","target":["https:\/\/voxsahel.com\/?p=103"]}]},{"@type":"ImageObject","inLanguage":"fr-FR","@id":"https:\/\/voxsahel.com\/?p=103#primaryimage","url":"https:\/\/voxsahel.com\/wp-content\/uploads\/2024\/09\/IMG_7244.jpeg","contentUrl":"https:\/\/voxsahel.com\/wp-content\/uploads\/2024\/09\/IMG_7244.jpeg","width":2048,"height":1510},{"@type":"BreadcrumbList","@id":"https:\/\/voxsahel.com\/?p=103#breadcrumb","itemListElement":[{"@type":"ListItem","position":1,"name":"Home","item":"https:\/\/voxsahel.com\/"},{"@type":"ListItem","position":2,"name":"Burkina Faso : Visite du ministre d&rsquo;Etat Jean Emmanuel Ouedraogo sur le site du \u00ab\u00a0Projet Bigtogo\u00a0\u00bb \u00e0 Pabr\u00e9"}]},{"@type":"WebSite","@id":"https:\/\/voxsahel.com\/#website","url":"https:\/\/voxsahel.com\/","name":"Vox Sahel","description":"Informez-vous sur le Sahel en un clic","publisher":{"@id":"https:\/\/voxsahel.com\/#organization"},"potentialAction":[{"@type":"SearchAction","target":{"@type":"EntryPoint","urlTemplate":"https:\/\/voxsahel.com\/?s={search_term_string}"},"query-input":{"@type":"PropertyValueSpecification","valueRequired":true,"valueName":"search_term_string"}}],"inLanguage":"fr-FR"},{"@type":"Organization","@id":"https:\/\/voxsahel.com\/#organization","name":"Vox Sahel","url":"https:\/\/voxsahel.com\/","logo":{"@type":"ImageObject","inLanguage":"fr-FR","@id":"https:\/\/voxsahel.com\/#\/schema\/logo\/image\/","url":"https:\/\/voxsahel.com\/wp-content\/uploads\/2024\/09\/Logo-Vox-Sahel.jpg","contentUrl":"https:\/\/voxsahel.com\/wp-content\/uploads\/2024\/09\/Logo-Vox-Sahel.jpg","width":1181,"height":848,"caption":"Vox Sahel"},"image":{"@id":"https:\/\/voxsahel.com\/#\/schema\/logo\/image\/"},"sameAs":["https:\/\/www.facebook.com\/journal.voxsahel"]},{"@type":"Person","@id":"https:\/\/voxsahel.com\/#\/schema\/person\/b4043608248f8fa227cd760e7ff1e19e","name":"Vox Sahel","image":{"@type":"ImageObject","inLanguage":"fr-FR","@id":"https:\/\/secure.gravatar.com\/avatar\/f70e7fa0cb9b29d4a7c5788d6eb2e9ab4d3135cbae1c9161810fdf77a8964699?s=96&d=mm&r=g","url":"https:\/\/secure.gravatar.com\/avatar\/f70e7fa0cb9b29d4a7c5788d6eb2e9ab4d3135cbae1c9161810fdf77a8964699?s=96&d=mm&r=g","contentUrl":"https:\/\/secure.gravatar.com\/avatar\/f70e7fa0cb9b29d4a7c5788d6eb2e9ab4d3135cbae1c9161810fdf77a8964699?s=96&d=mm&r=g","caption":"Vox Sahel"},"sameAs":["http:\/\/www.voxsahel.com"],"url":"https:\/\/voxsahel.com\/?author=2"}]}},"_links":{"self":[{"href":"https:\/\/voxsahel.com\/index.php?rest_route=\/wp\/v2\/posts\/103","targetHints":{"allow":["GET"]}}],"collection":[{"href":"https:\/\/voxsahel.com\/index.php?rest_route=\/wp\/v2\/posts"}],"about":[{"href":"https:\/\/voxsahel.com\/index.php?rest_route=\/wp\/v2\/types\/post"}],"author":[{"embeddable":true,"href":"https:\/\/voxsahel.com\/index.php?rest_route=\/wp\/v2\/users\/2"}],"replies":[{"embeddable":true,"href":"https:\/\/voxsahel.com\/index.php?rest_route=%2Fwp%2Fv2%2Fcomments&post=103"}],"version-history":[{"count":1,"href":"https:\/\/voxsahel.com\/index.php?rest_route=\/wp\/v2\/posts\/103\/revisions"}],"predecessor-version":[{"id":107,"href":"https:\/\/voxsahel.com\/index.php?rest_route=\/wp\/v2\/posts\/103\/revisions\/107"}],"wp:featuredmedia":[{"embeddable":true,"href":"https:\/\/voxsahel.com\/index.php?rest_route=\/wp\/v2\/media\/106"}],"wp:attachment":[{"href":"https:\/\/voxsahel.com\/index.php?rest_route=%2Fwp%2Fv2%2Fmedia&parent=103"}],"wp:term":[{"taxonomy":"category","embeddable":true,"href":"https:\/\/voxsahel.com\/index.php?rest_route=%2Fwp%2Fv2%2Fcategories&post=103"},{"taxonomy":"post_tag","embeddable":true,"href":"https:\/\/voxsahel.com\/index.php?rest_route=%2Fwp%2Fv2%2Ftags&post=103"}],"curies":[{"name":"wp","href":"https:\/\/api.w.org\/{rel}","templated":true}]}}