{"id":1028,"date":"2024-12-14T20:14:33","date_gmt":"2024-12-14T20:14:33","guid":{"rendered":"https:\/\/voxsahel.com\/?p=1028"},"modified":"2024-12-14T20:14:33","modified_gmt":"2024-12-14T20:14:33","slug":"burkina-faso-plus-de-2-500-ecoles-rouvertes-grace-aux-efforts-conjugues-contre-linsecurite","status":"publish","type":"post","link":"https:\/\/voxsahel.com\/?p=1028","title":{"rendered":"Burkina Faso : Plus de 2 500 \u00e9coles rouvertes gr\u00e2ce aux efforts conjugu\u00e9s contre l&rsquo;ins\u00e9curit\u00e9"},"content":{"rendered":"<p class=\"p1\"><span class=\"s1\">Dans l&rsquo;espace de deux ans, le Burkina Faso a enregistr\u00e9 un tournant d\u00e9cisif dans la lutte contre l&rsquo;ins\u00e9curit\u00e9 et ses effets d\u00e9vastateurs sur le syst\u00e8me \u00e9ducatif. Gr\u00e2ce aux efforts conjugu\u00e9s des Forces de d\u00e9fense et de s\u00e9curit\u00e9 (FDS), des Volontaires pour la D\u00e9fense de la Patrie (VDP), et de la mobilisation des acteurs \u00e9ducatifs, plus de 2 500 \u00e9coles pr\u00e9scolaires et primaires ont rouvert leurs portes, permettant \u00e0 pr\u00e8s de 490 000 \u00e9l\u00e8ves de retrouver les bancs de l&rsquo;\u00e9cole, selon l\u2019Agence d\u2019informations du Burkina. <\/span><\/p>\n<p class=\"p1\"><span class=\"s1\">Les actions de s\u00e9curisation intensifi\u00e9es par les forces combattantes, sous la direction du pr\u00e9sident du Faso, le capitaine Ibrahim Traor\u00e9, ont permis de r\u00e9duire significativement le nombre d&rsquo;\u00e9coles ferm\u00e9es en raison de l&rsquo;ins\u00e9curit\u00e9. \u00c0 ce jour, les r\u00e9gions de la Boucle du Mouhoun, du Centre-Ouest et du Nord enregistrent les avanc\u00e9es les plus significatives, avec respectivement 438, 363, et 362 \u00e9coles rouvertes.<\/span><\/p>\n<p class=\"p1\"><span class=\"s1\">La r\u00e9gion du Centre-Sud se distingue particuli\u00e8rement : depuis le d\u00e9but de l&rsquo;ann\u00e9e scolaire 2024-2025, aucune \u00e9cole n&rsquo;y est ferm\u00e9e pour des raisons s\u00e9curitaires, un progr\u00e8s majeur compar\u00e9 \u00e0 la situation de mai 2024 o\u00f9 25 \u00e9coles \u00e9taient encore inactives .<\/span><\/p>\n<p class=\"p1\"><span class=\"s1\">Cette reprise a permis la scolarisation ou la rescolarisation de 489 477 \u00e9l\u00e8ves, dont 242 927 filles. Ces chiffres traduisent non seulement la d\u00e9termination des autorit\u00e9s mais aussi la r\u00e9silience des populations et du personnel \u00e9ducatif face aux d\u00e9fis de l&rsquo;ins\u00e9curit\u00e9.<\/span><\/p>\n<p class=\"p1\"><span class=\"s1\">\u00ab\u00a0Cette r\u00e9ussite est un pas important vers la normalisation de la vie dans les zones affect\u00e9es par les conflits. Nous poursuivons les efforts pour garantir un acc\u00e8s durable \u00e0 l&rsquo;\u00e9ducation pour tous les enfants\u00a0\u00bb, a d\u00e9clar\u00e9 un responsable du minist\u00e8re de l&rsquo;\u00c9ducation. nationale.<\/span><\/p>\n<p class=\"p1\"><span class=\"s1\">Avec le soutien continu des FDS, des VDP et des communaut\u00e9s locales, le gouvernement burkinab\u00e9 entend poursuivre les op\u00e9rations de s\u00e9curisation et la r\u00e9installation des villages, esp\u00e9rant rouvrir davantage d&rsquo;\u00e9coles dans les semaines \u00e0 venir.<\/span><\/p>\n<p class=\"p1\"><span class=\"s1\">Ce regain d&rsquo;espoir d\u00e9montre que l&rsquo;\u00e9ducation reste une priorit\u00e9 nationale, m\u00eame dans les circonstances les plus difficiles. Il illustre \u00e9galement la r\u00e9silience d&rsquo;un peuple d\u00e9termin\u00e9 \u00e0 offrir un avenir meilleur \u00e0 ses enfants malgr\u00e9 les d\u00e9fis s\u00e9curitaires.\u00a0<\/span><\/p>\n<p class=\"p1\" style=\"text-align: right;\"><span class=\"s1\"><b>Par Vox Sahel <\/b><\/span><\/p>\n","protected":false},"excerpt":{"rendered":"<p>Dans l&rsquo;espace de deux ans, le Burkina Faso a enregistr\u00e9 un tournant d\u00e9cisif dans la<\/p>\n","protected":false},"author":2,"featured_media":1029,"comment_status":"open","ping_status":"open","sticky":false,"template":"","format":"standard","meta":{"_et_pb_use_builder":"","_et_pb_old_content":"","_et_gb_content_width":"","footnotes":""},"categories":[9],"tags":[18,54,180,182,20],"class_list":["post-1028","post","type-post","status-publish","format-standard","has-post-thumbnail","hentry","category-education","tag-burkina-faso","tag-education","tag-fds","tag-forces-de-defense-et-de-securite","tag-terrorisme"],"yoast_head":"<!-- This site is optimized with the Yoast SEO plugin v27.5 - https:\/\/yoast.com\/product\/yoast-seo-wordpress\/ -->\n<title>Burkina Faso : Plus de 2 500 \u00e9coles rouvertes gr\u00e2ce aux efforts conjugu\u00e9s contre l&#039;ins\u00e9curit\u00e9 - Vox Sahel<\/title>\n<meta name=\"robots\" content=\"index, follow, max-snippet:-1, max-image-preview:large, max-video-preview:-1\" \/>\n<link rel=\"canonical\" href=\"https:\/\/voxsahel.com\/?p=1028\" \/>\n<meta property=\"og:locale\" content=\"fr_FR\" \/>\n<meta property=\"og:type\" content=\"article\" \/>\n<meta property=\"og:title\" content=\"Burkina Faso : Plus de 2 500 \u00e9coles rouvertes gr\u00e2ce aux efforts conjugu\u00e9s contre l&#039;ins\u00e9curit\u00e9 - Vox Sahel\" \/>\n<meta property=\"og:description\" content=\"Dans l&rsquo;espace de deux ans, le Burkina Faso a enregistr\u00e9 un tournant d\u00e9cisif dans la\" \/>\n<meta property=\"og:url\" content=\"https:\/\/voxsahel.com\/?p=1028\" \/>\n<meta property=\"og:site_name\" content=\"Vox Sahel\" \/>\n<meta property=\"article:publisher\" content=\"https:\/\/www.facebook.com\/journal.voxsahel\" \/>\n<meta property=\"article:published_time\" content=\"2024-12-14T20:14:33+00:00\" \/>\n<meta property=\"og:image\" content=\"https:\/\/voxsahel.com\/wp-content\/uploads\/2024\/12\/IMG_1700.jpeg\" \/>\n\t<meta property=\"og:image:width\" content=\"696\" \/>\n\t<meta property=\"og:image:height\" content=\"313\" \/>\n\t<meta property=\"og:image:type\" content=\"image\/jpeg\" \/>\n<meta name=\"author\" content=\"Vox Sahel\" \/>\n<meta name=\"twitter:card\" content=\"summary_large_image\" \/>\n<meta name=\"twitter:label1\" content=\"\u00c9crit par\" \/>\n\t<meta name=\"twitter:data1\" content=\"Vox Sahel\" \/>\n\t<meta name=\"twitter:label2\" content=\"Dur\u00e9e de lecture estim\u00e9e\" \/>\n\t<meta name=\"twitter:data2\" content=\"2 minutes\" \/>\n<script type=\"application\/ld+json\" class=\"yoast-schema-graph\">{\"@context\":\"https:\\\/\\\/schema.org\",\"@graph\":[{\"@type\":\"Article\",\"@id\":\"https:\\\/\\\/voxsahel.com\\\/?p=1028#article\",\"isPartOf\":{\"@id\":\"https:\\\/\\\/voxsahel.com\\\/?p=1028\"},\"author\":{\"name\":\"Vox Sahel\",\"@id\":\"https:\\\/\\\/voxsahel.com\\\/#\\\/schema\\\/person\\\/b4043608248f8fa227cd760e7ff1e19e\"},\"headline\":\"Burkina Faso : Plus de 2 500 \u00e9coles rouvertes gr\u00e2ce aux efforts conjugu\u00e9s contre l&rsquo;ins\u00e9curit\u00e9\",\"datePublished\":\"2024-12-14T20:14:33+00:00\",\"mainEntityOfPage\":{\"@id\":\"https:\\\/\\\/voxsahel.com\\\/?p=1028\"},\"wordCount\":405,\"commentCount\":0,\"publisher\":{\"@id\":\"https:\\\/\\\/voxsahel.com\\\/#organization\"},\"image\":{\"@id\":\"https:\\\/\\\/voxsahel.com\\\/?p=1028#primaryimage\"},\"thumbnailUrl\":\"https:\\\/\\\/voxsahel.com\\\/wp-content\\\/uploads\\\/2024\\\/12\\\/IMG_1700.jpeg\",\"keywords\":[\"Burkina Faso\",\"Education\",\"FDS\",\"Forces de d\u00e9fense et de s\u00e9curit\u00e9\",\"Terrorisme\"],\"articleSection\":[\"EDUCATION\"],\"inLanguage\":\"fr-FR\",\"potentialAction\":[{\"@type\":\"CommentAction\",\"name\":\"Comment\",\"target\":[\"https:\\\/\\\/voxsahel.com\\\/?p=1028#respond\"]}]},{\"@type\":\"WebPage\",\"@id\":\"https:\\\/\\\/voxsahel.com\\\/?p=1028\",\"url\":\"https:\\\/\\\/voxsahel.com\\\/?p=1028\",\"name\":\"Burkina Faso : Plus de 2 500 \u00e9coles rouvertes gr\u00e2ce aux efforts conjugu\u00e9s contre l'ins\u00e9curit\u00e9 - Vox Sahel\",\"isPartOf\":{\"@id\":\"https:\\\/\\\/voxsahel.com\\\/#website\"},\"primaryImageOfPage\":{\"@id\":\"https:\\\/\\\/voxsahel.com\\\/?p=1028#primaryimage\"},\"image\":{\"@id\":\"https:\\\/\\\/voxsahel.com\\\/?p=1028#primaryimage\"},\"thumbnailUrl\":\"https:\\\/\\\/voxsahel.com\\\/wp-content\\\/uploads\\\/2024\\\/12\\\/IMG_1700.jpeg\",\"datePublished\":\"2024-12-14T20:14:33+00:00\",\"breadcrumb\":{\"@id\":\"https:\\\/\\\/voxsahel.com\\\/?p=1028#breadcrumb\"},\"inLanguage\":\"fr-FR\",\"potentialAction\":[{\"@type\":\"ReadAction\",\"target\":[\"https:\\\/\\\/voxsahel.com\\\/?p=1028\"]}]},{\"@type\":\"ImageObject\",\"inLanguage\":\"fr-FR\",\"@id\":\"https:\\\/\\\/voxsahel.com\\\/?p=1028#primaryimage\",\"url\":\"https:\\\/\\\/voxsahel.com\\\/wp-content\\\/uploads\\\/2024\\\/12\\\/IMG_1700.jpeg\",\"contentUrl\":\"https:\\\/\\\/voxsahel.com\\\/wp-content\\\/uploads\\\/2024\\\/12\\\/IMG_1700.jpeg\",\"width\":696,\"height\":313},{\"@type\":\"BreadcrumbList\",\"@id\":\"https:\\\/\\\/voxsahel.com\\\/?p=1028#breadcrumb\",\"itemListElement\":[{\"@type\":\"ListItem\",\"position\":1,\"name\":\"Home\",\"item\":\"https:\\\/\\\/voxsahel.com\\\/\"},{\"@type\":\"ListItem\",\"position\":2,\"name\":\"Burkina Faso : Plus de 2 500 \u00e9coles rouvertes gr\u00e2ce aux efforts conjugu\u00e9s contre l&rsquo;ins\u00e9curit\u00e9\"}]},{\"@type\":\"WebSite\",\"@id\":\"https:\\\/\\\/voxsahel.com\\\/#website\",\"url\":\"https:\\\/\\\/voxsahel.com\\\/\",\"name\":\"Vox Sahel\",\"description\":\"Informez-vous sur le Sahel en un clic\",\"publisher\":{\"@id\":\"https:\\\/\\\/voxsahel.com\\\/#organization\"},\"potentialAction\":[{\"@type\":\"SearchAction\",\"target\":{\"@type\":\"EntryPoint\",\"urlTemplate\":\"https:\\\/\\\/voxsahel.com\\\/?s={search_term_string}\"},\"query-input\":{\"@type\":\"PropertyValueSpecification\",\"valueRequired\":true,\"valueName\":\"search_term_string\"}}],\"inLanguage\":\"fr-FR\"},{\"@type\":\"Organization\",\"@id\":\"https:\\\/\\\/voxsahel.com\\\/#organization\",\"name\":\"Vox Sahel\",\"url\":\"https:\\\/\\\/voxsahel.com\\\/\",\"logo\":{\"@type\":\"ImageObject\",\"inLanguage\":\"fr-FR\",\"@id\":\"https:\\\/\\\/voxsahel.com\\\/#\\\/schema\\\/logo\\\/image\\\/\",\"url\":\"https:\\\/\\\/voxsahel.com\\\/wp-content\\\/uploads\\\/2024\\\/09\\\/Logo-Vox-Sahel.jpg\",\"contentUrl\":\"https:\\\/\\\/voxsahel.com\\\/wp-content\\\/uploads\\\/2024\\\/09\\\/Logo-Vox-Sahel.jpg\",\"width\":1181,\"height\":848,\"caption\":\"Vox Sahel\"},\"image\":{\"@id\":\"https:\\\/\\\/voxsahel.com\\\/#\\\/schema\\\/logo\\\/image\\\/\"},\"sameAs\":[\"https:\\\/\\\/www.facebook.com\\\/journal.voxsahel\"]},{\"@type\":\"Person\",\"@id\":\"https:\\\/\\\/voxsahel.com\\\/#\\\/schema\\\/person\\\/b4043608248f8fa227cd760e7ff1e19e\",\"name\":\"Vox Sahel\",\"image\":{\"@type\":\"ImageObject\",\"inLanguage\":\"fr-FR\",\"@id\":\"https:\\\/\\\/secure.gravatar.com\\\/avatar\\\/f70e7fa0cb9b29d4a7c5788d6eb2e9ab4d3135cbae1c9161810fdf77a8964699?s=96&d=mm&r=g\",\"url\":\"https:\\\/\\\/secure.gravatar.com\\\/avatar\\\/f70e7fa0cb9b29d4a7c5788d6eb2e9ab4d3135cbae1c9161810fdf77a8964699?s=96&d=mm&r=g\",\"contentUrl\":\"https:\\\/\\\/secure.gravatar.com\\\/avatar\\\/f70e7fa0cb9b29d4a7c5788d6eb2e9ab4d3135cbae1c9161810fdf77a8964699?s=96&d=mm&r=g\",\"caption\":\"Vox Sahel\"},\"sameAs\":[\"http:\\\/\\\/www.voxsahel.com\"],\"url\":\"https:\\\/\\\/voxsahel.com\\\/?author=2\"}]}<\/script>\n<!-- \/ Yoast SEO plugin. -->","yoast_head_json":{"title":"Burkina Faso : Plus de 2 500 \u00e9coles rouvertes gr\u00e2ce aux efforts conjugu\u00e9s contre l'ins\u00e9curit\u00e9 - Vox Sahel","robots":{"index":"index","follow":"follow","max-snippet":"max-snippet:-1","max-image-preview":"max-image-preview:large","max-video-preview":"max-video-preview:-1"},"canonical":"https:\/\/voxsahel.com\/?p=1028","og_locale":"fr_FR","og_type":"article","og_title":"Burkina Faso : Plus de 2 500 \u00e9coles rouvertes gr\u00e2ce aux efforts conjugu\u00e9s contre l'ins\u00e9curit\u00e9 - Vox Sahel","og_description":"Dans l&rsquo;espace de deux ans, le Burkina Faso a enregistr\u00e9 un tournant d\u00e9cisif dans la","og_url":"https:\/\/voxsahel.com\/?p=1028","og_site_name":"Vox Sahel","article_publisher":"https:\/\/www.facebook.com\/journal.voxsahel","article_published_time":"2024-12-14T20:14:33+00:00","og_image":[{"width":696,"height":313,"url":"https:\/\/voxsahel.com\/wp-content\/uploads\/2024\/12\/IMG_1700.jpeg","type":"image\/jpeg"}],"author":"Vox Sahel","twitter_card":"summary_large_image","twitter_misc":{"\u00c9crit par":"Vox Sahel","Dur\u00e9e de lecture estim\u00e9e":"2 minutes"},"schema":{"@context":"https:\/\/schema.org","@graph":[{"@type":"Article","@id":"https:\/\/voxsahel.com\/?p=1028#article","isPartOf":{"@id":"https:\/\/voxsahel.com\/?p=1028"},"author":{"name":"Vox Sahel","@id":"https:\/\/voxsahel.com\/#\/schema\/person\/b4043608248f8fa227cd760e7ff1e19e"},"headline":"Burkina Faso : Plus de 2 500 \u00e9coles rouvertes gr\u00e2ce aux efforts conjugu\u00e9s contre l&rsquo;ins\u00e9curit\u00e9","datePublished":"2024-12-14T20:14:33+00:00","mainEntityOfPage":{"@id":"https:\/\/voxsahel.com\/?p=1028"},"wordCount":405,"commentCount":0,"publisher":{"@id":"https:\/\/voxsahel.com\/#organization"},"image":{"@id":"https:\/\/voxsahel.com\/?p=1028#primaryimage"},"thumbnailUrl":"https:\/\/voxsahel.com\/wp-content\/uploads\/2024\/12\/IMG_1700.jpeg","keywords":["Burkina Faso","Education","FDS","Forces de d\u00e9fense et de s\u00e9curit\u00e9","Terrorisme"],"articleSection":["EDUCATION"],"inLanguage":"fr-FR","potentialAction":[{"@type":"CommentAction","name":"Comment","target":["https:\/\/voxsahel.com\/?p=1028#respond"]}]},{"@type":"WebPage","@id":"https:\/\/voxsahel.com\/?p=1028","url":"https:\/\/voxsahel.com\/?p=1028","name":"Burkina Faso : Plus de 2 500 \u00e9coles rouvertes gr\u00e2ce aux efforts conjugu\u00e9s contre l'ins\u00e9curit\u00e9 - Vox Sahel","isPartOf":{"@id":"https:\/\/voxsahel.com\/#website"},"primaryImageOfPage":{"@id":"https:\/\/voxsahel.com\/?p=1028#primaryimage"},"image":{"@id":"https:\/\/voxsahel.com\/?p=1028#primaryimage"},"thumbnailUrl":"https:\/\/voxsahel.com\/wp-content\/uploads\/2024\/12\/IMG_1700.jpeg","datePublished":"2024-12-14T20:14:33+00:00","breadcrumb":{"@id":"https:\/\/voxsahel.com\/?p=1028#breadcrumb"},"inLanguage":"fr-FR","potentialAction":[{"@type":"ReadAction","target":["https:\/\/voxsahel.com\/?p=1028"]}]},{"@type":"ImageObject","inLanguage":"fr-FR","@id":"https:\/\/voxsahel.com\/?p=1028#primaryimage","url":"https:\/\/voxsahel.com\/wp-content\/uploads\/2024\/12\/IMG_1700.jpeg","contentUrl":"https:\/\/voxsahel.com\/wp-content\/uploads\/2024\/12\/IMG_1700.jpeg","width":696,"height":313},{"@type":"BreadcrumbList","@id":"https:\/\/voxsahel.com\/?p=1028#breadcrumb","itemListElement":[{"@type":"ListItem","position":1,"name":"Home","item":"https:\/\/voxsahel.com\/"},{"@type":"ListItem","position":2,"name":"Burkina Faso : Plus de 2 500 \u00e9coles rouvertes gr\u00e2ce aux efforts conjugu\u00e9s contre l&rsquo;ins\u00e9curit\u00e9"}]},{"@type":"WebSite","@id":"https:\/\/voxsahel.com\/#website","url":"https:\/\/voxsahel.com\/","name":"Vox Sahel","description":"Informez-vous sur le Sahel en un clic","publisher":{"@id":"https:\/\/voxsahel.com\/#organization"},"potentialAction":[{"@type":"SearchAction","target":{"@type":"EntryPoint","urlTemplate":"https:\/\/voxsahel.com\/?s={search_term_string}"},"query-input":{"@type":"PropertyValueSpecification","valueRequired":true,"valueName":"search_term_string"}}],"inLanguage":"fr-FR"},{"@type":"Organization","@id":"https:\/\/voxsahel.com\/#organization","name":"Vox Sahel","url":"https:\/\/voxsahel.com\/","logo":{"@type":"ImageObject","inLanguage":"fr-FR","@id":"https:\/\/voxsahel.com\/#\/schema\/logo\/image\/","url":"https:\/\/voxsahel.com\/wp-content\/uploads\/2024\/09\/Logo-Vox-Sahel.jpg","contentUrl":"https:\/\/voxsahel.com\/wp-content\/uploads\/2024\/09\/Logo-Vox-Sahel.jpg","width":1181,"height":848,"caption":"Vox Sahel"},"image":{"@id":"https:\/\/voxsahel.com\/#\/schema\/logo\/image\/"},"sameAs":["https:\/\/www.facebook.com\/journal.voxsahel"]},{"@type":"Person","@id":"https:\/\/voxsahel.com\/#\/schema\/person\/b4043608248f8fa227cd760e7ff1e19e","name":"Vox Sahel","image":{"@type":"ImageObject","inLanguage":"fr-FR","@id":"https:\/\/secure.gravatar.com\/avatar\/f70e7fa0cb9b29d4a7c5788d6eb2e9ab4d3135cbae1c9161810fdf77a8964699?s=96&d=mm&r=g","url":"https:\/\/secure.gravatar.com\/avatar\/f70e7fa0cb9b29d4a7c5788d6eb2e9ab4d3135cbae1c9161810fdf77a8964699?s=96&d=mm&r=g","contentUrl":"https:\/\/secure.gravatar.com\/avatar\/f70e7fa0cb9b29d4a7c5788d6eb2e9ab4d3135cbae1c9161810fdf77a8964699?s=96&d=mm&r=g","caption":"Vox Sahel"},"sameAs":["http:\/\/www.voxsahel.com"],"url":"https:\/\/voxsahel.com\/?author=2"}]}},"_links":{"self":[{"href":"https:\/\/voxsahel.com\/index.php?rest_route=\/wp\/v2\/posts\/1028","targetHints":{"allow":["GET"]}}],"collection":[{"href":"https:\/\/voxsahel.com\/index.php?rest_route=\/wp\/v2\/posts"}],"about":[{"href":"https:\/\/voxsahel.com\/index.php?rest_route=\/wp\/v2\/types\/post"}],"author":[{"embeddable":true,"href":"https:\/\/voxsahel.com\/index.php?rest_route=\/wp\/v2\/users\/2"}],"replies":[{"embeddable":true,"href":"https:\/\/voxsahel.com\/index.php?rest_route=%2Fwp%2Fv2%2Fcomments&post=1028"}],"version-history":[{"count":1,"href":"https:\/\/voxsahel.com\/index.php?rest_route=\/wp\/v2\/posts\/1028\/revisions"}],"predecessor-version":[{"id":1030,"href":"https:\/\/voxsahel.com\/index.php?rest_route=\/wp\/v2\/posts\/1028\/revisions\/1030"}],"wp:featuredmedia":[{"embeddable":true,"href":"https:\/\/voxsahel.com\/index.php?rest_route=\/wp\/v2\/media\/1029"}],"wp:attachment":[{"href":"https:\/\/voxsahel.com\/index.php?rest_route=%2Fwp%2Fv2%2Fmedia&parent=1028"}],"wp:term":[{"taxonomy":"category","embeddable":true,"href":"https:\/\/voxsahel.com\/index.php?rest_route=%2Fwp%2Fv2%2Fcategories&post=1028"},{"taxonomy":"post_tag","embeddable":true,"href":"https:\/\/voxsahel.com\/index.php?rest_route=%2Fwp%2Fv2%2Ftags&post=1028"}],"curies":[{"name":"wp","href":"https:\/\/api.w.org\/{rel}","templated":true}]}}