{"id":1025,"date":"2024-12-14T18:51:18","date_gmt":"2024-12-14T18:51:18","guid":{"rendered":"https:\/\/voxsahel.com\/?p=1025"},"modified":"2024-12-14T18:51:18","modified_gmt":"2024-12-14T18:51:18","slug":"reconnaissance-au-ministere-de-leconomie-et-des-finances-49-agents-de-ladministration-douaniere-decores-pour-leur-merite","status":"publish","type":"post","link":"https:\/\/voxsahel.com\/?p=1025","title":{"rendered":"Reconnaissance au Minist\u00e8re de l&rsquo;\u00c9conomie et des Finances : 49 agents de l&rsquo;Administration douani\u00e8re d\u00e9cor\u00e9s pour leur m\u00e9rite"},"content":{"rendered":"<p class=\"p1\"><span class=\"s2\">La Direction g\u00e9n\u00e9rale des douanes a accueilli ce vendredi<\/span><span class=\"s1\"> 13 d\u00e9cembre 2024<\/span><span class=\"s2\">,<span class=\"Apple-converted-space\">\u00a0 <\/span>\u00e0 <\/span><span class=\"s1\">Ouagadougou, <\/span><span class=\"s2\">la c\u00e9r\u00e9monie annuelle de d\u00e9coration des agents du Minist\u00e8re de l&rsquo;\u00c9conomie et des Finances. Sous la pr\u00e9sidence du Dr Aboubakar NACANABO, Ministre de l&rsquo;\u00c9conomie et des Finances, et en pr\u00e9sence du G\u00e9n\u00e9ral de brigade C\u00e9lestin SIMPORE, Ministre d&rsquo;\u00c9tat, Ministre de la D\u00e9fense et des anciens combattants, 287 travailleurs ont \u00e9t\u00e9 honor\u00e9s pour leur engagement et leur contribution au d\u00e9veloppement \u00e9conomique du pays.<\/span><\/p>\n<p class=\"p1\"><span class=\"s2\">Parmi ces r\u00e9cipiendaires, 49 agents de l&rsquo;Administration douani\u00e8re ont \u00e9t\u00e9 particuli\u00e8rement distingu\u00e9s. Ces travailleurs, reconnus pour leur m\u00e9rite et leur d\u00e9vouement, ont re\u00e7u des distinctions saluant leur r\u00f4le dans la r\u00e9alisation des objectifs strat\u00e9giques de leur d\u00e9partement.<\/span><\/p>\n<p class=\"p1\"><span class=\"s2\">Dans son allocution, le Dr NACANABO a exprim\u00e9 sa gratitude envers l&rsquo;ensemble des personnels du minist\u00e8re. Il a soulign\u00e9 l&rsquo;importance de leur implication dans l&rsquo;atteinte des objectifs nationaux et a encourag\u00e9 la poursuite de leur engagement au service de la nation.<\/span><\/p>\n<p class=\"p1\"><span class=\"s3\">\u00ab Ce moment de reconnaissance est un encouragement pour continuer \u00e0 travailler avec abn\u00e9gation et efficacit\u00e9 au d\u00e9veloppement \u00e9conomique et \u00e0 la gestion optimale des finances publiques \u00bb,<\/span><span class=\"s2\"> a d\u00e9clar\u00e9 le ministre.<\/span><\/p>\n<p class=\"p1\"><span class=\"s2\">Le Directeur g\u00e9n\u00e9ral des douanes, l&rsquo;Inspecteur divisionnaire Adama ILBOUDO, a \u00e9galement pris la parole pour f\u00e9liciter les 49 r\u00e9cipiendaires de son administration. Il a appr\u00e9ci\u00e9 leur discipline et leur contribution dans des domaines cl\u00e9s comme la collecte des recettes douani\u00e8res et la lutte contre la fraude.<\/span><\/p>\n<p class=\"p1\"><span class=\"s2\">Cette c\u00e9r\u00e9monie, devenue une tradition, vise \u00e0 valoriser les efforts des agents du minist\u00e8re tout en renfor\u00e7ant leur motivation. Les d\u00e9corations, symboles de reconnaissance de l&rsquo;\u00c9tat, illustrent l&rsquo;importance d&rsquo;une gestion rigoureuse et performante des finances publiques dans le d\u00e9veloppement socio-\u00e9conomique du Burkina Faso.<\/span><\/p>\n<p class=\"p1\"><span class=\"s2\">Cette distinction collective t\u00e9moigne de l&rsquo;engagement du gouvernement \u00e0 reconna\u00eetre les efforts de ses agents, tout en encourageant un dynamisme accumul\u00e9 au sein de l&rsquo;administration publique.<\/span><\/p>\n<p class=\"p1\"><span class=\"s2\">Ci-dessous la liste compl\u00e8te des agents des Douanes r\u00e9compens\u00e9s<\/span><\/p>\n<p class=\"p1\"><span class=\"s2\">\ud835\udc0e\ud835\udc2b\ud835\udc1d\ud835\udc2b\ud835\udc1e \ud835\udc1d\ud835\udc1e \ud835\udc25&rsquo;\ud835\udc04\u0301\ud835\udc2d\ud835\udc1a\ud835\udc25\ud835\udc28\ud835\udc27<\/span><\/p>\n<p class=\"p1\"><span class=\"s2\">SOMDA Evariste, Inspecteur <\/span><\/p>\n<p class=\"p1\"><span class=\"s2\">DERRA\/KALMOGHO Andr\u00e9a Bertille, Inspecteur<\/span><\/p>\n<p class=\"p1\"><span class=\"s2\">\ud835\udc0e\ud835\udc2b\ud835\udc1d\ud835\udc2b\ud835\udc1e \ud835\udc1d\ud835\udc2e \ud835\udc0c\ud835\udc1e\u0301\ud835\udc2b\ud835\udc22\ud835\udc2d\ud835\udc1e \ud835\udc01\ud835\udc2e\ud835\udc2b\ud835\udc24\ud835\udc22\ud835\udc27\ud835\udc1a\ud835\udc1b\ud835\udc1e\u0307 (\ud835\udc0e\ud835\udc0c\ud835\udc01)<\/span><\/p>\n<p class=\"p1\"><span class=\"s2\">DADJOUARI Diaboado Dominique, Inspecteur<\/span><\/p>\n<p class=\"p1\"><span class=\"s2\">BAGORO Satumin Alain, Inspecteur<\/span><\/p>\n<p class=\"p1\"><span class=\"s2\">\u039d\u0399KIEMA Issa, Contr\u00f4leur<\/span><\/p>\n<p class=\"p1\"><span class=\"s2\">SAWADOGO Aboubacary, Contr\u00f4leur<\/span><\/p>\n<p class=\"p1\"><span class=\"s2\">\ud835\udc0e\ud835\udc2b\ud835\udc1d\ud835\udc2b\ud835\udc1e \ud835\udc1d\ud835\udc2e \ud835\udc0c\ud835\udc1e\u0301\ud835\udc2b\ud835\udc22\ud835\udc2d\ud835\udc1e \ud835\udc1d\ud835\udc1e \ud835\udc25&rsquo;\ud835\udc04\ud835\udc1c\ud835\udc28\ud835\udc27\ud835\udc28\ud835\udc26\ud835\udc22\ud835\udc1e \ud835\udc1e\ud835\udc2d \ud835\udc1d\ud835\udc1e\ud835\udc2c \ud835\udc05\ud835\udc22\ud835\udc27\ud835\udc1a\ud835\udc27\ud835\udc1c\ud835\udc1e\ud835\udc2c (\ud835\udc0e\ud835\udc0c\ud835\udc04\ud835\udc05)<\/span><\/p>\n<p class=\"p1\"><span class=\"s2\">DAMIBA Jules Bertrand, Inspecteur<\/span><\/p>\n<p class=\"p1\"><span class=\"s2\">KABORE\/BASSINGA Binkamma Diane St\u00e9phanie, Inspecteur<\/span><\/p>\n<p class=\"p1\"><span class=\"s2\">ILBOUDO Etienne, Contr\u00f4leur<\/span><\/p>\n<p class=\"p1\"><span class=\"s2\">DRABO Salimata, Agent de bureau<\/span><\/p>\n<p class=\"p1\"><span class=\"s2\">DRABO Mamadou, Agent de liaison<\/span><\/p>\n<p class=\"p1\"><span class=\"s2\">SOMDA Mango Ambroise, Chauffeur<\/span><\/p>\n<p class=\"p1\"><span class=\"s2\">TAPSOBA Boucar\u00e9, Chauffeur<\/span><\/p>\n<p class=\"p1\"><span class=\"s2\">TRAORE Abdoulaye, Chauffeur<\/span><\/p>\n<p class=\"p1\"><span class=\"s2\">SORGHO Dieudonn\u00e9, Man\u0153uvre<\/span><\/p>\n<p class=\"p1\"><span class=\"s2\">\ud835\udc0c\ud835\udc1e\u0301\ud835\udc1d\ud835\udc1a\ud835\udc22\ud835\udc25\ud835\udc25\ud835\udc1e \ud835\udc1d&rsquo;\ud835\udc07\ud835\udc28\ud835\udc27\ud835\udc27\ud835\udc1e\ud835\udc2e\ud835\udc2b \ud835\udc1d\ud835\udc1e\ud835\udc2c \ud835\udc03\ud835\udc28\ud835\udc2e\ud835\udc1a\ud835\udc27\ud835\udc1e\ud835\udc2c (\ud835\udc0c\ud835\udc07\ud835\udc03)<\/span><\/p>\n<p class=\"p1\"><span class=\"s2\">ZIDA Fr\u00e9d\u00e9ric, Inspecteur<\/span><\/p>\n<p class=\"p1\"><span class=\"s2\">BICABA Nyami Donatien, Inspecteur<\/span><\/p>\n<p class=\"p1\"><span class=\"s2\">SOMDA Augustin Nihir\u00e9, Inspecteur<\/span><\/p>\n<p class=\"p1\"><span class=\"s2\">MONE Moumouni, Inspecteur<\/span><\/p>\n<p class=\"p1\"><span class=\"s2\">QUATTARA Bakary, Inspecteur<\/span><\/p>\n<p class=\"p1\"><span class=\"s2\">SANOU Koumagniny Flore Nad\u00e8ge, Inspecteur<\/span><\/p>\n<p class=\"p1\"><span class=\"s2\">BAYALA Richard, Inspecteur<\/span><\/p>\n<p class=\"p1\"><span class=\"s2\">DEMBELE B\u0117gnan Charles, Inspecteur<\/span><\/p>\n<p class=\"p1\"><span class=\"s2\">LALLE Hamadou, Inspecteur<\/span><\/p>\n<p class=\"p1\"><span class=\"s2\">OUBDA Noaga Prosper, Inspecteur<\/span><\/p>\n<p class=\"p1\"><span class=\"s2\">DRABO Mahamadou, Inspecteur<\/span><\/p>\n<p class=\"p1\"><span class=\"s2\">OUEDRAOGO Souleymane, Inspecteur<\/span><\/p>\n<p class=\"p1\"><span class=\"s2\">NEBIE Kassouma, Inspecteur<\/span><\/p>\n<p class=\"p1\"><span class=\"s2\">TIENDREBEOGO Sibiri, Inspecteur<\/span><\/p>\n<p class=\"p1\"><span class=\"s2\">OUATTARA\/COULIBALY Nathalie, Inspecteur<\/span><\/p>\n<p class=\"p1\"><span class=\"s2\">TARPAGA L\u00e9andre Pugd- Wend\u00e9, Contr\u00f4leur<\/span><\/p>\n<p class=\"p1\"><span class=\"s2\">LAMOUKRI Rom\u00e9o, Contr\u00f4leur<\/span><\/p>\n<p class=\"p1\"><span class=\"s2\">KABORE Rakiswiligri, Contr\u00f4leur<\/span><\/p>\n<p class=\"p1\"><span class=\"s2\">BONKOUNGOU Sibiri, Contr\u00f4leur<\/span><\/p>\n<p class=\"p1\"><span class=\"s2\">BOUDA Maxime, Contr\u00f4leur<\/span><\/p>\n<p class=\"p1\"><span class=\"s2\">BELEM Brahima, Contr\u00f4leur<\/span><\/p>\n<p class=\"p1\"><span class=\"s2\">KABRE Mamoudou, Contr\u00f4leur<\/span><\/p>\n<p class=\"p1\"><span class=\"s2\">OUEDRAOGO Tambi Cl\u00e9ment, Contr\u00f4leur<\/span><\/p>\n<p class=\"p1\"><span class=\"s2\">TRAORE Cheick Adams, Contr\u00f4leur<\/span><\/p>\n<p class=\"p1\"><span class=\"s2\">DANKONDI\/BODIAGA Louise, Contr\u00f4leur<\/span><\/p>\n<p class=\"p1\"><span class=\"s2\">KONE Bakary, Assistant<\/span><\/p>\n<p class=\"p1\"><span class=\"s2\">NIGNAN Harithe, Assistant<\/span><\/p>\n<p class=\"p1\"><span class=\"s2\">LOMPO Abdoulaye n\u00b02, Assistant<\/span><\/p>\n<p class=\"p1\"><span class=\"s2\">SAWADOGO Noufou, Assistant<\/span><\/p>\n<p class=\"p1\"><span class=\"s2\">OUEDRAOGO Wind\u00e9kont\u00e9, Assistant<\/span><\/p>\n<p class=\"p1\"><span class=\"s2\">KONE Ablass\u00e9, Assistant<\/span><\/p>\n<p class=\"p1\"><span class=\"s2\">COMPAORE Pascal, Assistant<\/span><\/p>\n<p class=\"p1\"><span class=\"s2\">GANOU Lassina, Assistant<\/span><\/p>\n<p class=\"p1\"><span class=\"s2\">MIEN Dissa, Assistant<\/span><\/p>\n<p class=\"p1\"><span class=\"s2\">NABIE Andr\u00e9a Dansou\u00e9, Assistant<\/span><\/p>\n","protected":false},"excerpt":{"rendered":"<p>La Direction g\u00e9n\u00e9rale des douanes a accueilli ce vendredi 13 d\u00e9cembre 2024,\u00a0 \u00e0 Ouagadougou, la<\/p>\n","protected":false},"author":2,"featured_media":1026,"comment_status":"open","ping_status":"open","sticky":false,"template":"","format":"standard","meta":{"_et_pb_use_builder":"","_et_pb_old_content":"","_et_gb_content_width":"","footnotes":""},"categories":[8],"tags":[18,142,146,370,310],"class_list":["post-1025","post","type-post","status-publish","format-standard","has-post-thumbnail","hentry","category-developpement","tag-burkina-faso","tag-douane","tag-douanes-du-burkina-faso","tag-observatoire-pour-la-celerite-des-operations-douanieres-au-burkina-faso","tag-organisation-mondiale-des-douanes"],"yoast_head":"<!-- This site is optimized with the Yoast SEO plugin v27.5 - https:\/\/yoast.com\/product\/yoast-seo-wordpress\/ -->\n<title>Reconnaissance au Minist\u00e8re de l&#039;\u00c9conomie et des Finances : 49 agents de l&#039;Administration douani\u00e8re d\u00e9cor\u00e9s pour leur m\u00e9rite - Vox Sahel<\/title>\n<meta name=\"robots\" content=\"index, follow, max-snippet:-1, max-image-preview:large, max-video-preview:-1\" \/>\n<link rel=\"canonical\" href=\"https:\/\/voxsahel.com\/?p=1025\" \/>\n<meta property=\"og:locale\" content=\"fr_FR\" \/>\n<meta property=\"og:type\" content=\"article\" \/>\n<meta property=\"og:title\" content=\"Reconnaissance au Minist\u00e8re de l&#039;\u00c9conomie et des Finances : 49 agents de l&#039;Administration douani\u00e8re d\u00e9cor\u00e9s pour leur m\u00e9rite - Vox Sahel\" \/>\n<meta property=\"og:description\" content=\"La Direction g\u00e9n\u00e9rale des douanes a accueilli ce vendredi 13 d\u00e9cembre 2024,\u00a0 \u00e0 Ouagadougou, la\" \/>\n<meta property=\"og:url\" content=\"https:\/\/voxsahel.com\/?p=1025\" \/>\n<meta property=\"og:site_name\" content=\"Vox Sahel\" \/>\n<meta property=\"article:publisher\" content=\"https:\/\/www.facebook.com\/journal.voxsahel\" \/>\n<meta property=\"article:published_time\" content=\"2024-12-14T18:51:18+00:00\" \/>\n<meta property=\"og:image\" content=\"https:\/\/voxsahel.com\/wp-content\/uploads\/2024\/12\/IMG_1668.jpeg\" \/>\n\t<meta property=\"og:image:width\" content=\"1280\" \/>\n\t<meta property=\"og:image:height\" content=\"853\" \/>\n\t<meta property=\"og:image:type\" content=\"image\/jpeg\" \/>\n<meta name=\"author\" content=\"Vox Sahel\" \/>\n<meta name=\"twitter:card\" content=\"summary_large_image\" \/>\n<meta name=\"twitter:label1\" content=\"\u00c9crit par\" \/>\n\t<meta name=\"twitter:data1\" content=\"Vox Sahel\" \/>\n\t<meta name=\"twitter:label2\" content=\"Dur\u00e9e de lecture estim\u00e9e\" \/>\n\t<meta name=\"twitter:data2\" content=\"3 minutes\" \/>\n<script type=\"application\/ld+json\" class=\"yoast-schema-graph\">{\"@context\":\"https:\\\/\\\/schema.org\",\"@graph\":[{\"@type\":\"Article\",\"@id\":\"https:\\\/\\\/voxsahel.com\\\/?p=1025#article\",\"isPartOf\":{\"@id\":\"https:\\\/\\\/voxsahel.com\\\/?p=1025\"},\"author\":{\"name\":\"Vox Sahel\",\"@id\":\"https:\\\/\\\/voxsahel.com\\\/#\\\/schema\\\/person\\\/b4043608248f8fa227cd760e7ff1e19e\"},\"headline\":\"Reconnaissance au Minist\u00e8re de l&rsquo;\u00c9conomie et des Finances : 49 agents de l&rsquo;Administration douani\u00e8re d\u00e9cor\u00e9s pour leur m\u00e9rite\",\"datePublished\":\"2024-12-14T18:51:18+00:00\",\"mainEntityOfPage\":{\"@id\":\"https:\\\/\\\/voxsahel.com\\\/?p=1025\"},\"wordCount\":585,\"commentCount\":0,\"publisher\":{\"@id\":\"https:\\\/\\\/voxsahel.com\\\/#organization\"},\"image\":{\"@id\":\"https:\\\/\\\/voxsahel.com\\\/?p=1025#primaryimage\"},\"thumbnailUrl\":\"https:\\\/\\\/voxsahel.com\\\/wp-content\\\/uploads\\\/2024\\\/12\\\/IMG_1668.jpeg\",\"keywords\":[\"Burkina Faso\",\"Douane\",\"Douanes du Burkina Faso\",\"Observatoire pour la c\u00e9l\u00e9rit\u00e9 des op\u00e9rations douani\u00e8res au Burkina Faso\",\"Organisation mondiale des Douanes\"],\"articleSection\":[\"DEVELOPPEMENT\"],\"inLanguage\":\"fr-FR\",\"potentialAction\":[{\"@type\":\"CommentAction\",\"name\":\"Comment\",\"target\":[\"https:\\\/\\\/voxsahel.com\\\/?p=1025#respond\"]}]},{\"@type\":\"WebPage\",\"@id\":\"https:\\\/\\\/voxsahel.com\\\/?p=1025\",\"url\":\"https:\\\/\\\/voxsahel.com\\\/?p=1025\",\"name\":\"Reconnaissance au Minist\u00e8re de l'\u00c9conomie et des Finances : 49 agents de l'Administration douani\u00e8re d\u00e9cor\u00e9s pour leur m\u00e9rite - Vox Sahel\",\"isPartOf\":{\"@id\":\"https:\\\/\\\/voxsahel.com\\\/#website\"},\"primaryImageOfPage\":{\"@id\":\"https:\\\/\\\/voxsahel.com\\\/?p=1025#primaryimage\"},\"image\":{\"@id\":\"https:\\\/\\\/voxsahel.com\\\/?p=1025#primaryimage\"},\"thumbnailUrl\":\"https:\\\/\\\/voxsahel.com\\\/wp-content\\\/uploads\\\/2024\\\/12\\\/IMG_1668.jpeg\",\"datePublished\":\"2024-12-14T18:51:18+00:00\",\"breadcrumb\":{\"@id\":\"https:\\\/\\\/voxsahel.com\\\/?p=1025#breadcrumb\"},\"inLanguage\":\"fr-FR\",\"potentialAction\":[{\"@type\":\"ReadAction\",\"target\":[\"https:\\\/\\\/voxsahel.com\\\/?p=1025\"]}]},{\"@type\":\"ImageObject\",\"inLanguage\":\"fr-FR\",\"@id\":\"https:\\\/\\\/voxsahel.com\\\/?p=1025#primaryimage\",\"url\":\"https:\\\/\\\/voxsahel.com\\\/wp-content\\\/uploads\\\/2024\\\/12\\\/IMG_1668.jpeg\",\"contentUrl\":\"https:\\\/\\\/voxsahel.com\\\/wp-content\\\/uploads\\\/2024\\\/12\\\/IMG_1668.jpeg\",\"width\":1280,\"height\":853},{\"@type\":\"BreadcrumbList\",\"@id\":\"https:\\\/\\\/voxsahel.com\\\/?p=1025#breadcrumb\",\"itemListElement\":[{\"@type\":\"ListItem\",\"position\":1,\"name\":\"Home\",\"item\":\"https:\\\/\\\/voxsahel.com\\\/\"},{\"@type\":\"ListItem\",\"position\":2,\"name\":\"Reconnaissance au Minist\u00e8re de l&rsquo;\u00c9conomie et des Finances : 49 agents de l&rsquo;Administration douani\u00e8re d\u00e9cor\u00e9s pour leur m\u00e9rite\"}]},{\"@type\":\"WebSite\",\"@id\":\"https:\\\/\\\/voxsahel.com\\\/#website\",\"url\":\"https:\\\/\\\/voxsahel.com\\\/\",\"name\":\"Vox Sahel\",\"description\":\"Informez-vous sur le Sahel en un clic\",\"publisher\":{\"@id\":\"https:\\\/\\\/voxsahel.com\\\/#organization\"},\"potentialAction\":[{\"@type\":\"SearchAction\",\"target\":{\"@type\":\"EntryPoint\",\"urlTemplate\":\"https:\\\/\\\/voxsahel.com\\\/?s={search_term_string}\"},\"query-input\":{\"@type\":\"PropertyValueSpecification\",\"valueRequired\":true,\"valueName\":\"search_term_string\"}}],\"inLanguage\":\"fr-FR\"},{\"@type\":\"Organization\",\"@id\":\"https:\\\/\\\/voxsahel.com\\\/#organization\",\"name\":\"Vox Sahel\",\"url\":\"https:\\\/\\\/voxsahel.com\\\/\",\"logo\":{\"@type\":\"ImageObject\",\"inLanguage\":\"fr-FR\",\"@id\":\"https:\\\/\\\/voxsahel.com\\\/#\\\/schema\\\/logo\\\/image\\\/\",\"url\":\"https:\\\/\\\/voxsahel.com\\\/wp-content\\\/uploads\\\/2024\\\/09\\\/Logo-Vox-Sahel.jpg\",\"contentUrl\":\"https:\\\/\\\/voxsahel.com\\\/wp-content\\\/uploads\\\/2024\\\/09\\\/Logo-Vox-Sahel.jpg\",\"width\":1181,\"height\":848,\"caption\":\"Vox Sahel\"},\"image\":{\"@id\":\"https:\\\/\\\/voxsahel.com\\\/#\\\/schema\\\/logo\\\/image\\\/\"},\"sameAs\":[\"https:\\\/\\\/www.facebook.com\\\/journal.voxsahel\"]},{\"@type\":\"Person\",\"@id\":\"https:\\\/\\\/voxsahel.com\\\/#\\\/schema\\\/person\\\/b4043608248f8fa227cd760e7ff1e19e\",\"name\":\"Vox Sahel\",\"image\":{\"@type\":\"ImageObject\",\"inLanguage\":\"fr-FR\",\"@id\":\"https:\\\/\\\/secure.gravatar.com\\\/avatar\\\/f70e7fa0cb9b29d4a7c5788d6eb2e9ab4d3135cbae1c9161810fdf77a8964699?s=96&d=mm&r=g\",\"url\":\"https:\\\/\\\/secure.gravatar.com\\\/avatar\\\/f70e7fa0cb9b29d4a7c5788d6eb2e9ab4d3135cbae1c9161810fdf77a8964699?s=96&d=mm&r=g\",\"contentUrl\":\"https:\\\/\\\/secure.gravatar.com\\\/avatar\\\/f70e7fa0cb9b29d4a7c5788d6eb2e9ab4d3135cbae1c9161810fdf77a8964699?s=96&d=mm&r=g\",\"caption\":\"Vox Sahel\"},\"sameAs\":[\"http:\\\/\\\/www.voxsahel.com\"],\"url\":\"https:\\\/\\\/voxsahel.com\\\/?author=2\"}]}<\/script>\n<!-- \/ Yoast SEO plugin. -->","yoast_head_json":{"title":"Reconnaissance au Minist\u00e8re de l'\u00c9conomie et des Finances : 49 agents de l'Administration douani\u00e8re d\u00e9cor\u00e9s pour leur m\u00e9rite - Vox Sahel","robots":{"index":"index","follow":"follow","max-snippet":"max-snippet:-1","max-image-preview":"max-image-preview:large","max-video-preview":"max-video-preview:-1"},"canonical":"https:\/\/voxsahel.com\/?p=1025","og_locale":"fr_FR","og_type":"article","og_title":"Reconnaissance au Minist\u00e8re de l'\u00c9conomie et des Finances : 49 agents de l'Administration douani\u00e8re d\u00e9cor\u00e9s pour leur m\u00e9rite - Vox Sahel","og_description":"La Direction g\u00e9n\u00e9rale des douanes a accueilli ce vendredi 13 d\u00e9cembre 2024,\u00a0 \u00e0 Ouagadougou, la","og_url":"https:\/\/voxsahel.com\/?p=1025","og_site_name":"Vox Sahel","article_publisher":"https:\/\/www.facebook.com\/journal.voxsahel","article_published_time":"2024-12-14T18:51:18+00:00","og_image":[{"width":1280,"height":853,"url":"https:\/\/voxsahel.com\/wp-content\/uploads\/2024\/12\/IMG_1668.jpeg","type":"image\/jpeg"}],"author":"Vox Sahel","twitter_card":"summary_large_image","twitter_misc":{"\u00c9crit par":"Vox Sahel","Dur\u00e9e de lecture estim\u00e9e":"3 minutes"},"schema":{"@context":"https:\/\/schema.org","@graph":[{"@type":"Article","@id":"https:\/\/voxsahel.com\/?p=1025#article","isPartOf":{"@id":"https:\/\/voxsahel.com\/?p=1025"},"author":{"name":"Vox Sahel","@id":"https:\/\/voxsahel.com\/#\/schema\/person\/b4043608248f8fa227cd760e7ff1e19e"},"headline":"Reconnaissance au Minist\u00e8re de l&rsquo;\u00c9conomie et des Finances : 49 agents de l&rsquo;Administration douani\u00e8re d\u00e9cor\u00e9s pour leur m\u00e9rite","datePublished":"2024-12-14T18:51:18+00:00","mainEntityOfPage":{"@id":"https:\/\/voxsahel.com\/?p=1025"},"wordCount":585,"commentCount":0,"publisher":{"@id":"https:\/\/voxsahel.com\/#organization"},"image":{"@id":"https:\/\/voxsahel.com\/?p=1025#primaryimage"},"thumbnailUrl":"https:\/\/voxsahel.com\/wp-content\/uploads\/2024\/12\/IMG_1668.jpeg","keywords":["Burkina Faso","Douane","Douanes du Burkina Faso","Observatoire pour la c\u00e9l\u00e9rit\u00e9 des op\u00e9rations douani\u00e8res au Burkina Faso","Organisation mondiale des Douanes"],"articleSection":["DEVELOPPEMENT"],"inLanguage":"fr-FR","potentialAction":[{"@type":"CommentAction","name":"Comment","target":["https:\/\/voxsahel.com\/?p=1025#respond"]}]},{"@type":"WebPage","@id":"https:\/\/voxsahel.com\/?p=1025","url":"https:\/\/voxsahel.com\/?p=1025","name":"Reconnaissance au Minist\u00e8re de l'\u00c9conomie et des Finances : 49 agents de l'Administration douani\u00e8re d\u00e9cor\u00e9s pour leur m\u00e9rite - Vox Sahel","isPartOf":{"@id":"https:\/\/voxsahel.com\/#website"},"primaryImageOfPage":{"@id":"https:\/\/voxsahel.com\/?p=1025#primaryimage"},"image":{"@id":"https:\/\/voxsahel.com\/?p=1025#primaryimage"},"thumbnailUrl":"https:\/\/voxsahel.com\/wp-content\/uploads\/2024\/12\/IMG_1668.jpeg","datePublished":"2024-12-14T18:51:18+00:00","breadcrumb":{"@id":"https:\/\/voxsahel.com\/?p=1025#breadcrumb"},"inLanguage":"fr-FR","potentialAction":[{"@type":"ReadAction","target":["https:\/\/voxsahel.com\/?p=1025"]}]},{"@type":"ImageObject","inLanguage":"fr-FR","@id":"https:\/\/voxsahel.com\/?p=1025#primaryimage","url":"https:\/\/voxsahel.com\/wp-content\/uploads\/2024\/12\/IMG_1668.jpeg","contentUrl":"https:\/\/voxsahel.com\/wp-content\/uploads\/2024\/12\/IMG_1668.jpeg","width":1280,"height":853},{"@type":"BreadcrumbList","@id":"https:\/\/voxsahel.com\/?p=1025#breadcrumb","itemListElement":[{"@type":"ListItem","position":1,"name":"Home","item":"https:\/\/voxsahel.com\/"},{"@type":"ListItem","position":2,"name":"Reconnaissance au Minist\u00e8re de l&rsquo;\u00c9conomie et des Finances : 49 agents de l&rsquo;Administration douani\u00e8re d\u00e9cor\u00e9s pour leur m\u00e9rite"}]},{"@type":"WebSite","@id":"https:\/\/voxsahel.com\/#website","url":"https:\/\/voxsahel.com\/","name":"Vox Sahel","description":"Informez-vous sur le Sahel en un clic","publisher":{"@id":"https:\/\/voxsahel.com\/#organization"},"potentialAction":[{"@type":"SearchAction","target":{"@type":"EntryPoint","urlTemplate":"https:\/\/voxsahel.com\/?s={search_term_string}"},"query-input":{"@type":"PropertyValueSpecification","valueRequired":true,"valueName":"search_term_string"}}],"inLanguage":"fr-FR"},{"@type":"Organization","@id":"https:\/\/voxsahel.com\/#organization","name":"Vox Sahel","url":"https:\/\/voxsahel.com\/","logo":{"@type":"ImageObject","inLanguage":"fr-FR","@id":"https:\/\/voxsahel.com\/#\/schema\/logo\/image\/","url":"https:\/\/voxsahel.com\/wp-content\/uploads\/2024\/09\/Logo-Vox-Sahel.jpg","contentUrl":"https:\/\/voxsahel.com\/wp-content\/uploads\/2024\/09\/Logo-Vox-Sahel.jpg","width":1181,"height":848,"caption":"Vox Sahel"},"image":{"@id":"https:\/\/voxsahel.com\/#\/schema\/logo\/image\/"},"sameAs":["https:\/\/www.facebook.com\/journal.voxsahel"]},{"@type":"Person","@id":"https:\/\/voxsahel.com\/#\/schema\/person\/b4043608248f8fa227cd760e7ff1e19e","name":"Vox Sahel","image":{"@type":"ImageObject","inLanguage":"fr-FR","@id":"https:\/\/secure.gravatar.com\/avatar\/f70e7fa0cb9b29d4a7c5788d6eb2e9ab4d3135cbae1c9161810fdf77a8964699?s=96&d=mm&r=g","url":"https:\/\/secure.gravatar.com\/avatar\/f70e7fa0cb9b29d4a7c5788d6eb2e9ab4d3135cbae1c9161810fdf77a8964699?s=96&d=mm&r=g","contentUrl":"https:\/\/secure.gravatar.com\/avatar\/f70e7fa0cb9b29d4a7c5788d6eb2e9ab4d3135cbae1c9161810fdf77a8964699?s=96&d=mm&r=g","caption":"Vox Sahel"},"sameAs":["http:\/\/www.voxsahel.com"],"url":"https:\/\/voxsahel.com\/?author=2"}]}},"_links":{"self":[{"href":"https:\/\/voxsahel.com\/index.php?rest_route=\/wp\/v2\/posts\/1025","targetHints":{"allow":["GET"]}}],"collection":[{"href":"https:\/\/voxsahel.com\/index.php?rest_route=\/wp\/v2\/posts"}],"about":[{"href":"https:\/\/voxsahel.com\/index.php?rest_route=\/wp\/v2\/types\/post"}],"author":[{"embeddable":true,"href":"https:\/\/voxsahel.com\/index.php?rest_route=\/wp\/v2\/users\/2"}],"replies":[{"embeddable":true,"href":"https:\/\/voxsahel.com\/index.php?rest_route=%2Fwp%2Fv2%2Fcomments&post=1025"}],"version-history":[{"count":1,"href":"https:\/\/voxsahel.com\/index.php?rest_route=\/wp\/v2\/posts\/1025\/revisions"}],"predecessor-version":[{"id":1027,"href":"https:\/\/voxsahel.com\/index.php?rest_route=\/wp\/v2\/posts\/1025\/revisions\/1027"}],"wp:featuredmedia":[{"embeddable":true,"href":"https:\/\/voxsahel.com\/index.php?rest_route=\/wp\/v2\/media\/1026"}],"wp:attachment":[{"href":"https:\/\/voxsahel.com\/index.php?rest_route=%2Fwp%2Fv2%2Fmedia&parent=1025"}],"wp:term":[{"taxonomy":"category","embeddable":true,"href":"https:\/\/voxsahel.com\/index.php?rest_route=%2Fwp%2Fv2%2Fcategories&post=1025"},{"taxonomy":"post_tag","embeddable":true,"href":"https:\/\/voxsahel.com\/index.php?rest_route=%2Fwp%2Fv2%2Ftags&post=1025"}],"curies":[{"name":"wp","href":"https:\/\/api.w.org\/{rel}","templated":true}]}}