{"id":1022,"date":"2024-12-14T07:36:59","date_gmt":"2024-12-14T07:36:59","guid":{"rendered":"https:\/\/voxsahel.com\/?p=1022"},"modified":"2024-12-14T07:36:59","modified_gmt":"2024-12-14T07:36:59","slug":"64eme-anniversaire-de-lindependance-du-burkina-faso-la-cp-aes-salue-le-courage-des-fds-et-honore-la-memoire-des-heros-tombes","status":"publish","type":"post","link":"https:\/\/voxsahel.com\/?p=1022","title":{"rendered":"64\u00e8me Anniversaire de l&rsquo;Ind\u00e9pendance du Burkina Faso : La CP-AES salue le courage des FDS et honore la m\u00e9moire des H\u00e9ros tomb\u00e9s"},"content":{"rendered":"<p class=\"p1\"><span class=\"s2\">\u00c0 l&rsquo;occasion de la comm\u00e9moration du 64\u00e8me anniversaire de l&rsquo;ind\u00e9pendance du Burkina Faso, la Conf\u00e9d\u00e9ration des Peuples de l&rsquo;AES (CP-AES) a tenu une c\u00e9r\u00e9monie symbolique \u00e0 Bamako, marqu\u00e9e par des appels \u00e0 l&rsquo;unit\u00e9, \u00e0 la souverainet\u00e9 et au patriotisme. La CP-AES, a salu\u00e9 le courage des Forces de D\u00e9fense et de S\u00e9curit\u00e9, honor\u00e9 la m\u00e9moire des h\u00e9ros tomb\u00e9s et rendu hommage au leadership du pr\u00e9sident Ibrahim Traor\u00e9. \u00c0 travers cette d\u00e9claration, le CP-AES r\u00e9affirme son engagement pour une Afrique unie, souveraine et affranchie du n\u00e9ocolonialisme, tout en appelant \u00e0 une mobilisation collective pour relever les d\u00e9fis s\u00e9curitaires et \u00e9conomiques.<\/span><\/p>\n<p class=\"p1\"><span class=\"s2\">D\u00e9claration de la CONFEDERATION DES PEUPLES DE L&rsquo;AES (CP-AES), \u00e0 l&rsquo;occasion de la comm\u00e9moration de la 64\u00e8me anniversaire de l&rsquo;ind\u00e9pendance du Burkina Faso \u00e0 Bamako.<\/span><\/p>\n<p class=\"p1\"><span class=\"s2\">Monsieur le deuxi\u00e8me conseiller de l&rsquo;ambassade du Burkina Faso, repr\u00e9sentant Mme l&rsquo;ambassadrice du Burkina Faso au Mali;<\/span><\/p>\n<p class=\"p1\"><span class=\"s2\">Monsieur le D\u00e9l\u00e9gu\u00e9 de ressortissants Burkinab\u00e8<span class=\"Apple-converted-space\">\u00a0 <\/span>au Mali;<\/span><\/p>\n<p class=\"p1\"><span class=\"s2\">Monsieur le D\u00e9l\u00e9gu\u00e9 des ressortissants du Niger au Mali;<\/span><\/p>\n<p class=\"p1\"><span class=\"s2\">Monsieur le Coordinateur national<span class=\"Apple-converted-space\">\u00a0 <\/span>et d\u00e9positaire CP-AES ;<\/span><\/p>\n<p class=\"p1\"><span class=\"s2\">Membres du conseil CP-AES;<\/span><\/p>\n<p class=\"p1\"><span class=\"s2\">Membres du bureau national et membre des structures internes du CDM;<\/span><\/p>\n<p class=\"p1\"><span class=\"s2\">Chers partenaires du CDM membres et sympathisants de la CP-AES;<\/span><\/p>\n<p class=\"p1\"><span class=\"s2\">Chers compatriotes du Burkina Faso, du Mali et Niger;<\/span><\/p>\n<p class=\"p1\"><span class=\"s2\">Homme de m\u00e9dias, journalistes et communicateurs, vous gr\u00e2ce \u00e0 qui nos messages continuent \u00e0 \u00e9clairer le monde entier&#8230;<\/span><\/p>\n<p class=\"p1\"><span class=\"s2\">Chers invit\u00e9s, en vos rangs et qualit\u00e9 tout protocole observ\u00e9,<\/span><\/p>\n<p class=\"p1\"><span class=\"s2\">Bonsoir,<\/span><\/p>\n<p class=\"p1\"><span class=\"s2\">C&rsquo;est un immense plaisir pour moi, NESTOR PODASS\u00c9, charg\u00e9 \u00e0 la communication et relation avec les m\u00e9dias de la CP-AES du Burkina Faso de prendre la parole parmi vous au nom de la grande CP-AES.<\/span><\/p>\n<p class=\"p1\"><span class=\"s2\">En cette heureuse occasion, je rends gr\u00e2ce \u00e0 Dieu, rends hommage \u00e0 nos vaillantes forces de d\u00e9fense et de s\u00e9curit\u00e9 et adresse mes f\u00e9licitations infinies \u00e0 nos chefs d&rsquo;\u00c9tat leurs Excellences pr\u00e9sidents capitaine Ibrahim TRAOR\u00c9 du Burkina Faso, G\u00e9n\u00e9ral d&rsquo;arm\u00e9e Assimi GO\u00cfTA du Mali et G\u00e9n\u00e9ral de brigade Abdourahamane TIANI du Niger.<\/span><\/p>\n<p class=\"p1\"><span class=\"s2\">Permettez-moi de remercier tous les membres du CDM \u00e0 travers le pr\u00e9sident pour l&rsquo;hospitalit\u00e9, l&rsquo;accueil l\u00e9gendaire et l&rsquo;occasion que vous m&rsquo;offrez de prendre la parole au cours de cette c\u00e9r\u00e9monie comm\u00e9morative (en diff\u00e9r\u00e9) de la f\u00eate d&rsquo;ind\u00e9pendance du Burkina Faso.<\/span><\/p>\n<p class=\"p1\"><span class=\"s2\">Notre pr\u00e9sence massive ici t\u00e9moigne de notre attachement au id\u00e9aux de l&rsquo;AES. <\/span><\/p>\n<p class=\"p1\"><span class=\"s2\">Et la pr\u00e9sence des repr\u00e9sentants diplomatiques du Faso et du Niger parmi nous est le signe de la parfaite collaboration entre le peuple et ses dirigeants. <\/span><\/p>\n<p class=\"p1\"><span class=\"s2\">Chers compatriotes<span class=\"Apple-converted-space\">\u00a0 <\/span>du Faso et de l&rsquo;AES, pour la comm\u00e9moration du 11 d\u00e9cembre, date hautement symbolique pour la<span class=\"Apple-converted-space\">\u00a0 <\/span>nation Burkinab\u00e8, la CP-AES salue la ferveur du peuple burkinab\u00e8, dont la r\u00e9silience et le patriotisme continuent de marquer l\u2019histoire.<\/span><\/p>\n<p class=\"p1\"><span class=\"s2\">La CP-AES rends un hommage appuy\u00e9 aux vaillants combattants, Forces de D\u00e9fense et de S\u00e9curit\u00e9 (FDS et VDP), et \u00e0 tous les patriotes qui, au prix de leur sang, d\u00e9fendent leur patrie et prot\u00e8gent nos peuples et nos valeurs.<\/span><\/p>\n<p class=\"p1\"><span class=\"s2\">Nous honorons la m\u00e9moire des soldats tomb\u00e9s sur le champ de l&rsquo;honneur, ces h\u00e9ros immortels dont le sacrifice demeure un t\u00e9moignage puissant de leur amour inconditionnel pour le Burkina Faso.<\/span><\/p>\n<p class=\"p1\"><span class=\"s2\"> \u00c0 leurs familles et \u00e0 leurs fr\u00e8res d\u2019armes, nous exprimons notre profonde gratitude et notre solidarit\u00e9 ind\u00e9fectible.<\/span><\/p>\n<p class=\"p1\"><span class=\"s2\">Nos sinc\u00e8res f\u00e9licitations vont \u00e0 Son Excellence Monsieur le Pr\u00e9sident du Faso le Capitaine Ibrahim Traor\u00e9 l&rsquo;un des p\u00e8res fondateurs de L&rsquo;AES, dont le leadership visionnaire et le patriotisme exemplaire insufflent un nouvel espoir \u00e0 la nation Burkinab\u00e8<span class=\"Apple-converted-space\">\u00a0 <\/span>en particulier et \u00e0<span class=\"Apple-converted-space\">\u00a0 <\/span>la jeunesse africaine en g\u00e9n\u00e9ral. <\/span><\/p>\n<p class=\"p1\"><span class=\"s2\">Sous sa direction, le pays des hommes int\u00e8gres enregistre des victoires notables contre le terrorisme, tout en affirmant sa lutte pour l\u2019\u00e9mancipation, la souverainet\u00e9, et la lib\u00e9ration du joug de l\u2019imp\u00e9rialisme et du n\u00e9ocolonialisme.<\/span><\/p>\n<p class=\"p1\"><span class=\"s2\">Cependant, nous ne saurons ignorer que depuis l&rsquo;ind\u00e9pendance th\u00e9orique en 1960, le Burkina Faso a \u00e9t\u00e9 victime de servitude, d\u2019oppression, de domination et d\u2019exploitation.<\/span><\/p>\n<p class=\"p1\"><span class=\"s2\"> Ce pass\u00e9 douloureux nous rappelle l\u2019imp\u00e9rieuse n\u00e9cessit\u00e9 de poursuivre notre combat pour une v\u00e9ritable souverainet\u00e9, \u00e9conomique, politique et culturelle.<\/span><\/p>\n<p class=\"p1\"><span class=\"s2\">La CP-AES, par ma voie, salue les efforts des autorit\u00e9s Burkinab\u00e8, artisans d\u2019un Burkina Faso en pleine transformation, porteur d\u2019espoir et d\u2019avenir. Gr\u00e2ce \u00e0 leur engagement, le peuple burkinab\u00e8 retrouve progressivement confiance et fiert\u00e9 dans son destin.<\/span><\/p>\n<p class=\"p1\"><span class=\"s2\">Dans ce contexte s\u00e9curitaire difficile, nous appelons chaque citoyen et Citoyenne du Burkina Faso et de la conf\u00e9d\u00e9ration de l&rsquo;AES \u00e0 faire preuve de courage, de solidarit\u00e9 et de vigilance. <\/span><\/p>\n<p class=\"p1\"><span class=\"s2\">C\u2019est ensemble, dans l\u2019unit\u00e9 et la d\u00e9termination, que nous construirons une nation r\u00e9siliante, forte et v\u00e9ritablement ind\u00e9pendante.<\/span><\/p>\n<p class=\"p1\" style=\"text-align: right;\"><span class=\"s2\"><br \/>\n<\/span><span style=\"text-align: center;\"><b>Vive le Burkina Faso, digne et souverain !<\/b><\/span><\/p>\n<p class=\"p1\" style=\"text-align: right;\"><span class=\"s2\"><b>La patrie ou la mort, nous vaincrons !<\/b><\/span><\/p>\n<p class=\"p1\" style=\"text-align: right;\"><span class=\"s2\"><b>Peuples de l&rsquo;AES, unis et solidaires NOUS VAINCRONS !<\/b><\/span><\/p>\n<p class=\"p1\" style=\"text-align: right;\"><span class=\"s2\"><b>Je vous remercie.<\/b><\/span><\/p>\n<p class=\"p1\" style=\"text-align: right;\"><span class=\"s2\"><b>Bamako, le 12 D\u00e9cembre 2024<\/b><\/span><\/p>\n<p class=\"p1\" style=\"text-align: right;\"><span class=\"s2\"><b>POUR LA CP-AES\u00a0<\/b><\/span><\/p>\n","protected":false},"excerpt":{"rendered":"<p>\u00c0 l&rsquo;occasion de la comm\u00e9moration du 64\u00e8me anniversaire de l&rsquo;ind\u00e9pendance du Burkina Faso, la Conf\u00e9d\u00e9ration<\/p>\n","protected":false},"author":2,"featured_media":1023,"comment_status":"open","ping_status":"open","sticky":false,"template":"","format":"standard","meta":{"_et_pb_use_builder":"","_et_pb_old_content":"","_et_gb_content_width":"","footnotes":""},"categories":[5],"tags":[61,18,123,353,262,31,60],"class_list":["post-1022","post","type-post","status-publish","format-standard","has-post-thumbnail","hentry","category-societe","tag-aes","tag-burkina-faso","tag-confederation-de-lalliances-des-etats-du-sahel","tag-confederation-des-peuples-de-lalliance-des-etats-du-sahel","tag-cp-aes","tag-mali","tag-niger"],"yoast_head":"<!-- This site is optimized with the Yoast SEO plugin v27.5 - https:\/\/yoast.com\/product\/yoast-seo-wordpress\/ -->\n<title>64\u00e8me Anniversaire de l&#039;Ind\u00e9pendance du Burkina Faso : La CP-AES salue le courage des FDS et honore la m\u00e9moire des H\u00e9ros tomb\u00e9s - Vox Sahel<\/title>\n<meta name=\"robots\" content=\"index, follow, max-snippet:-1, max-image-preview:large, max-video-preview:-1\" \/>\n<link rel=\"canonical\" href=\"https:\/\/voxsahel.com\/?p=1022\" \/>\n<meta property=\"og:locale\" content=\"fr_FR\" \/>\n<meta property=\"og:type\" content=\"article\" \/>\n<meta property=\"og:title\" content=\"64\u00e8me Anniversaire de l&#039;Ind\u00e9pendance du Burkina Faso : La CP-AES salue le courage des FDS et honore la m\u00e9moire des H\u00e9ros tomb\u00e9s - Vox Sahel\" \/>\n<meta property=\"og:description\" content=\"\u00c0 l&rsquo;occasion de la comm\u00e9moration du 64\u00e8me anniversaire de l&rsquo;ind\u00e9pendance du Burkina Faso, la Conf\u00e9d\u00e9ration\" \/>\n<meta property=\"og:url\" content=\"https:\/\/voxsahel.com\/?p=1022\" \/>\n<meta property=\"og:site_name\" content=\"Vox Sahel\" \/>\n<meta property=\"article:publisher\" content=\"https:\/\/www.facebook.com\/journal.voxsahel\" \/>\n<meta property=\"article:published_time\" content=\"2024-12-14T07:36:59+00:00\" \/>\n<meta property=\"og:image\" content=\"https:\/\/voxsahel.com\/wp-content\/uploads\/2024\/12\/6c052cf6-6485-4c13-b61f-0a5515ad4664.jpeg\" \/>\n\t<meta property=\"og:image:width\" content=\"2560\" \/>\n\t<meta property=\"og:image:height\" content=\"1706\" \/>\n\t<meta property=\"og:image:type\" content=\"image\/jpeg\" \/>\n<meta name=\"author\" content=\"Vox Sahel\" \/>\n<meta name=\"twitter:card\" content=\"summary_large_image\" \/>\n<meta name=\"twitter:label1\" content=\"\u00c9crit par\" \/>\n\t<meta name=\"twitter:data1\" content=\"Vox Sahel\" \/>\n\t<meta name=\"twitter:label2\" content=\"Dur\u00e9e de lecture estim\u00e9e\" \/>\n\t<meta name=\"twitter:data2\" content=\"5 minutes\" \/>\n<script type=\"application\/ld+json\" class=\"yoast-schema-graph\">{\"@context\":\"https:\\\/\\\/schema.org\",\"@graph\":[{\"@type\":\"Article\",\"@id\":\"https:\\\/\\\/voxsahel.com\\\/?p=1022#article\",\"isPartOf\":{\"@id\":\"https:\\\/\\\/voxsahel.com\\\/?p=1022\"},\"author\":{\"name\":\"Vox Sahel\",\"@id\":\"https:\\\/\\\/voxsahel.com\\\/#\\\/schema\\\/person\\\/b4043608248f8fa227cd760e7ff1e19e\"},\"headline\":\"64\u00e8me Anniversaire de l&rsquo;Ind\u00e9pendance du Burkina Faso : La CP-AES salue le courage des FDS et honore la m\u00e9moire des H\u00e9ros tomb\u00e9s\",\"datePublished\":\"2024-12-14T07:36:59+00:00\",\"mainEntityOfPage\":{\"@id\":\"https:\\\/\\\/voxsahel.com\\\/?p=1022\"},\"wordCount\":888,\"commentCount\":0,\"publisher\":{\"@id\":\"https:\\\/\\\/voxsahel.com\\\/#organization\"},\"image\":{\"@id\":\"https:\\\/\\\/voxsahel.com\\\/?p=1022#primaryimage\"},\"thumbnailUrl\":\"https:\\\/\\\/voxsahel.com\\\/wp-content\\\/uploads\\\/2024\\\/12\\\/6c052cf6-6485-4c13-b61f-0a5515ad4664.jpeg\",\"keywords\":[\"AES\",\"Burkina Faso\",\"Conf\u00e9d\u00e9ration de l\u2019Alliances des \u00c9tats du Sahel\",\"Conf\u00e9d\u00e9ration des Peuples de l'Alliance des \u00c9tats du Sahel\",\"CP-AES\",\"Mali\",\"Niger\"],\"articleSection\":[\"SOCIETE\"],\"inLanguage\":\"fr-FR\",\"potentialAction\":[{\"@type\":\"CommentAction\",\"name\":\"Comment\",\"target\":[\"https:\\\/\\\/voxsahel.com\\\/?p=1022#respond\"]}]},{\"@type\":\"WebPage\",\"@id\":\"https:\\\/\\\/voxsahel.com\\\/?p=1022\",\"url\":\"https:\\\/\\\/voxsahel.com\\\/?p=1022\",\"name\":\"64\u00e8me Anniversaire de l'Ind\u00e9pendance du Burkina Faso : La CP-AES salue le courage des FDS et honore la m\u00e9moire des H\u00e9ros tomb\u00e9s - Vox Sahel\",\"isPartOf\":{\"@id\":\"https:\\\/\\\/voxsahel.com\\\/#website\"},\"primaryImageOfPage\":{\"@id\":\"https:\\\/\\\/voxsahel.com\\\/?p=1022#primaryimage\"},\"image\":{\"@id\":\"https:\\\/\\\/voxsahel.com\\\/?p=1022#primaryimage\"},\"thumbnailUrl\":\"https:\\\/\\\/voxsahel.com\\\/wp-content\\\/uploads\\\/2024\\\/12\\\/6c052cf6-6485-4c13-b61f-0a5515ad4664.jpeg\",\"datePublished\":\"2024-12-14T07:36:59+00:00\",\"breadcrumb\":{\"@id\":\"https:\\\/\\\/voxsahel.com\\\/?p=1022#breadcrumb\"},\"inLanguage\":\"fr-FR\",\"potentialAction\":[{\"@type\":\"ReadAction\",\"target\":[\"https:\\\/\\\/voxsahel.com\\\/?p=1022\"]}]},{\"@type\":\"ImageObject\",\"inLanguage\":\"fr-FR\",\"@id\":\"https:\\\/\\\/voxsahel.com\\\/?p=1022#primaryimage\",\"url\":\"https:\\\/\\\/voxsahel.com\\\/wp-content\\\/uploads\\\/2024\\\/12\\\/6c052cf6-6485-4c13-b61f-0a5515ad4664.jpeg\",\"contentUrl\":\"https:\\\/\\\/voxsahel.com\\\/wp-content\\\/uploads\\\/2024\\\/12\\\/6c052cf6-6485-4c13-b61f-0a5515ad4664.jpeg\",\"width\":2560,\"height\":1706},{\"@type\":\"BreadcrumbList\",\"@id\":\"https:\\\/\\\/voxsahel.com\\\/?p=1022#breadcrumb\",\"itemListElement\":[{\"@type\":\"ListItem\",\"position\":1,\"name\":\"Home\",\"item\":\"https:\\\/\\\/voxsahel.com\\\/\"},{\"@type\":\"ListItem\",\"position\":2,\"name\":\"64\u00e8me Anniversaire de l&rsquo;Ind\u00e9pendance du Burkina Faso : La CP-AES salue le courage des FDS et honore la m\u00e9moire des H\u00e9ros tomb\u00e9s\"}]},{\"@type\":\"WebSite\",\"@id\":\"https:\\\/\\\/voxsahel.com\\\/#website\",\"url\":\"https:\\\/\\\/voxsahel.com\\\/\",\"name\":\"Vox Sahel\",\"description\":\"Informez-vous sur le Sahel en un clic\",\"publisher\":{\"@id\":\"https:\\\/\\\/voxsahel.com\\\/#organization\"},\"potentialAction\":[{\"@type\":\"SearchAction\",\"target\":{\"@type\":\"EntryPoint\",\"urlTemplate\":\"https:\\\/\\\/voxsahel.com\\\/?s={search_term_string}\"},\"query-input\":{\"@type\":\"PropertyValueSpecification\",\"valueRequired\":true,\"valueName\":\"search_term_string\"}}],\"inLanguage\":\"fr-FR\"},{\"@type\":\"Organization\",\"@id\":\"https:\\\/\\\/voxsahel.com\\\/#organization\",\"name\":\"Vox Sahel\",\"url\":\"https:\\\/\\\/voxsahel.com\\\/\",\"logo\":{\"@type\":\"ImageObject\",\"inLanguage\":\"fr-FR\",\"@id\":\"https:\\\/\\\/voxsahel.com\\\/#\\\/schema\\\/logo\\\/image\\\/\",\"url\":\"https:\\\/\\\/voxsahel.com\\\/wp-content\\\/uploads\\\/2024\\\/09\\\/Logo-Vox-Sahel.jpg\",\"contentUrl\":\"https:\\\/\\\/voxsahel.com\\\/wp-content\\\/uploads\\\/2024\\\/09\\\/Logo-Vox-Sahel.jpg\",\"width\":1181,\"height\":848,\"caption\":\"Vox Sahel\"},\"image\":{\"@id\":\"https:\\\/\\\/voxsahel.com\\\/#\\\/schema\\\/logo\\\/image\\\/\"},\"sameAs\":[\"https:\\\/\\\/www.facebook.com\\\/journal.voxsahel\"]},{\"@type\":\"Person\",\"@id\":\"https:\\\/\\\/voxsahel.com\\\/#\\\/schema\\\/person\\\/b4043608248f8fa227cd760e7ff1e19e\",\"name\":\"Vox Sahel\",\"image\":{\"@type\":\"ImageObject\",\"inLanguage\":\"fr-FR\",\"@id\":\"https:\\\/\\\/secure.gravatar.com\\\/avatar\\\/f70e7fa0cb9b29d4a7c5788d6eb2e9ab4d3135cbae1c9161810fdf77a8964699?s=96&d=mm&r=g\",\"url\":\"https:\\\/\\\/secure.gravatar.com\\\/avatar\\\/f70e7fa0cb9b29d4a7c5788d6eb2e9ab4d3135cbae1c9161810fdf77a8964699?s=96&d=mm&r=g\",\"contentUrl\":\"https:\\\/\\\/secure.gravatar.com\\\/avatar\\\/f70e7fa0cb9b29d4a7c5788d6eb2e9ab4d3135cbae1c9161810fdf77a8964699?s=96&d=mm&r=g\",\"caption\":\"Vox Sahel\"},\"sameAs\":[\"http:\\\/\\\/www.voxsahel.com\"],\"url\":\"https:\\\/\\\/voxsahel.com\\\/?author=2\"}]}<\/script>\n<!-- \/ Yoast SEO plugin. -->","yoast_head_json":{"title":"64\u00e8me Anniversaire de l'Ind\u00e9pendance du Burkina Faso : La CP-AES salue le courage des FDS et honore la m\u00e9moire des H\u00e9ros tomb\u00e9s - Vox Sahel","robots":{"index":"index","follow":"follow","max-snippet":"max-snippet:-1","max-image-preview":"max-image-preview:large","max-video-preview":"max-video-preview:-1"},"canonical":"https:\/\/voxsahel.com\/?p=1022","og_locale":"fr_FR","og_type":"article","og_title":"64\u00e8me Anniversaire de l'Ind\u00e9pendance du Burkina Faso : La CP-AES salue le courage des FDS et honore la m\u00e9moire des H\u00e9ros tomb\u00e9s - Vox Sahel","og_description":"\u00c0 l&rsquo;occasion de la comm\u00e9moration du 64\u00e8me anniversaire de l&rsquo;ind\u00e9pendance du Burkina Faso, la Conf\u00e9d\u00e9ration","og_url":"https:\/\/voxsahel.com\/?p=1022","og_site_name":"Vox Sahel","article_publisher":"https:\/\/www.facebook.com\/journal.voxsahel","article_published_time":"2024-12-14T07:36:59+00:00","og_image":[{"width":2560,"height":1706,"url":"https:\/\/voxsahel.com\/wp-content\/uploads\/2024\/12\/6c052cf6-6485-4c13-b61f-0a5515ad4664.jpeg","type":"image\/jpeg"}],"author":"Vox Sahel","twitter_card":"summary_large_image","twitter_misc":{"\u00c9crit par":"Vox Sahel","Dur\u00e9e de lecture estim\u00e9e":"5 minutes"},"schema":{"@context":"https:\/\/schema.org","@graph":[{"@type":"Article","@id":"https:\/\/voxsahel.com\/?p=1022#article","isPartOf":{"@id":"https:\/\/voxsahel.com\/?p=1022"},"author":{"name":"Vox Sahel","@id":"https:\/\/voxsahel.com\/#\/schema\/person\/b4043608248f8fa227cd760e7ff1e19e"},"headline":"64\u00e8me Anniversaire de l&rsquo;Ind\u00e9pendance du Burkina Faso : La CP-AES salue le courage des FDS et honore la m\u00e9moire des H\u00e9ros tomb\u00e9s","datePublished":"2024-12-14T07:36:59+00:00","mainEntityOfPage":{"@id":"https:\/\/voxsahel.com\/?p=1022"},"wordCount":888,"commentCount":0,"publisher":{"@id":"https:\/\/voxsahel.com\/#organization"},"image":{"@id":"https:\/\/voxsahel.com\/?p=1022#primaryimage"},"thumbnailUrl":"https:\/\/voxsahel.com\/wp-content\/uploads\/2024\/12\/6c052cf6-6485-4c13-b61f-0a5515ad4664.jpeg","keywords":["AES","Burkina Faso","Conf\u00e9d\u00e9ration de l\u2019Alliances des \u00c9tats du Sahel","Conf\u00e9d\u00e9ration des Peuples de l'Alliance des \u00c9tats du Sahel","CP-AES","Mali","Niger"],"articleSection":["SOCIETE"],"inLanguage":"fr-FR","potentialAction":[{"@type":"CommentAction","name":"Comment","target":["https:\/\/voxsahel.com\/?p=1022#respond"]}]},{"@type":"WebPage","@id":"https:\/\/voxsahel.com\/?p=1022","url":"https:\/\/voxsahel.com\/?p=1022","name":"64\u00e8me Anniversaire de l'Ind\u00e9pendance du Burkina Faso : La CP-AES salue le courage des FDS et honore la m\u00e9moire des H\u00e9ros tomb\u00e9s - Vox Sahel","isPartOf":{"@id":"https:\/\/voxsahel.com\/#website"},"primaryImageOfPage":{"@id":"https:\/\/voxsahel.com\/?p=1022#primaryimage"},"image":{"@id":"https:\/\/voxsahel.com\/?p=1022#primaryimage"},"thumbnailUrl":"https:\/\/voxsahel.com\/wp-content\/uploads\/2024\/12\/6c052cf6-6485-4c13-b61f-0a5515ad4664.jpeg","datePublished":"2024-12-14T07:36:59+00:00","breadcrumb":{"@id":"https:\/\/voxsahel.com\/?p=1022#breadcrumb"},"inLanguage":"fr-FR","potentialAction":[{"@type":"ReadAction","target":["https:\/\/voxsahel.com\/?p=1022"]}]},{"@type":"ImageObject","inLanguage":"fr-FR","@id":"https:\/\/voxsahel.com\/?p=1022#primaryimage","url":"https:\/\/voxsahel.com\/wp-content\/uploads\/2024\/12\/6c052cf6-6485-4c13-b61f-0a5515ad4664.jpeg","contentUrl":"https:\/\/voxsahel.com\/wp-content\/uploads\/2024\/12\/6c052cf6-6485-4c13-b61f-0a5515ad4664.jpeg","width":2560,"height":1706},{"@type":"BreadcrumbList","@id":"https:\/\/voxsahel.com\/?p=1022#breadcrumb","itemListElement":[{"@type":"ListItem","position":1,"name":"Home","item":"https:\/\/voxsahel.com\/"},{"@type":"ListItem","position":2,"name":"64\u00e8me Anniversaire de l&rsquo;Ind\u00e9pendance du Burkina Faso : La CP-AES salue le courage des FDS et honore la m\u00e9moire des H\u00e9ros tomb\u00e9s"}]},{"@type":"WebSite","@id":"https:\/\/voxsahel.com\/#website","url":"https:\/\/voxsahel.com\/","name":"Vox Sahel","description":"Informez-vous sur le Sahel en un clic","publisher":{"@id":"https:\/\/voxsahel.com\/#organization"},"potentialAction":[{"@type":"SearchAction","target":{"@type":"EntryPoint","urlTemplate":"https:\/\/voxsahel.com\/?s={search_term_string}"},"query-input":{"@type":"PropertyValueSpecification","valueRequired":true,"valueName":"search_term_string"}}],"inLanguage":"fr-FR"},{"@type":"Organization","@id":"https:\/\/voxsahel.com\/#organization","name":"Vox Sahel","url":"https:\/\/voxsahel.com\/","logo":{"@type":"ImageObject","inLanguage":"fr-FR","@id":"https:\/\/voxsahel.com\/#\/schema\/logo\/image\/","url":"https:\/\/voxsahel.com\/wp-content\/uploads\/2024\/09\/Logo-Vox-Sahel.jpg","contentUrl":"https:\/\/voxsahel.com\/wp-content\/uploads\/2024\/09\/Logo-Vox-Sahel.jpg","width":1181,"height":848,"caption":"Vox Sahel"},"image":{"@id":"https:\/\/voxsahel.com\/#\/schema\/logo\/image\/"},"sameAs":["https:\/\/www.facebook.com\/journal.voxsahel"]},{"@type":"Person","@id":"https:\/\/voxsahel.com\/#\/schema\/person\/b4043608248f8fa227cd760e7ff1e19e","name":"Vox Sahel","image":{"@type":"ImageObject","inLanguage":"fr-FR","@id":"https:\/\/secure.gravatar.com\/avatar\/f70e7fa0cb9b29d4a7c5788d6eb2e9ab4d3135cbae1c9161810fdf77a8964699?s=96&d=mm&r=g","url":"https:\/\/secure.gravatar.com\/avatar\/f70e7fa0cb9b29d4a7c5788d6eb2e9ab4d3135cbae1c9161810fdf77a8964699?s=96&d=mm&r=g","contentUrl":"https:\/\/secure.gravatar.com\/avatar\/f70e7fa0cb9b29d4a7c5788d6eb2e9ab4d3135cbae1c9161810fdf77a8964699?s=96&d=mm&r=g","caption":"Vox Sahel"},"sameAs":["http:\/\/www.voxsahel.com"],"url":"https:\/\/voxsahel.com\/?author=2"}]}},"_links":{"self":[{"href":"https:\/\/voxsahel.com\/index.php?rest_route=\/wp\/v2\/posts\/1022","targetHints":{"allow":["GET"]}}],"collection":[{"href":"https:\/\/voxsahel.com\/index.php?rest_route=\/wp\/v2\/posts"}],"about":[{"href":"https:\/\/voxsahel.com\/index.php?rest_route=\/wp\/v2\/types\/post"}],"author":[{"embeddable":true,"href":"https:\/\/voxsahel.com\/index.php?rest_route=\/wp\/v2\/users\/2"}],"replies":[{"embeddable":true,"href":"https:\/\/voxsahel.com\/index.php?rest_route=%2Fwp%2Fv2%2Fcomments&post=1022"}],"version-history":[{"count":1,"href":"https:\/\/voxsahel.com\/index.php?rest_route=\/wp\/v2\/posts\/1022\/revisions"}],"predecessor-version":[{"id":1024,"href":"https:\/\/voxsahel.com\/index.php?rest_route=\/wp\/v2\/posts\/1022\/revisions\/1024"}],"wp:featuredmedia":[{"embeddable":true,"href":"https:\/\/voxsahel.com\/index.php?rest_route=\/wp\/v2\/media\/1023"}],"wp:attachment":[{"href":"https:\/\/voxsahel.com\/index.php?rest_route=%2Fwp%2Fv2%2Fmedia&parent=1022"}],"wp:term":[{"taxonomy":"category","embeddable":true,"href":"https:\/\/voxsahel.com\/index.php?rest_route=%2Fwp%2Fv2%2Fcategories&post=1022"},{"taxonomy":"post_tag","embeddable":true,"href":"https:\/\/voxsahel.com\/index.php?rest_route=%2Fwp%2Fv2%2Ftags&post=1022"}],"curies":[{"name":"wp","href":"https:\/\/api.w.org\/{rel}","templated":true}]}}