{"id":1019,"date":"2024-12-13T14:41:05","date_gmt":"2024-12-13T14:41:05","guid":{"rendered":"https:\/\/voxsahel.com\/?p=1019"},"modified":"2024-12-13T14:41:05","modified_gmt":"2024-12-13T14:41:05","slug":"cedeao-le-parlement-appelle-a-une-prolongation-du-delai-de-retrait-des-pays-de-laes","status":"publish","type":"post","link":"https:\/\/voxsahel.com\/?p=1019","title":{"rendered":"CEDEAO : Le Parlement appelle \u00e0 une prolongation du d\u00e9lai de retrait des pays de l\u2019AES"},"content":{"rendered":"<p class=\"p1\">Dans un contexte de tensions politiques et \u00e9conomiques croissantes, le Bureau du Parlement de la Communaut\u00e9 \u00e9conomique des \u00c9tats de l&rsquo;Afrique de l&rsquo;Ouest (CEDEAO) a \u00e9mis un avis favorable \u00e0 l&rsquo;adoption du budget de la Communaut\u00e9 pour l&rsquo;ann\u00e9e \u00e0 venir. Parall\u00e8lement, il a plaid\u00e9 avec insistance pour une prorogation du d\u00e9lai de retrait du Mali, du Burkina Faso et du Niger de l&rsquo;organisation r\u00e9gionale.<\/p>\n<p class=\"p1\"><span class=\"s2\">Initialement fix\u00e9 au 29 janvier 2025, ce d\u00e9lai marquerait la fin de l&rsquo;appartenance de ces trois pays \u00e0 la CEDEAO, suite \u00e0 des divergences politiques majeures avec les autres membres de la Communaut\u00e9. Cependant, le Parlement, soucieux de pr\u00e9server l&rsquo;unit\u00e9 r\u00e9gionale, a exhort\u00e9 la Conf\u00e9rence des chefs d&rsquo;\u00c9tat et de gouvernement \u00e0 adopter une \u00ab mesure extraordinaire \u00bb permettant de prolonger ce d\u00e9lai.<\/span><\/p>\n<p class=\"p1\"><span class=\"s2\">Pour le Parlement, cette prorogation offrirait une opportunit\u00e9 pr\u00e9cieuse de renouer le dialogue avec les autorit\u00e9s de transition du Mali, du Burkina Faso et du Niger. \u00ab\u00a0Il est imp\u00e9ratif d&rsquo;\u00e9viter la d\u00e9sint\u00e9gration de notre Communaut\u00e9\u00a0\u00bb, a d\u00e9clar\u00e9 un porte-parole du Parlement. \u00ab\u00a0En prolongeant le d\u00e9lai, nous cr\u00e9ons un espace pour des discussions plus approfondies et des n\u00e9gociations constructives, qui pourraient aboutir \u00e0 des solutions consensuelles et b\u00e9n\u00e9fiques pour tous.\u00a0\u00bb<\/span><\/p>\n<p class=\"p1\"><span class=\"s2\">Cette position refl\u00e8te une pr\u00e9occupation majeure : la fragmentation de la CEDEAO pourrait affaiblir la r\u00e9gion, non seulement sur le plan institutionnel, mais aussi en termes de s\u00e9curit\u00e9, d&rsquo;int\u00e9gration \u00e9conomique et de coop\u00e9ration politique.<\/span><\/p>\n<p class=\"p1\"><span class=\"s2\">Le retrait annonc\u00e9 du Mali, du Burkina Faso et du Niger d\u00e9coule en grande partie des sanctions impos\u00e9es \u00e0 ces pays apr\u00e8s des coups d&rsquo;\u00c9tat militaires, ainsi que des diff\u00e9rends sur la gouvernance et l&rsquo;approche de la transition d\u00e9mocratique. Les autorit\u00e9s de ces \u00c9tats ont exprim\u00e9 leur m\u00e9contentement face \u00e0 ce qu&rsquo;elles consid\u00e8rent comme des d\u00e9cisions unilat\u00e9rales et punitives de la CEDEAO.<\/span><\/p>\n<p class=\"p1\"><span class=\"s2\">Cependant, certains observateurs estiment que les trois pays pourraient envisager un retour dans l&rsquo;organisation si des garanties \u00e9taient offertes sur une approche plus inclusive et moins coercitive.<\/span><\/p>\n<p class=\"p1\"><span class=\"s2\">La d\u00e9cision de prolonger ou non le d\u00e9lai de retrait sera prise lors de la prochaine Conf\u00e9rence des chefs d&rsquo;\u00c9tat et de gouvernement de la CEDEAO. Ce sommet, pr\u00e9vu \u00e0 la fin de d\u00e9cembre 2024, pourrait \u00eatre d\u00e9terminant pour l&rsquo;avenir de l&rsquo;organisation r\u00e9gionale.<\/span><\/p>\n<p class=\"p1\"><span class=\"s2\">En attendant, le Parlement de la CEDEAO insiste sur l&rsquo;urgence d&rsquo;un dialogue sinc\u00e8re et ouvert. \u00ab\u00a0La CEDEAO est un pilier de l&rsquo;int\u00e9gration r\u00e9gionale en Afrique de l&rsquo;Ouest. Il serait dommageable pour tous ses membres que la Communaut\u00e9 perd de trois pays cl\u00e9s, avec tout ce que cela implique sur les plans politique, \u00e9conomique et s\u00e9curitaire\u00a0\u00bb, a conclut un d\u00e9put\u00e9.<\/span><\/p>\n<p class=\"p1\"><span class=\"s2\">Alors que la r\u00e9gion fait face \u00e0 des d\u00e9fis multiples, allant du terrorisme \u00e0 l&rsquo;instabilit\u00e9 \u00e9conomique, la pr\u00e9servation de l&rsquo;unit\u00e9 de la CEDEAO appara\u00eet plus que jamais comme une priorit\u00e9 strat\u00e9gique. La prorogation du d\u00e9lai de retrait pourrait constituer une \u00e9tape vers une solution durable et une preuve que, malgr\u00e9 les crises, le dialogue reste un outil puissant pour surmonter les divisions.<br \/>\n<\/span><b style=\"text-align: right;\">Affaire \u00e0 suivre lors du prochain sommet.<\/b><\/p>\n<p style=\"text-align: right;\"><b>Par Vox Sahel<\/b><\/p>\n<p class=\"p2\">\n","protected":false},"excerpt":{"rendered":"<p>Dans un contexte de tensions politiques et \u00e9conomiques croissantes, le Bureau du Parlement de la<\/p>\n","protected":false},"author":2,"featured_media":1020,"comment_status":"open","ping_status":"open","sticky":false,"template":"","format":"standard","meta":{"_et_pb_use_builder":"","_et_pb_old_content":"","_et_gb_content_width":"","footnotes":""},"categories":[6],"tags":[61,62,18,289,123,31,60],"class_list":["post-1019","post","type-post","status-publish","format-standard","has-post-thumbnail","hentry","category-politique","tag-aes","tag-alliance-des-etats-du-sahel","tag-burkina-faso","tag-cedeao","tag-confederation-de-lalliances-des-etats-du-sahel","tag-mali","tag-niger"],"yoast_head":"<!-- This site is optimized with the Yoast SEO plugin v27.5 - https:\/\/yoast.com\/product\/yoast-seo-wordpress\/ -->\n<title>CEDEAO : Le Parlement appelle \u00e0 une prolongation du d\u00e9lai de retrait des pays de l\u2019AES - Vox Sahel<\/title>\n<meta name=\"robots\" content=\"index, follow, max-snippet:-1, max-image-preview:large, max-video-preview:-1\" \/>\n<link rel=\"canonical\" href=\"https:\/\/voxsahel.com\/?p=1019\" \/>\n<meta property=\"og:locale\" content=\"fr_FR\" \/>\n<meta property=\"og:type\" content=\"article\" \/>\n<meta property=\"og:title\" content=\"CEDEAO : Le Parlement appelle \u00e0 une prolongation du d\u00e9lai de retrait des pays de l\u2019AES - Vox Sahel\" \/>\n<meta property=\"og:description\" content=\"Dans un contexte de tensions politiques et \u00e9conomiques croissantes, le Bureau du Parlement de la\" \/>\n<meta property=\"og:url\" content=\"https:\/\/voxsahel.com\/?p=1019\" \/>\n<meta property=\"og:site_name\" content=\"Vox Sahel\" \/>\n<meta property=\"article:publisher\" content=\"https:\/\/www.facebook.com\/journal.voxsahel\" \/>\n<meta property=\"article:published_time\" content=\"2024-12-13T14:41:05+00:00\" \/>\n<meta property=\"og:image\" content=\"https:\/\/voxsahel.com\/wp-content\/uploads\/2024\/12\/IMG_1126.jpeg\" \/>\n\t<meta property=\"og:image:width\" content=\"680\" \/>\n\t<meta property=\"og:image:height\" content=\"400\" \/>\n\t<meta property=\"og:image:type\" content=\"image\/jpeg\" \/>\n<meta name=\"author\" content=\"Vox Sahel\" \/>\n<meta name=\"twitter:card\" content=\"summary_large_image\" \/>\n<meta name=\"twitter:label1\" content=\"\u00c9crit par\" \/>\n\t<meta name=\"twitter:data1\" content=\"Vox Sahel\" \/>\n\t<meta name=\"twitter:label2\" content=\"Dur\u00e9e de lecture estim\u00e9e\" \/>\n\t<meta name=\"twitter:data2\" content=\"3 minutes\" \/>\n<script type=\"application\/ld+json\" class=\"yoast-schema-graph\">{\"@context\":\"https:\\\/\\\/schema.org\",\"@graph\":[{\"@type\":\"Article\",\"@id\":\"https:\\\/\\\/voxsahel.com\\\/?p=1019#article\",\"isPartOf\":{\"@id\":\"https:\\\/\\\/voxsahel.com\\\/?p=1019\"},\"author\":{\"name\":\"Vox Sahel\",\"@id\":\"https:\\\/\\\/voxsahel.com\\\/#\\\/schema\\\/person\\\/b4043608248f8fa227cd760e7ff1e19e\"},\"headline\":\"CEDEAO : Le Parlement appelle \u00e0 une prolongation du d\u00e9lai de retrait des pays de l\u2019AES\",\"datePublished\":\"2024-12-13T14:41:05+00:00\",\"mainEntityOfPage\":{\"@id\":\"https:\\\/\\\/voxsahel.com\\\/?p=1019\"},\"wordCount\":569,\"commentCount\":0,\"publisher\":{\"@id\":\"https:\\\/\\\/voxsahel.com\\\/#organization\"},\"image\":{\"@id\":\"https:\\\/\\\/voxsahel.com\\\/?p=1019#primaryimage\"},\"thumbnailUrl\":\"https:\\\/\\\/voxsahel.com\\\/wp-content\\\/uploads\\\/2024\\\/12\\\/IMG_1126.jpeg\",\"keywords\":[\"AES\",\"Alliance des \u00c9tats du Sahel\",\"Burkina Faso\",\"CEDEAO\",\"Conf\u00e9d\u00e9ration de l\u2019Alliances des \u00c9tats du Sahel\",\"Mali\",\"Niger\"],\"articleSection\":[\"POLITIQUE\"],\"inLanguage\":\"fr-FR\",\"potentialAction\":[{\"@type\":\"CommentAction\",\"name\":\"Comment\",\"target\":[\"https:\\\/\\\/voxsahel.com\\\/?p=1019#respond\"]}]},{\"@type\":\"WebPage\",\"@id\":\"https:\\\/\\\/voxsahel.com\\\/?p=1019\",\"url\":\"https:\\\/\\\/voxsahel.com\\\/?p=1019\",\"name\":\"CEDEAO : Le Parlement appelle \u00e0 une prolongation du d\u00e9lai de retrait des pays de l\u2019AES - Vox Sahel\",\"isPartOf\":{\"@id\":\"https:\\\/\\\/voxsahel.com\\\/#website\"},\"primaryImageOfPage\":{\"@id\":\"https:\\\/\\\/voxsahel.com\\\/?p=1019#primaryimage\"},\"image\":{\"@id\":\"https:\\\/\\\/voxsahel.com\\\/?p=1019#primaryimage\"},\"thumbnailUrl\":\"https:\\\/\\\/voxsahel.com\\\/wp-content\\\/uploads\\\/2024\\\/12\\\/IMG_1126.jpeg\",\"datePublished\":\"2024-12-13T14:41:05+00:00\",\"breadcrumb\":{\"@id\":\"https:\\\/\\\/voxsahel.com\\\/?p=1019#breadcrumb\"},\"inLanguage\":\"fr-FR\",\"potentialAction\":[{\"@type\":\"ReadAction\",\"target\":[\"https:\\\/\\\/voxsahel.com\\\/?p=1019\"]}]},{\"@type\":\"ImageObject\",\"inLanguage\":\"fr-FR\",\"@id\":\"https:\\\/\\\/voxsahel.com\\\/?p=1019#primaryimage\",\"url\":\"https:\\\/\\\/voxsahel.com\\\/wp-content\\\/uploads\\\/2024\\\/12\\\/IMG_1126.jpeg\",\"contentUrl\":\"https:\\\/\\\/voxsahel.com\\\/wp-content\\\/uploads\\\/2024\\\/12\\\/IMG_1126.jpeg\",\"width\":680,\"height\":400},{\"@type\":\"BreadcrumbList\",\"@id\":\"https:\\\/\\\/voxsahel.com\\\/?p=1019#breadcrumb\",\"itemListElement\":[{\"@type\":\"ListItem\",\"position\":1,\"name\":\"Home\",\"item\":\"https:\\\/\\\/voxsahel.com\\\/\"},{\"@type\":\"ListItem\",\"position\":2,\"name\":\"CEDEAO : Le Parlement appelle \u00e0 une prolongation du d\u00e9lai de retrait des pays de l\u2019AES\"}]},{\"@type\":\"WebSite\",\"@id\":\"https:\\\/\\\/voxsahel.com\\\/#website\",\"url\":\"https:\\\/\\\/voxsahel.com\\\/\",\"name\":\"Vox Sahel\",\"description\":\"Informez-vous sur le Sahel en un clic\",\"publisher\":{\"@id\":\"https:\\\/\\\/voxsahel.com\\\/#organization\"},\"potentialAction\":[{\"@type\":\"SearchAction\",\"target\":{\"@type\":\"EntryPoint\",\"urlTemplate\":\"https:\\\/\\\/voxsahel.com\\\/?s={search_term_string}\"},\"query-input\":{\"@type\":\"PropertyValueSpecification\",\"valueRequired\":true,\"valueName\":\"search_term_string\"}}],\"inLanguage\":\"fr-FR\"},{\"@type\":\"Organization\",\"@id\":\"https:\\\/\\\/voxsahel.com\\\/#organization\",\"name\":\"Vox Sahel\",\"url\":\"https:\\\/\\\/voxsahel.com\\\/\",\"logo\":{\"@type\":\"ImageObject\",\"inLanguage\":\"fr-FR\",\"@id\":\"https:\\\/\\\/voxsahel.com\\\/#\\\/schema\\\/logo\\\/image\\\/\",\"url\":\"https:\\\/\\\/voxsahel.com\\\/wp-content\\\/uploads\\\/2024\\\/09\\\/Logo-Vox-Sahel.jpg\",\"contentUrl\":\"https:\\\/\\\/voxsahel.com\\\/wp-content\\\/uploads\\\/2024\\\/09\\\/Logo-Vox-Sahel.jpg\",\"width\":1181,\"height\":848,\"caption\":\"Vox Sahel\"},\"image\":{\"@id\":\"https:\\\/\\\/voxsahel.com\\\/#\\\/schema\\\/logo\\\/image\\\/\"},\"sameAs\":[\"https:\\\/\\\/www.facebook.com\\\/journal.voxsahel\"]},{\"@type\":\"Person\",\"@id\":\"https:\\\/\\\/voxsahel.com\\\/#\\\/schema\\\/person\\\/b4043608248f8fa227cd760e7ff1e19e\",\"name\":\"Vox Sahel\",\"image\":{\"@type\":\"ImageObject\",\"inLanguage\":\"fr-FR\",\"@id\":\"https:\\\/\\\/secure.gravatar.com\\\/avatar\\\/f70e7fa0cb9b29d4a7c5788d6eb2e9ab4d3135cbae1c9161810fdf77a8964699?s=96&d=mm&r=g\",\"url\":\"https:\\\/\\\/secure.gravatar.com\\\/avatar\\\/f70e7fa0cb9b29d4a7c5788d6eb2e9ab4d3135cbae1c9161810fdf77a8964699?s=96&d=mm&r=g\",\"contentUrl\":\"https:\\\/\\\/secure.gravatar.com\\\/avatar\\\/f70e7fa0cb9b29d4a7c5788d6eb2e9ab4d3135cbae1c9161810fdf77a8964699?s=96&d=mm&r=g\",\"caption\":\"Vox Sahel\"},\"sameAs\":[\"http:\\\/\\\/www.voxsahel.com\"],\"url\":\"https:\\\/\\\/voxsahel.com\\\/?author=2\"}]}<\/script>\n<!-- \/ Yoast SEO plugin. -->","yoast_head_json":{"title":"CEDEAO : Le Parlement appelle \u00e0 une prolongation du d\u00e9lai de retrait des pays de l\u2019AES - Vox Sahel","robots":{"index":"index","follow":"follow","max-snippet":"max-snippet:-1","max-image-preview":"max-image-preview:large","max-video-preview":"max-video-preview:-1"},"canonical":"https:\/\/voxsahel.com\/?p=1019","og_locale":"fr_FR","og_type":"article","og_title":"CEDEAO : Le Parlement appelle \u00e0 une prolongation du d\u00e9lai de retrait des pays de l\u2019AES - Vox Sahel","og_description":"Dans un contexte de tensions politiques et \u00e9conomiques croissantes, le Bureau du Parlement de la","og_url":"https:\/\/voxsahel.com\/?p=1019","og_site_name":"Vox Sahel","article_publisher":"https:\/\/www.facebook.com\/journal.voxsahel","article_published_time":"2024-12-13T14:41:05+00:00","og_image":[{"width":680,"height":400,"url":"https:\/\/voxsahel.com\/wp-content\/uploads\/2024\/12\/IMG_1126.jpeg","type":"image\/jpeg"}],"author":"Vox Sahel","twitter_card":"summary_large_image","twitter_misc":{"\u00c9crit par":"Vox Sahel","Dur\u00e9e de lecture estim\u00e9e":"3 minutes"},"schema":{"@context":"https:\/\/schema.org","@graph":[{"@type":"Article","@id":"https:\/\/voxsahel.com\/?p=1019#article","isPartOf":{"@id":"https:\/\/voxsahel.com\/?p=1019"},"author":{"name":"Vox Sahel","@id":"https:\/\/voxsahel.com\/#\/schema\/person\/b4043608248f8fa227cd760e7ff1e19e"},"headline":"CEDEAO : Le Parlement appelle \u00e0 une prolongation du d\u00e9lai de retrait des pays de l\u2019AES","datePublished":"2024-12-13T14:41:05+00:00","mainEntityOfPage":{"@id":"https:\/\/voxsahel.com\/?p=1019"},"wordCount":569,"commentCount":0,"publisher":{"@id":"https:\/\/voxsahel.com\/#organization"},"image":{"@id":"https:\/\/voxsahel.com\/?p=1019#primaryimage"},"thumbnailUrl":"https:\/\/voxsahel.com\/wp-content\/uploads\/2024\/12\/IMG_1126.jpeg","keywords":["AES","Alliance des \u00c9tats du Sahel","Burkina Faso","CEDEAO","Conf\u00e9d\u00e9ration de l\u2019Alliances des \u00c9tats du Sahel","Mali","Niger"],"articleSection":["POLITIQUE"],"inLanguage":"fr-FR","potentialAction":[{"@type":"CommentAction","name":"Comment","target":["https:\/\/voxsahel.com\/?p=1019#respond"]}]},{"@type":"WebPage","@id":"https:\/\/voxsahel.com\/?p=1019","url":"https:\/\/voxsahel.com\/?p=1019","name":"CEDEAO : Le Parlement appelle \u00e0 une prolongation du d\u00e9lai de retrait des pays de l\u2019AES - Vox Sahel","isPartOf":{"@id":"https:\/\/voxsahel.com\/#website"},"primaryImageOfPage":{"@id":"https:\/\/voxsahel.com\/?p=1019#primaryimage"},"image":{"@id":"https:\/\/voxsahel.com\/?p=1019#primaryimage"},"thumbnailUrl":"https:\/\/voxsahel.com\/wp-content\/uploads\/2024\/12\/IMG_1126.jpeg","datePublished":"2024-12-13T14:41:05+00:00","breadcrumb":{"@id":"https:\/\/voxsahel.com\/?p=1019#breadcrumb"},"inLanguage":"fr-FR","potentialAction":[{"@type":"ReadAction","target":["https:\/\/voxsahel.com\/?p=1019"]}]},{"@type":"ImageObject","inLanguage":"fr-FR","@id":"https:\/\/voxsahel.com\/?p=1019#primaryimage","url":"https:\/\/voxsahel.com\/wp-content\/uploads\/2024\/12\/IMG_1126.jpeg","contentUrl":"https:\/\/voxsahel.com\/wp-content\/uploads\/2024\/12\/IMG_1126.jpeg","width":680,"height":400},{"@type":"BreadcrumbList","@id":"https:\/\/voxsahel.com\/?p=1019#breadcrumb","itemListElement":[{"@type":"ListItem","position":1,"name":"Home","item":"https:\/\/voxsahel.com\/"},{"@type":"ListItem","position":2,"name":"CEDEAO : Le Parlement appelle \u00e0 une prolongation du d\u00e9lai de retrait des pays de l\u2019AES"}]},{"@type":"WebSite","@id":"https:\/\/voxsahel.com\/#website","url":"https:\/\/voxsahel.com\/","name":"Vox Sahel","description":"Informez-vous sur le Sahel en un clic","publisher":{"@id":"https:\/\/voxsahel.com\/#organization"},"potentialAction":[{"@type":"SearchAction","target":{"@type":"EntryPoint","urlTemplate":"https:\/\/voxsahel.com\/?s={search_term_string}"},"query-input":{"@type":"PropertyValueSpecification","valueRequired":true,"valueName":"search_term_string"}}],"inLanguage":"fr-FR"},{"@type":"Organization","@id":"https:\/\/voxsahel.com\/#organization","name":"Vox Sahel","url":"https:\/\/voxsahel.com\/","logo":{"@type":"ImageObject","inLanguage":"fr-FR","@id":"https:\/\/voxsahel.com\/#\/schema\/logo\/image\/","url":"https:\/\/voxsahel.com\/wp-content\/uploads\/2024\/09\/Logo-Vox-Sahel.jpg","contentUrl":"https:\/\/voxsahel.com\/wp-content\/uploads\/2024\/09\/Logo-Vox-Sahel.jpg","width":1181,"height":848,"caption":"Vox Sahel"},"image":{"@id":"https:\/\/voxsahel.com\/#\/schema\/logo\/image\/"},"sameAs":["https:\/\/www.facebook.com\/journal.voxsahel"]},{"@type":"Person","@id":"https:\/\/voxsahel.com\/#\/schema\/person\/b4043608248f8fa227cd760e7ff1e19e","name":"Vox Sahel","image":{"@type":"ImageObject","inLanguage":"fr-FR","@id":"https:\/\/secure.gravatar.com\/avatar\/f70e7fa0cb9b29d4a7c5788d6eb2e9ab4d3135cbae1c9161810fdf77a8964699?s=96&d=mm&r=g","url":"https:\/\/secure.gravatar.com\/avatar\/f70e7fa0cb9b29d4a7c5788d6eb2e9ab4d3135cbae1c9161810fdf77a8964699?s=96&d=mm&r=g","contentUrl":"https:\/\/secure.gravatar.com\/avatar\/f70e7fa0cb9b29d4a7c5788d6eb2e9ab4d3135cbae1c9161810fdf77a8964699?s=96&d=mm&r=g","caption":"Vox Sahel"},"sameAs":["http:\/\/www.voxsahel.com"],"url":"https:\/\/voxsahel.com\/?author=2"}]}},"_links":{"self":[{"href":"https:\/\/voxsahel.com\/index.php?rest_route=\/wp\/v2\/posts\/1019","targetHints":{"allow":["GET"]}}],"collection":[{"href":"https:\/\/voxsahel.com\/index.php?rest_route=\/wp\/v2\/posts"}],"about":[{"href":"https:\/\/voxsahel.com\/index.php?rest_route=\/wp\/v2\/types\/post"}],"author":[{"embeddable":true,"href":"https:\/\/voxsahel.com\/index.php?rest_route=\/wp\/v2\/users\/2"}],"replies":[{"embeddable":true,"href":"https:\/\/voxsahel.com\/index.php?rest_route=%2Fwp%2Fv2%2Fcomments&post=1019"}],"version-history":[{"count":1,"href":"https:\/\/voxsahel.com\/index.php?rest_route=\/wp\/v2\/posts\/1019\/revisions"}],"predecessor-version":[{"id":1021,"href":"https:\/\/voxsahel.com\/index.php?rest_route=\/wp\/v2\/posts\/1019\/revisions\/1021"}],"wp:featuredmedia":[{"embeddable":true,"href":"https:\/\/voxsahel.com\/index.php?rest_route=\/wp\/v2\/media\/1020"}],"wp:attachment":[{"href":"https:\/\/voxsahel.com\/index.php?rest_route=%2Fwp%2Fv2%2Fmedia&parent=1019"}],"wp:term":[{"taxonomy":"category","embeddable":true,"href":"https:\/\/voxsahel.com\/index.php?rest_route=%2Fwp%2Fv2%2Fcategories&post=1019"},{"taxonomy":"post_tag","embeddable":true,"href":"https:\/\/voxsahel.com\/index.php?rest_route=%2Fwp%2Fv2%2Ftags&post=1019"}],"curies":[{"name":"wp","href":"https:\/\/api.w.org\/{rel}","templated":true}]}}