{"id":1015,"date":"2024-12-12T23:23:32","date_gmt":"2024-12-12T23:23:32","guid":{"rendered":"https:\/\/voxsahel.com\/?p=1015"},"modified":"2024-12-12T23:23:32","modified_gmt":"2024-12-12T23:23:32","slug":"affaire-norbert-zongo-enfin-un-proces","status":"publish","type":"post","link":"https:\/\/voxsahel.com\/?p=1015","title":{"rendered":"Affaire Norbert Zongo : Enfin un proc\u00e8s ?"},"content":{"rendered":"<p class=\"p1\"><strong><span class=\"s1\">Ceci est un communiqu\u00e9 de presse du Procureur du Faso pr\u00e8s le Tribunal de grande instance (TGI) Ouaga I, Blaise Bazi\u00e9, sur l\u2019\u00e9tat du dossier Norbert Zongo et de ses trois compagnons parvenu \u00e0 la r\u00e9daction de voxsahel.com Il transpara\u00eet la possibilit\u00e9 du jugement de cette affaire \u00ab d\u00e8s les premi\u00e8res semaines de janvier 2025 \u00bb.<\/span><\/strong><\/p>\n<p class=\"p1\"><span class=\"s2\">Le 13 d\u00e9cembre 1998, le journaliste, Norbert Zongo, Blaise ILBOUDO, Yembi Ernest ZONGO et Abdoulaye NIKIEMA dit Ablass\u00e9, ont \u00e9t\u00e9 retrouv\u00e9s morts \u00e0 proximit\u00e9 de la ville de Sapouy, calcin\u00e9s dans le v\u00e9hicule qui les transportait. La Commission d\u2019enqu\u00eate ind\u00e9pendante mise en place pour \u00e9lucider ce drame a conclu, d\u00e8s le 6 mai 1999, \u00e0 un assassinat.<\/span><\/p>\n<p class=\"p1\"><span class=\"s2\">Le Procureur du Faso pr\u00e8s le Tribunal de grande instance de Ouagadougou de l\u2019\u00e9poque a requis, le 21 mai 1999, l\u2019ouverture d\u2019une information contre X pour assassinat et destruction volontaire de biens. Une personne, Marcel KAFANDO,a \u00e9t\u00e9 inculp\u00e9e. Le Juge d\u2019instruction a rendu, le 18 juillet 2006, une ordonnance de non-lieu, confirm\u00e9e le 16 ao\u00fbt de la m\u00eame ann\u00e9e par la Cour d\u2019appel de Ouagadougou.<\/span><\/p>\n<p class=\"p1\"><span class=\"s2\">Le 7 avril 2015, suite aux r\u00e9quisitions du Procureur g\u00e9n\u00e9ral pr\u00e8s la Cour d\u2019appel de Ouagadougou, fond\u00e9es sur de nouvelles charges reposant sur des pi\u00e8ces vers\u00e9es au dossier, le Juge d\u2019instruction a rouvert le dossier. Dans le cadre de cette proc\u00e9dure, trois autres personnes ont \u00e9t\u00e9 inculp\u00e9es, de nombreux t\u00e9moins ont \u00e9t\u00e9 entendus et de nombreuses expertises ont \u00e9t\u00e9 r\u00e9alis\u00e9es.<\/span><\/p>\n<p class=\"p1\"><span class=\"s2\">De ces investigations, il ressortait que Paul Fran\u00e7ois Compaor\u00e9 serait le commanditaire de l\u2019assassinat de Norbert ZONGO et de ses trois compagnons.C\u2019est pourquoi, sur la base de l\u2019article 130 du Code de proc\u00e9dure p\u00e9nale, le Juge d\u2019instruction a \u00e9mis, le 5 mai 2017, un mandat d\u2019arr\u00eat international contre Paul Fran\u00e7ois COMPAORE. Ce dernier a \u00e9t\u00e9 interpell\u00e9 le 29 octobre 2017 \u00e0 l\u2019a\u00e9roport Charles de Gaulle \u00e0 Paris en ex\u00e9cution de ce mandat d\u2019arr\u00eat international. Une demande d\u2019extradition a \u00e9t\u00e9 transmise aux autorit\u00e9s fran\u00e7aises.<\/span><\/p>\n<p class=\"p1\"><span class=\"s2\">Au terme de son instruction, le juge d\u2019instruction a transmis le dossier au Procureur du Faso pour son r\u00e9quisitoire d\u00e9finitif.<\/span><\/p>\n<p class=\"p1\"><span class=\"s2\">A ce jour, le Procureur du Faso a effectivement pris ses r\u00e9quisitions dans lesquelles il a requis du juge d\u2019instruction qu\u2019il retienne qu\u2019il y a charges suffisantes contre les personnes mises en examen \u00e0 savoir Paul Fran\u00e7ois COMPAORE, YARO Banagoulo pour les faits de complicit\u00e9 d\u2019assassinat et de complicit\u00e9 de destruction volontaire de bien mobilier et contre KOMBACERE Wango Christophe pour les faits d\u2019assassinat et de d\u00e9gradation volontaire de bien mobilier ; NACOULMA Wampasba pour cause d\u2019extinction de l\u2019action publique, ce dernier \u00e9tant d\u00e9c\u00e9d\u00e9 \u00e0 ce jour.<\/span><\/p>\n<p class=\"p1\"><span class=\"s2\">En cons\u00e9quence, ordonner la transmission des pi\u00e8ces \u00e0 la Chambre criminelle de la Cour d\u2019appel de Ouagadougou pour \u00eatre jug\u00e9 conform\u00e9ment \u00e0 la loi.<\/span><\/p>\n<p class=\"p1\"><span class=\"s2\">Ainsi donc, si le Juge d\u2019instruction suit ce r\u00e9quisitoire, il rendra une ordonnance de renvoi et de mise en accusation devant la Chambre criminelle de la Cour d\u2019appel de Ouagadougou. Des dispositions seront alors prises par mon Parquet pour la transmission du dossier \u00e0 la Cour d\u2019appel de Ouagadougou d\u00e8s les premi\u00e8res semaines de janvier 2025. Il appartiendra donc \u00e0 la Cour de juger le dossier. A cette occasion, tout accus\u00e9 non comparant pourra \u00eatre jug\u00e9 conform\u00e9ment aux proc\u00e9dures pr\u00e9vues en la mati\u00e8re \u00e0 savoir par d\u00e9faut.<\/span><\/p>\n<p class=\"p1\"><span class=\"s2\">Comme on peut bien le constater, l\u2019arr\u00eat du 7 septembre 2023 de la Cour europ\u00e9enne des droits de l\u2019homme (CEDH) et la d\u00e9cision des autorit\u00e9s fran\u00e7aises de d\u00e9cembre 2023 abrogeant l\u2019arr\u00eat\u00e9 d\u2019extradition de Paul Fran\u00e7ois COMPAORE vers le Burkina Faso, n\u2019ont pas arr\u00eat\u00e9 le cours de la proc\u00e9dure judiciaire suivi contre lui et toutes les autres personnes mises en examen.<\/span><\/p>\n<p class=\"p1\" style=\"text-align: right;\"><strong><span class=\"s2\">Fait au parquet le 12 d\u00e9cembre 2024<\/span><\/strong><\/p>\n<p class=\"p1\" style=\"text-align: right;\"><strong><span class=\"s2\">Le Procureur du Faso<\/span><\/strong><\/p>\n<p class=\"p1\" style=\"text-align: right;\"><strong><span class=\"s2\">Blaise BAZIE<\/span><\/strong><\/p>\n<hr \/>\n<p class=\"p1\">\n","protected":false},"excerpt":{"rendered":"<p>Ceci est un communiqu\u00e9 de presse du Procureur du Faso pr\u00e8s le Tribunal de grande<\/p>\n","protected":false},"author":2,"featured_media":1016,"comment_status":"open","ping_status":"open","sticky":false,"template":"","format":"standard","meta":{"_et_pb_use_builder":"","_et_pb_old_content":"","_et_gb_content_width":"","footnotes":""},"categories":[5],"tags":[496,497,18,499,498,500,381,495],"class_list":["post-1015","post","type-post","status-publish","format-standard","has-post-thumbnail","hentry","category-societe","tag-13-decembre-1998","tag-blaise-compaore","tag-burkina-faso","tag-david-ouedraogo","tag-francois-compaore","tag-journalisme","tag-justice","tag-norbert-zongo"],"yoast_head":"<!-- This site is optimized with the Yoast SEO plugin v27.5 - https:\/\/yoast.com\/product\/yoast-seo-wordpress\/ -->\n<title>Affaire Norbert Zongo : Enfin un proc\u00e8s ? - Vox Sahel<\/title>\n<meta name=\"robots\" content=\"index, follow, max-snippet:-1, max-image-preview:large, max-video-preview:-1\" \/>\n<link rel=\"canonical\" href=\"https:\/\/voxsahel.com\/?p=1015\" \/>\n<meta property=\"og:locale\" content=\"fr_FR\" \/>\n<meta property=\"og:type\" content=\"article\" \/>\n<meta property=\"og:title\" content=\"Affaire Norbert Zongo : Enfin un proc\u00e8s ? - Vox Sahel\" \/>\n<meta property=\"og:description\" content=\"Ceci est un communiqu\u00e9 de presse du Procureur du Faso pr\u00e8s le Tribunal de grande\" \/>\n<meta property=\"og:url\" content=\"https:\/\/voxsahel.com\/?p=1015\" \/>\n<meta property=\"og:site_name\" content=\"Vox Sahel\" \/>\n<meta property=\"article:publisher\" content=\"https:\/\/www.facebook.com\/journal.voxsahel\" \/>\n<meta property=\"article:published_time\" content=\"2024-12-12T23:23:32+00:00\" \/>\n<meta property=\"og:image\" content=\"https:\/\/voxsahel.com\/wp-content\/uploads\/2024\/12\/IMG_0912.jpeg\" \/>\n\t<meta property=\"og:image:width\" content=\"221\" \/>\n\t<meta property=\"og:image:height\" content=\"228\" \/>\n\t<meta property=\"og:image:type\" content=\"image\/jpeg\" \/>\n<meta name=\"author\" content=\"Vox Sahel\" \/>\n<meta name=\"twitter:card\" content=\"summary_large_image\" \/>\n<meta name=\"twitter:label1\" content=\"\u00c9crit par\" \/>\n\t<meta name=\"twitter:data1\" content=\"Vox Sahel\" \/>\n\t<meta name=\"twitter:label2\" content=\"Dur\u00e9e de lecture estim\u00e9e\" \/>\n\t<meta name=\"twitter:data2\" content=\"4 minutes\" \/>\n<script type=\"application\/ld+json\" class=\"yoast-schema-graph\">{\"@context\":\"https:\\\/\\\/schema.org\",\"@graph\":[{\"@type\":\"Article\",\"@id\":\"https:\\\/\\\/voxsahel.com\\\/?p=1015#article\",\"isPartOf\":{\"@id\":\"https:\\\/\\\/voxsahel.com\\\/?p=1015\"},\"author\":{\"name\":\"Vox Sahel\",\"@id\":\"https:\\\/\\\/voxsahel.com\\\/#\\\/schema\\\/person\\\/b4043608248f8fa227cd760e7ff1e19e\"},\"headline\":\"Affaire Norbert Zongo : Enfin un proc\u00e8s ?\",\"datePublished\":\"2024-12-12T23:23:32+00:00\",\"mainEntityOfPage\":{\"@id\":\"https:\\\/\\\/voxsahel.com\\\/?p=1015\"},\"wordCount\":687,\"commentCount\":0,\"publisher\":{\"@id\":\"https:\\\/\\\/voxsahel.com\\\/#organization\"},\"image\":{\"@id\":\"https:\\\/\\\/voxsahel.com\\\/?p=1015#primaryimage\"},\"thumbnailUrl\":\"https:\\\/\\\/voxsahel.com\\\/wp-content\\\/uploads\\\/2024\\\/12\\\/IMG_0912.jpeg\",\"keywords\":[\"13 d\u00e9cembre 1998\",\"Blaise Compaor\u00e9\",\"Burkina Faso\",\"David Ou\u00e9draogo\",\"Fran\u00e7ois Compaor\u00e9\",\"Journalisme\",\"Justice\",\"Norbert Zongo\"],\"articleSection\":[\"SOCIETE\"],\"inLanguage\":\"fr-FR\",\"potentialAction\":[{\"@type\":\"CommentAction\",\"name\":\"Comment\",\"target\":[\"https:\\\/\\\/voxsahel.com\\\/?p=1015#respond\"]}]},{\"@type\":\"WebPage\",\"@id\":\"https:\\\/\\\/voxsahel.com\\\/?p=1015\",\"url\":\"https:\\\/\\\/voxsahel.com\\\/?p=1015\",\"name\":\"Affaire Norbert Zongo : Enfin un proc\u00e8s ? - Vox Sahel\",\"isPartOf\":{\"@id\":\"https:\\\/\\\/voxsahel.com\\\/#website\"},\"primaryImageOfPage\":{\"@id\":\"https:\\\/\\\/voxsahel.com\\\/?p=1015#primaryimage\"},\"image\":{\"@id\":\"https:\\\/\\\/voxsahel.com\\\/?p=1015#primaryimage\"},\"thumbnailUrl\":\"https:\\\/\\\/voxsahel.com\\\/wp-content\\\/uploads\\\/2024\\\/12\\\/IMG_0912.jpeg\",\"datePublished\":\"2024-12-12T23:23:32+00:00\",\"breadcrumb\":{\"@id\":\"https:\\\/\\\/voxsahel.com\\\/?p=1015#breadcrumb\"},\"inLanguage\":\"fr-FR\",\"potentialAction\":[{\"@type\":\"ReadAction\",\"target\":[\"https:\\\/\\\/voxsahel.com\\\/?p=1015\"]}]},{\"@type\":\"ImageObject\",\"inLanguage\":\"fr-FR\",\"@id\":\"https:\\\/\\\/voxsahel.com\\\/?p=1015#primaryimage\",\"url\":\"https:\\\/\\\/voxsahel.com\\\/wp-content\\\/uploads\\\/2024\\\/12\\\/IMG_0912.jpeg\",\"contentUrl\":\"https:\\\/\\\/voxsahel.com\\\/wp-content\\\/uploads\\\/2024\\\/12\\\/IMG_0912.jpeg\",\"width\":221,\"height\":228},{\"@type\":\"BreadcrumbList\",\"@id\":\"https:\\\/\\\/voxsahel.com\\\/?p=1015#breadcrumb\",\"itemListElement\":[{\"@type\":\"ListItem\",\"position\":1,\"name\":\"Home\",\"item\":\"https:\\\/\\\/voxsahel.com\\\/\"},{\"@type\":\"ListItem\",\"position\":2,\"name\":\"Affaire Norbert Zongo : Enfin un proc\u00e8s ?\"}]},{\"@type\":\"WebSite\",\"@id\":\"https:\\\/\\\/voxsahel.com\\\/#website\",\"url\":\"https:\\\/\\\/voxsahel.com\\\/\",\"name\":\"Vox Sahel\",\"description\":\"Informez-vous sur le Sahel en un clic\",\"publisher\":{\"@id\":\"https:\\\/\\\/voxsahel.com\\\/#organization\"},\"potentialAction\":[{\"@type\":\"SearchAction\",\"target\":{\"@type\":\"EntryPoint\",\"urlTemplate\":\"https:\\\/\\\/voxsahel.com\\\/?s={search_term_string}\"},\"query-input\":{\"@type\":\"PropertyValueSpecification\",\"valueRequired\":true,\"valueName\":\"search_term_string\"}}],\"inLanguage\":\"fr-FR\"},{\"@type\":\"Organization\",\"@id\":\"https:\\\/\\\/voxsahel.com\\\/#organization\",\"name\":\"Vox Sahel\",\"url\":\"https:\\\/\\\/voxsahel.com\\\/\",\"logo\":{\"@type\":\"ImageObject\",\"inLanguage\":\"fr-FR\",\"@id\":\"https:\\\/\\\/voxsahel.com\\\/#\\\/schema\\\/logo\\\/image\\\/\",\"url\":\"https:\\\/\\\/voxsahel.com\\\/wp-content\\\/uploads\\\/2024\\\/09\\\/Logo-Vox-Sahel.jpg\",\"contentUrl\":\"https:\\\/\\\/voxsahel.com\\\/wp-content\\\/uploads\\\/2024\\\/09\\\/Logo-Vox-Sahel.jpg\",\"width\":1181,\"height\":848,\"caption\":\"Vox Sahel\"},\"image\":{\"@id\":\"https:\\\/\\\/voxsahel.com\\\/#\\\/schema\\\/logo\\\/image\\\/\"},\"sameAs\":[\"https:\\\/\\\/www.facebook.com\\\/journal.voxsahel\"]},{\"@type\":\"Person\",\"@id\":\"https:\\\/\\\/voxsahel.com\\\/#\\\/schema\\\/person\\\/b4043608248f8fa227cd760e7ff1e19e\",\"name\":\"Vox Sahel\",\"image\":{\"@type\":\"ImageObject\",\"inLanguage\":\"fr-FR\",\"@id\":\"https:\\\/\\\/secure.gravatar.com\\\/avatar\\\/f70e7fa0cb9b29d4a7c5788d6eb2e9ab4d3135cbae1c9161810fdf77a8964699?s=96&d=mm&r=g\",\"url\":\"https:\\\/\\\/secure.gravatar.com\\\/avatar\\\/f70e7fa0cb9b29d4a7c5788d6eb2e9ab4d3135cbae1c9161810fdf77a8964699?s=96&d=mm&r=g\",\"contentUrl\":\"https:\\\/\\\/secure.gravatar.com\\\/avatar\\\/f70e7fa0cb9b29d4a7c5788d6eb2e9ab4d3135cbae1c9161810fdf77a8964699?s=96&d=mm&r=g\",\"caption\":\"Vox Sahel\"},\"sameAs\":[\"http:\\\/\\\/www.voxsahel.com\"],\"url\":\"https:\\\/\\\/voxsahel.com\\\/?author=2\"}]}<\/script>\n<!-- \/ Yoast SEO plugin. -->","yoast_head_json":{"title":"Affaire Norbert Zongo : Enfin un proc\u00e8s ? - Vox Sahel","robots":{"index":"index","follow":"follow","max-snippet":"max-snippet:-1","max-image-preview":"max-image-preview:large","max-video-preview":"max-video-preview:-1"},"canonical":"https:\/\/voxsahel.com\/?p=1015","og_locale":"fr_FR","og_type":"article","og_title":"Affaire Norbert Zongo : Enfin un proc\u00e8s ? - Vox Sahel","og_description":"Ceci est un communiqu\u00e9 de presse du Procureur du Faso pr\u00e8s le Tribunal de grande","og_url":"https:\/\/voxsahel.com\/?p=1015","og_site_name":"Vox Sahel","article_publisher":"https:\/\/www.facebook.com\/journal.voxsahel","article_published_time":"2024-12-12T23:23:32+00:00","og_image":[{"width":221,"height":228,"url":"https:\/\/voxsahel.com\/wp-content\/uploads\/2024\/12\/IMG_0912.jpeg","type":"image\/jpeg"}],"author":"Vox Sahel","twitter_card":"summary_large_image","twitter_misc":{"\u00c9crit par":"Vox Sahel","Dur\u00e9e de lecture estim\u00e9e":"4 minutes"},"schema":{"@context":"https:\/\/schema.org","@graph":[{"@type":"Article","@id":"https:\/\/voxsahel.com\/?p=1015#article","isPartOf":{"@id":"https:\/\/voxsahel.com\/?p=1015"},"author":{"name":"Vox Sahel","@id":"https:\/\/voxsahel.com\/#\/schema\/person\/b4043608248f8fa227cd760e7ff1e19e"},"headline":"Affaire Norbert Zongo : Enfin un proc\u00e8s ?","datePublished":"2024-12-12T23:23:32+00:00","mainEntityOfPage":{"@id":"https:\/\/voxsahel.com\/?p=1015"},"wordCount":687,"commentCount":0,"publisher":{"@id":"https:\/\/voxsahel.com\/#organization"},"image":{"@id":"https:\/\/voxsahel.com\/?p=1015#primaryimage"},"thumbnailUrl":"https:\/\/voxsahel.com\/wp-content\/uploads\/2024\/12\/IMG_0912.jpeg","keywords":["13 d\u00e9cembre 1998","Blaise Compaor\u00e9","Burkina Faso","David Ou\u00e9draogo","Fran\u00e7ois Compaor\u00e9","Journalisme","Justice","Norbert Zongo"],"articleSection":["SOCIETE"],"inLanguage":"fr-FR","potentialAction":[{"@type":"CommentAction","name":"Comment","target":["https:\/\/voxsahel.com\/?p=1015#respond"]}]},{"@type":"WebPage","@id":"https:\/\/voxsahel.com\/?p=1015","url":"https:\/\/voxsahel.com\/?p=1015","name":"Affaire Norbert Zongo : Enfin un proc\u00e8s ? - Vox Sahel","isPartOf":{"@id":"https:\/\/voxsahel.com\/#website"},"primaryImageOfPage":{"@id":"https:\/\/voxsahel.com\/?p=1015#primaryimage"},"image":{"@id":"https:\/\/voxsahel.com\/?p=1015#primaryimage"},"thumbnailUrl":"https:\/\/voxsahel.com\/wp-content\/uploads\/2024\/12\/IMG_0912.jpeg","datePublished":"2024-12-12T23:23:32+00:00","breadcrumb":{"@id":"https:\/\/voxsahel.com\/?p=1015#breadcrumb"},"inLanguage":"fr-FR","potentialAction":[{"@type":"ReadAction","target":["https:\/\/voxsahel.com\/?p=1015"]}]},{"@type":"ImageObject","inLanguage":"fr-FR","@id":"https:\/\/voxsahel.com\/?p=1015#primaryimage","url":"https:\/\/voxsahel.com\/wp-content\/uploads\/2024\/12\/IMG_0912.jpeg","contentUrl":"https:\/\/voxsahel.com\/wp-content\/uploads\/2024\/12\/IMG_0912.jpeg","width":221,"height":228},{"@type":"BreadcrumbList","@id":"https:\/\/voxsahel.com\/?p=1015#breadcrumb","itemListElement":[{"@type":"ListItem","position":1,"name":"Home","item":"https:\/\/voxsahel.com\/"},{"@type":"ListItem","position":2,"name":"Affaire Norbert Zongo : Enfin un proc\u00e8s ?"}]},{"@type":"WebSite","@id":"https:\/\/voxsahel.com\/#website","url":"https:\/\/voxsahel.com\/","name":"Vox Sahel","description":"Informez-vous sur le Sahel en un clic","publisher":{"@id":"https:\/\/voxsahel.com\/#organization"},"potentialAction":[{"@type":"SearchAction","target":{"@type":"EntryPoint","urlTemplate":"https:\/\/voxsahel.com\/?s={search_term_string}"},"query-input":{"@type":"PropertyValueSpecification","valueRequired":true,"valueName":"search_term_string"}}],"inLanguage":"fr-FR"},{"@type":"Organization","@id":"https:\/\/voxsahel.com\/#organization","name":"Vox Sahel","url":"https:\/\/voxsahel.com\/","logo":{"@type":"ImageObject","inLanguage":"fr-FR","@id":"https:\/\/voxsahel.com\/#\/schema\/logo\/image\/","url":"https:\/\/voxsahel.com\/wp-content\/uploads\/2024\/09\/Logo-Vox-Sahel.jpg","contentUrl":"https:\/\/voxsahel.com\/wp-content\/uploads\/2024\/09\/Logo-Vox-Sahel.jpg","width":1181,"height":848,"caption":"Vox Sahel"},"image":{"@id":"https:\/\/voxsahel.com\/#\/schema\/logo\/image\/"},"sameAs":["https:\/\/www.facebook.com\/journal.voxsahel"]},{"@type":"Person","@id":"https:\/\/voxsahel.com\/#\/schema\/person\/b4043608248f8fa227cd760e7ff1e19e","name":"Vox Sahel","image":{"@type":"ImageObject","inLanguage":"fr-FR","@id":"https:\/\/secure.gravatar.com\/avatar\/f70e7fa0cb9b29d4a7c5788d6eb2e9ab4d3135cbae1c9161810fdf77a8964699?s=96&d=mm&r=g","url":"https:\/\/secure.gravatar.com\/avatar\/f70e7fa0cb9b29d4a7c5788d6eb2e9ab4d3135cbae1c9161810fdf77a8964699?s=96&d=mm&r=g","contentUrl":"https:\/\/secure.gravatar.com\/avatar\/f70e7fa0cb9b29d4a7c5788d6eb2e9ab4d3135cbae1c9161810fdf77a8964699?s=96&d=mm&r=g","caption":"Vox Sahel"},"sameAs":["http:\/\/www.voxsahel.com"],"url":"https:\/\/voxsahel.com\/?author=2"}]}},"_links":{"self":[{"href":"https:\/\/voxsahel.com\/index.php?rest_route=\/wp\/v2\/posts\/1015","targetHints":{"allow":["GET"]}}],"collection":[{"href":"https:\/\/voxsahel.com\/index.php?rest_route=\/wp\/v2\/posts"}],"about":[{"href":"https:\/\/voxsahel.com\/index.php?rest_route=\/wp\/v2\/types\/post"}],"author":[{"embeddable":true,"href":"https:\/\/voxsahel.com\/index.php?rest_route=\/wp\/v2\/users\/2"}],"replies":[{"embeddable":true,"href":"https:\/\/voxsahel.com\/index.php?rest_route=%2Fwp%2Fv2%2Fcomments&post=1015"}],"version-history":[{"count":1,"href":"https:\/\/voxsahel.com\/index.php?rest_route=\/wp\/v2\/posts\/1015\/revisions"}],"predecessor-version":[{"id":1017,"href":"https:\/\/voxsahel.com\/index.php?rest_route=\/wp\/v2\/posts\/1015\/revisions\/1017"}],"wp:featuredmedia":[{"embeddable":true,"href":"https:\/\/voxsahel.com\/index.php?rest_route=\/wp\/v2\/media\/1016"}],"wp:attachment":[{"href":"https:\/\/voxsahel.com\/index.php?rest_route=%2Fwp%2Fv2%2Fmedia&parent=1015"}],"wp:term":[{"taxonomy":"category","embeddable":true,"href":"https:\/\/voxsahel.com\/index.php?rest_route=%2Fwp%2Fv2%2Fcategories&post=1015"},{"taxonomy":"post_tag","embeddable":true,"href":"https:\/\/voxsahel.com\/index.php?rest_route=%2Fwp%2Fv2%2Ftags&post=1015"}],"curies":[{"name":"wp","href":"https:\/\/api.w.org\/{rel}","templated":true}]}}