{"id":1012,"date":"2024-12-11T17:27:36","date_gmt":"2024-12-11T17:27:36","guid":{"rendered":"https:\/\/voxsahel.com\/?p=1012"},"modified":"2024-12-11T17:27:36","modified_gmt":"2024-12-11T17:27:36","slug":"culture-dananas-au-burkina-faso-la-ferme-djoda-entame-la-recolte-sur-une-de-ses-parcelles","status":"publish","type":"post","link":"https:\/\/voxsahel.com\/?p=1012","title":{"rendered":"Culture d\u2019ananas au Burkina Faso : La Ferme DJODA entame la r\u00e9colte sur une de ses parcelles"},"content":{"rendered":"<p class=\"p1\">Ce dimanche 8 d\u00e9cembre 2024, la Ferme DJODA, pionni\u00e8re dans la culture de l\u2019ananas au Burkina Faso, a franchi une nouvelle \u00e9tape importante avec la r\u00e9colte de sa derni\u00e8re parcelle de 2024. Situ\u00e9e dans une r\u00e9gion o\u00f9 l\u2019agriculture est souvent confront\u00e9e \u00e0 des d\u00e9fis climatiques, cette ferme incarne une r\u00e9ussite exemplaire d\u2019innovation et d\u2019adaptation agricole.<\/p>\n<p class=\"p1\"><span class=\"s1\">L\u2019\u00e9v\u00e9nement a rassembl\u00e9 plusieurs partenaires de la ferme, t\u00e9moins de l\u2019aboutissement d\u2019un projet audacieux initi\u00e9 en 2018.<\/span><\/p>\n<p class=\"p1\"><span class=\"s1\">La journ\u00e9e a \u00e9t\u00e9 rythm\u00e9e par une visite guid\u00e9e des installations de la ferme, accompagn\u00e9e d\u2019explications d\u00e9taill\u00e9es sur le processus de production de l\u2019ananas. Ce mod\u00e8le agricole, adapt\u00e9 aux sp\u00e9cificit\u00e9s du contexte burkinab\u00e8, refl\u00e8te une ma\u00eetrise croissante des techniques agricoles dans le pays.<\/span><\/p>\n<p class=\"p1\"><span class=\"s1\">Le promoteur de la ferme, visiblement \u00e9mu, a exprim\u00e9 sa satisfaction face \u00e0 cette r\u00e9ussite. Pour lui, cette r\u00e9colte est une preuve que le Burkina Faso, malgr\u00e9 son climat semi-aride, a un potentiel agricole immense. \u00ab Cette activit\u00e9 montre que tout peut pousser ici avec de la d\u00e9termination et des techniques adapt\u00e9es. Je lance un appel \u00e0 tous pour investir dans l\u2019agriculture et croire en notre terre \u00bb, a-t-il d\u00e9clar\u00e9.<\/span><\/p>\n<p class=\"p1\"><span class=\"s1\">Depuis 2018, la Ferme DJODA s\u2019est sp\u00e9cialis\u00e9e dans la production de l\u2019ananas, un fruit encore rare au Burkina Faso mais tr\u00e8s appr\u00e9ci\u00e9 pour ses qualit\u00e9s nutritionnelles et son potentiel \u00e9conomique. En cinq ans, la ferme a su s\u2019imposer comme un mod\u00e8le dans l\u2019innovation agricole locale, prouvant que l\u2019agriculture peut \u00eatre un levier de d\u00e9veloppement durable pour le pays.<\/span><\/p>\n<p class=\"p1\"><span class=\"s1\">La Ferme DJODA esp\u00e8re d\u00e9sormais encourager d\u2019autres initiatives similaires et renforcer la place du Burkina Faso sur le march\u00e9 des produits agricoles tropicaux. Cet \u00e9v\u00e9nement marque une nouvelle \u00e9tape dans l\u2019\u00e9volution de l\u2019agriculture burkinab\u00e8, prouvant que, m\u00eame dans un environnement exigeant, des projets audacieux peuvent prosp\u00e9rer.<\/span><\/p>\n","protected":false},"excerpt":{"rendered":"<p>Ce dimanche 8 d\u00e9cembre 2024, la Ferme DJODA, pionni\u00e8re dans la culture de l\u2019ananas au<\/p>\n","protected":false},"author":2,"featured_media":1013,"comment_status":"open","ping_status":"open","sticky":false,"template":"","format":"standard","meta":{"_et_pb_use_builder":"","_et_pb_old_content":"","_et_gb_content_width":"","footnotes":""},"categories":[8],"tags":[81,282,115,18,114],"class_list":["post-1012","post","type-post","status-publish","format-standard","has-post-thumbnail","hentry","category-developpement","tag-agriculture","tag-ananas","tag-ananas-burkina","tag-burkina-faso","tag-ferme-djoda"],"yoast_head":"<!-- This site is optimized with the Yoast SEO plugin v27.5 - https:\/\/yoast.com\/product\/yoast-seo-wordpress\/ -->\n<title>Culture d\u2019ananas au Burkina Faso : La Ferme DJODA entame la r\u00e9colte sur une de ses parcelles - Vox Sahel<\/title>\n<meta name=\"robots\" content=\"index, follow, max-snippet:-1, max-image-preview:large, max-video-preview:-1\" \/>\n<link rel=\"canonical\" href=\"https:\/\/voxsahel.com\/?p=1012\" \/>\n<meta property=\"og:locale\" content=\"fr_FR\" \/>\n<meta property=\"og:type\" content=\"article\" \/>\n<meta property=\"og:title\" content=\"Culture d\u2019ananas au Burkina Faso : La Ferme DJODA entame la r\u00e9colte sur une de ses parcelles - Vox Sahel\" \/>\n<meta property=\"og:description\" content=\"Ce dimanche 8 d\u00e9cembre 2024, la Ferme DJODA, pionni\u00e8re dans la culture de l\u2019ananas au\" \/>\n<meta property=\"og:url\" content=\"https:\/\/voxsahel.com\/?p=1012\" \/>\n<meta property=\"og:site_name\" content=\"Vox Sahel\" \/>\n<meta property=\"article:publisher\" content=\"https:\/\/www.facebook.com\/journal.voxsahel\" \/>\n<meta property=\"article:published_time\" content=\"2024-12-11T17:27:36+00:00\" \/>\n<meta property=\"og:image\" content=\"https:\/\/voxsahel.com\/wp-content\/uploads\/2024\/12\/IMG_9131-scaled.jpeg\" \/>\n\t<meta property=\"og:image:width\" content=\"1920\" \/>\n\t<meta property=\"og:image:height\" content=\"2560\" \/>\n\t<meta property=\"og:image:type\" content=\"image\/jpeg\" \/>\n<meta name=\"author\" content=\"Vox Sahel\" \/>\n<meta name=\"twitter:card\" content=\"summary_large_image\" \/>\n<meta name=\"twitter:label1\" content=\"\u00c9crit par\" \/>\n\t<meta name=\"twitter:data1\" content=\"Vox Sahel\" \/>\n\t<meta name=\"twitter:label2\" content=\"Dur\u00e9e de lecture estim\u00e9e\" \/>\n\t<meta name=\"twitter:data2\" content=\"2 minutes\" \/>\n<script type=\"application\/ld+json\" class=\"yoast-schema-graph\">{\"@context\":\"https:\\\/\\\/schema.org\",\"@graph\":[{\"@type\":\"Article\",\"@id\":\"https:\\\/\\\/voxsahel.com\\\/?p=1012#article\",\"isPartOf\":{\"@id\":\"https:\\\/\\\/voxsahel.com\\\/?p=1012\"},\"author\":{\"name\":\"Vox Sahel\",\"@id\":\"https:\\\/\\\/voxsahel.com\\\/#\\\/schema\\\/person\\\/b4043608248f8fa227cd760e7ff1e19e\"},\"headline\":\"Culture d\u2019ananas au Burkina Faso : La Ferme DJODA entame la r\u00e9colte sur une de ses parcelles\",\"datePublished\":\"2024-12-11T17:27:36+00:00\",\"mainEntityOfPage\":{\"@id\":\"https:\\\/\\\/voxsahel.com\\\/?p=1012\"},\"wordCount\":354,\"commentCount\":0,\"publisher\":{\"@id\":\"https:\\\/\\\/voxsahel.com\\\/#organization\"},\"image\":{\"@id\":\"https:\\\/\\\/voxsahel.com\\\/?p=1012#primaryimage\"},\"thumbnailUrl\":\"https:\\\/\\\/voxsahel.com\\\/wp-content\\\/uploads\\\/2024\\\/12\\\/IMG_9131-scaled.jpeg\",\"keywords\":[\"Agriculture\",\"Ananas\",\"Ananas Burkina\",\"Burkina Faso\",\"Ferme Djoda\"],\"articleSection\":[\"DEVELOPPEMENT\"],\"inLanguage\":\"fr-FR\",\"potentialAction\":[{\"@type\":\"CommentAction\",\"name\":\"Comment\",\"target\":[\"https:\\\/\\\/voxsahel.com\\\/?p=1012#respond\"]}]},{\"@type\":\"WebPage\",\"@id\":\"https:\\\/\\\/voxsahel.com\\\/?p=1012\",\"url\":\"https:\\\/\\\/voxsahel.com\\\/?p=1012\",\"name\":\"Culture d\u2019ananas au Burkina Faso : La Ferme DJODA entame la r\u00e9colte sur une de ses parcelles - Vox Sahel\",\"isPartOf\":{\"@id\":\"https:\\\/\\\/voxsahel.com\\\/#website\"},\"primaryImageOfPage\":{\"@id\":\"https:\\\/\\\/voxsahel.com\\\/?p=1012#primaryimage\"},\"image\":{\"@id\":\"https:\\\/\\\/voxsahel.com\\\/?p=1012#primaryimage\"},\"thumbnailUrl\":\"https:\\\/\\\/voxsahel.com\\\/wp-content\\\/uploads\\\/2024\\\/12\\\/IMG_9131-scaled.jpeg\",\"datePublished\":\"2024-12-11T17:27:36+00:00\",\"breadcrumb\":{\"@id\":\"https:\\\/\\\/voxsahel.com\\\/?p=1012#breadcrumb\"},\"inLanguage\":\"fr-FR\",\"potentialAction\":[{\"@type\":\"ReadAction\",\"target\":[\"https:\\\/\\\/voxsahel.com\\\/?p=1012\"]}]},{\"@type\":\"ImageObject\",\"inLanguage\":\"fr-FR\",\"@id\":\"https:\\\/\\\/voxsahel.com\\\/?p=1012#primaryimage\",\"url\":\"https:\\\/\\\/voxsahel.com\\\/wp-content\\\/uploads\\\/2024\\\/12\\\/IMG_9131-scaled.jpeg\",\"contentUrl\":\"https:\\\/\\\/voxsahel.com\\\/wp-content\\\/uploads\\\/2024\\\/12\\\/IMG_9131-scaled.jpeg\",\"width\":1920,\"height\":2560},{\"@type\":\"BreadcrumbList\",\"@id\":\"https:\\\/\\\/voxsahel.com\\\/?p=1012#breadcrumb\",\"itemListElement\":[{\"@type\":\"ListItem\",\"position\":1,\"name\":\"Home\",\"item\":\"https:\\\/\\\/voxsahel.com\\\/\"},{\"@type\":\"ListItem\",\"position\":2,\"name\":\"Culture d\u2019ananas au Burkina Faso : La Ferme DJODA entame la r\u00e9colte sur une de ses parcelles\"}]},{\"@type\":\"WebSite\",\"@id\":\"https:\\\/\\\/voxsahel.com\\\/#website\",\"url\":\"https:\\\/\\\/voxsahel.com\\\/\",\"name\":\"Vox Sahel\",\"description\":\"Informez-vous sur le Sahel en un clic\",\"publisher\":{\"@id\":\"https:\\\/\\\/voxsahel.com\\\/#organization\"},\"potentialAction\":[{\"@type\":\"SearchAction\",\"target\":{\"@type\":\"EntryPoint\",\"urlTemplate\":\"https:\\\/\\\/voxsahel.com\\\/?s={search_term_string}\"},\"query-input\":{\"@type\":\"PropertyValueSpecification\",\"valueRequired\":true,\"valueName\":\"search_term_string\"}}],\"inLanguage\":\"fr-FR\"},{\"@type\":\"Organization\",\"@id\":\"https:\\\/\\\/voxsahel.com\\\/#organization\",\"name\":\"Vox Sahel\",\"url\":\"https:\\\/\\\/voxsahel.com\\\/\",\"logo\":{\"@type\":\"ImageObject\",\"inLanguage\":\"fr-FR\",\"@id\":\"https:\\\/\\\/voxsahel.com\\\/#\\\/schema\\\/logo\\\/image\\\/\",\"url\":\"https:\\\/\\\/voxsahel.com\\\/wp-content\\\/uploads\\\/2024\\\/09\\\/Logo-Vox-Sahel.jpg\",\"contentUrl\":\"https:\\\/\\\/voxsahel.com\\\/wp-content\\\/uploads\\\/2024\\\/09\\\/Logo-Vox-Sahel.jpg\",\"width\":1181,\"height\":848,\"caption\":\"Vox Sahel\"},\"image\":{\"@id\":\"https:\\\/\\\/voxsahel.com\\\/#\\\/schema\\\/logo\\\/image\\\/\"},\"sameAs\":[\"https:\\\/\\\/www.facebook.com\\\/journal.voxsahel\"]},{\"@type\":\"Person\",\"@id\":\"https:\\\/\\\/voxsahel.com\\\/#\\\/schema\\\/person\\\/b4043608248f8fa227cd760e7ff1e19e\",\"name\":\"Vox Sahel\",\"image\":{\"@type\":\"ImageObject\",\"inLanguage\":\"fr-FR\",\"@id\":\"https:\\\/\\\/secure.gravatar.com\\\/avatar\\\/f70e7fa0cb9b29d4a7c5788d6eb2e9ab4d3135cbae1c9161810fdf77a8964699?s=96&d=mm&r=g\",\"url\":\"https:\\\/\\\/secure.gravatar.com\\\/avatar\\\/f70e7fa0cb9b29d4a7c5788d6eb2e9ab4d3135cbae1c9161810fdf77a8964699?s=96&d=mm&r=g\",\"contentUrl\":\"https:\\\/\\\/secure.gravatar.com\\\/avatar\\\/f70e7fa0cb9b29d4a7c5788d6eb2e9ab4d3135cbae1c9161810fdf77a8964699?s=96&d=mm&r=g\",\"caption\":\"Vox Sahel\"},\"sameAs\":[\"http:\\\/\\\/www.voxsahel.com\"],\"url\":\"https:\\\/\\\/voxsahel.com\\\/?author=2\"}]}<\/script>\n<!-- \/ Yoast SEO plugin. -->","yoast_head_json":{"title":"Culture d\u2019ananas au Burkina Faso : La Ferme DJODA entame la r\u00e9colte sur une de ses parcelles - Vox Sahel","robots":{"index":"index","follow":"follow","max-snippet":"max-snippet:-1","max-image-preview":"max-image-preview:large","max-video-preview":"max-video-preview:-1"},"canonical":"https:\/\/voxsahel.com\/?p=1012","og_locale":"fr_FR","og_type":"article","og_title":"Culture d\u2019ananas au Burkina Faso : La Ferme DJODA entame la r\u00e9colte sur une de ses parcelles - Vox Sahel","og_description":"Ce dimanche 8 d\u00e9cembre 2024, la Ferme DJODA, pionni\u00e8re dans la culture de l\u2019ananas au","og_url":"https:\/\/voxsahel.com\/?p=1012","og_site_name":"Vox Sahel","article_publisher":"https:\/\/www.facebook.com\/journal.voxsahel","article_published_time":"2024-12-11T17:27:36+00:00","og_image":[{"width":1920,"height":2560,"url":"https:\/\/voxsahel.com\/wp-content\/uploads\/2024\/12\/IMG_9131-scaled.jpeg","type":"image\/jpeg"}],"author":"Vox Sahel","twitter_card":"summary_large_image","twitter_misc":{"\u00c9crit par":"Vox Sahel","Dur\u00e9e de lecture estim\u00e9e":"2 minutes"},"schema":{"@context":"https:\/\/schema.org","@graph":[{"@type":"Article","@id":"https:\/\/voxsahel.com\/?p=1012#article","isPartOf":{"@id":"https:\/\/voxsahel.com\/?p=1012"},"author":{"name":"Vox Sahel","@id":"https:\/\/voxsahel.com\/#\/schema\/person\/b4043608248f8fa227cd760e7ff1e19e"},"headline":"Culture d\u2019ananas au Burkina Faso : La Ferme DJODA entame la r\u00e9colte sur une de ses parcelles","datePublished":"2024-12-11T17:27:36+00:00","mainEntityOfPage":{"@id":"https:\/\/voxsahel.com\/?p=1012"},"wordCount":354,"commentCount":0,"publisher":{"@id":"https:\/\/voxsahel.com\/#organization"},"image":{"@id":"https:\/\/voxsahel.com\/?p=1012#primaryimage"},"thumbnailUrl":"https:\/\/voxsahel.com\/wp-content\/uploads\/2024\/12\/IMG_9131-scaled.jpeg","keywords":["Agriculture","Ananas","Ananas Burkina","Burkina Faso","Ferme Djoda"],"articleSection":["DEVELOPPEMENT"],"inLanguage":"fr-FR","potentialAction":[{"@type":"CommentAction","name":"Comment","target":["https:\/\/voxsahel.com\/?p=1012#respond"]}]},{"@type":"WebPage","@id":"https:\/\/voxsahel.com\/?p=1012","url":"https:\/\/voxsahel.com\/?p=1012","name":"Culture d\u2019ananas au Burkina Faso : La Ferme DJODA entame la r\u00e9colte sur une de ses parcelles - Vox Sahel","isPartOf":{"@id":"https:\/\/voxsahel.com\/#website"},"primaryImageOfPage":{"@id":"https:\/\/voxsahel.com\/?p=1012#primaryimage"},"image":{"@id":"https:\/\/voxsahel.com\/?p=1012#primaryimage"},"thumbnailUrl":"https:\/\/voxsahel.com\/wp-content\/uploads\/2024\/12\/IMG_9131-scaled.jpeg","datePublished":"2024-12-11T17:27:36+00:00","breadcrumb":{"@id":"https:\/\/voxsahel.com\/?p=1012#breadcrumb"},"inLanguage":"fr-FR","potentialAction":[{"@type":"ReadAction","target":["https:\/\/voxsahel.com\/?p=1012"]}]},{"@type":"ImageObject","inLanguage":"fr-FR","@id":"https:\/\/voxsahel.com\/?p=1012#primaryimage","url":"https:\/\/voxsahel.com\/wp-content\/uploads\/2024\/12\/IMG_9131-scaled.jpeg","contentUrl":"https:\/\/voxsahel.com\/wp-content\/uploads\/2024\/12\/IMG_9131-scaled.jpeg","width":1920,"height":2560},{"@type":"BreadcrumbList","@id":"https:\/\/voxsahel.com\/?p=1012#breadcrumb","itemListElement":[{"@type":"ListItem","position":1,"name":"Home","item":"https:\/\/voxsahel.com\/"},{"@type":"ListItem","position":2,"name":"Culture d\u2019ananas au Burkina Faso : La Ferme DJODA entame la r\u00e9colte sur une de ses parcelles"}]},{"@type":"WebSite","@id":"https:\/\/voxsahel.com\/#website","url":"https:\/\/voxsahel.com\/","name":"Vox Sahel","description":"Informez-vous sur le Sahel en un clic","publisher":{"@id":"https:\/\/voxsahel.com\/#organization"},"potentialAction":[{"@type":"SearchAction","target":{"@type":"EntryPoint","urlTemplate":"https:\/\/voxsahel.com\/?s={search_term_string}"},"query-input":{"@type":"PropertyValueSpecification","valueRequired":true,"valueName":"search_term_string"}}],"inLanguage":"fr-FR"},{"@type":"Organization","@id":"https:\/\/voxsahel.com\/#organization","name":"Vox Sahel","url":"https:\/\/voxsahel.com\/","logo":{"@type":"ImageObject","inLanguage":"fr-FR","@id":"https:\/\/voxsahel.com\/#\/schema\/logo\/image\/","url":"https:\/\/voxsahel.com\/wp-content\/uploads\/2024\/09\/Logo-Vox-Sahel.jpg","contentUrl":"https:\/\/voxsahel.com\/wp-content\/uploads\/2024\/09\/Logo-Vox-Sahel.jpg","width":1181,"height":848,"caption":"Vox Sahel"},"image":{"@id":"https:\/\/voxsahel.com\/#\/schema\/logo\/image\/"},"sameAs":["https:\/\/www.facebook.com\/journal.voxsahel"]},{"@type":"Person","@id":"https:\/\/voxsahel.com\/#\/schema\/person\/b4043608248f8fa227cd760e7ff1e19e","name":"Vox Sahel","image":{"@type":"ImageObject","inLanguage":"fr-FR","@id":"https:\/\/secure.gravatar.com\/avatar\/f70e7fa0cb9b29d4a7c5788d6eb2e9ab4d3135cbae1c9161810fdf77a8964699?s=96&d=mm&r=g","url":"https:\/\/secure.gravatar.com\/avatar\/f70e7fa0cb9b29d4a7c5788d6eb2e9ab4d3135cbae1c9161810fdf77a8964699?s=96&d=mm&r=g","contentUrl":"https:\/\/secure.gravatar.com\/avatar\/f70e7fa0cb9b29d4a7c5788d6eb2e9ab4d3135cbae1c9161810fdf77a8964699?s=96&d=mm&r=g","caption":"Vox Sahel"},"sameAs":["http:\/\/www.voxsahel.com"],"url":"https:\/\/voxsahel.com\/?author=2"}]}},"_links":{"self":[{"href":"https:\/\/voxsahel.com\/index.php?rest_route=\/wp\/v2\/posts\/1012","targetHints":{"allow":["GET"]}}],"collection":[{"href":"https:\/\/voxsahel.com\/index.php?rest_route=\/wp\/v2\/posts"}],"about":[{"href":"https:\/\/voxsahel.com\/index.php?rest_route=\/wp\/v2\/types\/post"}],"author":[{"embeddable":true,"href":"https:\/\/voxsahel.com\/index.php?rest_route=\/wp\/v2\/users\/2"}],"replies":[{"embeddable":true,"href":"https:\/\/voxsahel.com\/index.php?rest_route=%2Fwp%2Fv2%2Fcomments&post=1012"}],"version-history":[{"count":1,"href":"https:\/\/voxsahel.com\/index.php?rest_route=\/wp\/v2\/posts\/1012\/revisions"}],"predecessor-version":[{"id":1014,"href":"https:\/\/voxsahel.com\/index.php?rest_route=\/wp\/v2\/posts\/1012\/revisions\/1014"}],"wp:featuredmedia":[{"embeddable":true,"href":"https:\/\/voxsahel.com\/index.php?rest_route=\/wp\/v2\/media\/1013"}],"wp:attachment":[{"href":"https:\/\/voxsahel.com\/index.php?rest_route=%2Fwp%2Fv2%2Fmedia&parent=1012"}],"wp:term":[{"taxonomy":"category","embeddable":true,"href":"https:\/\/voxsahel.com\/index.php?rest_route=%2Fwp%2Fv2%2Fcategories&post=1012"},{"taxonomy":"post_tag","embeddable":true,"href":"https:\/\/voxsahel.com\/index.php?rest_route=%2Fwp%2Fv2%2Ftags&post=1012"}],"curies":[{"name":"wp","href":"https:\/\/api.w.org\/{rel}","templated":true}]}}