{"id":1008,"date":"2024-12-11T15:49:03","date_gmt":"2024-12-11T15:49:03","guid":{"rendered":"https:\/\/voxsahel.com\/?p=1008"},"modified":"2024-12-11T16:53:25","modified_gmt":"2024-12-11T16:53:25","slug":"explosion-a-po-le-gouvernement-exprime-sa-solidarite-aux-victimes-et-promet-des-mesures-judiciaires","status":"publish","type":"post","link":"https:\/\/voxsahel.com\/?p=1008","title":{"rendered":"Explosion \u00e0 P\u00f4 : le gouvernement exprime sa solidarit\u00e9 aux victimes et promet des mesures judiciaires"},"content":{"rendered":"<p class=\"p1\"><span class=\"s2\">Un grave incident s&rsquo;est produit \u00e0 P\u00f4, dans la r\u00e9gion du Centre-Sud du Burkina Faso, causant la mort de plusieurs personnes et des d\u00e9g\u00e2ts mat\u00e9riels importants. Selon les premi\u00e8res informations communiqu\u00e9es par le Procureur du Faso pr\u00e8s le Tribunal de Grande Instance de P\u00f4, un v\u00e9hicule transportant vraisemblablement des explosifs a forc\u00e9 la barri\u00e8re de la Douane \u00e0 Dakola. L\u2019intervention arm\u00e9e des agents des Douanes aurait provoqu\u00e9 une d\u00e9tonation, entra\u00eenant des cons\u00e9quences dramatiques.<\/span><\/p>\n<p class=\"p1\"><span class=\"s2\">Face \u00e0 cette trag\u00e9die, une d\u00e9l\u00e9gation gouvernementale compos\u00e9e du ministre d\u2019\u00c9tat charg\u00e9 de l\u2019Administration Territoriale, \u00c9mile ZERBO, et du ministre de l\u2019\u00c9conomie et des Finances, Dr Aboubakar NACANABO, s\u2019est rendue sur les lieux pour exprimer la compassion et la solidarit\u00e9 du Chef de l\u2019\u00c9tat. La d\u00e9l\u00e9gation a rencontr\u00e9 les familles des victimes, les bless\u00e9s, ainsi que les populations locales \u00e9prouv\u00e9es par cet \u00e9v\u00e9nement.<\/span><\/p>\n<p class=\"p1\"><span class=\"s2\">Les ministres ont \u00e9galement visit\u00e9 le chef de P\u00f4 pour lui t\u00e9moigner le soutien du gouvernement. Sur les lieux du drame, ils ont \u00e9valu\u00e9 les d\u00e9g\u00e2ts et pris connaissance des premiers r\u00e9sultats des enqu\u00eates en cours.<\/span><\/p>\n<p class=\"p1\"><strong><span class=\"s1\">Soutien aux agents des Douanes<\/span><\/strong><\/p>\n<p class=\"p1\"><span class=\"s2\">Le personnel des Douanes, profond\u00e9ment affect\u00e9 par cette trag\u00e9die, a re\u00e7u les encouragements du ministre de l\u2019\u00c9conomie et des Finances, Aboubakar NACANABO, leur ministre de tutelle. Ce dernier, accompagn\u00e9 du Directeur g\u00e9n\u00e9ral des Douanes, Adama ILBOUDO, a salu\u00e9 le professionnalisme et la r\u00e9silience des agents en ces moments difficiles. M. ILBOUDO a tenu \u00e0 rassurer que \u00ab Dakola tiendra debout malgr\u00e9 ce qui s\u2019est pass\u00e9 \u00bb.<\/span><\/p>\n<p class=\"p1\"><span class=\"s2\">Le ministre d\u2019\u00c9tat, \u00c9mile ZERBO, a affirm\u00e9 que des investigations sont en cours, men\u00e9es par la Police scientifique, afin de faire toute la lumi\u00e8re sur cet incident. Il a assur\u00e9 que toutes les cons\u00e9quences judiciaires seront tir\u00e9es et que les personnes dont le comportement aurait caus\u00e9 la mort de civils et d\u2019agents des Douanes r\u00e9pondront de leurs actes.<\/span><\/p>\n<p class=\"p1\"><span class=\"s2\">Ce drame met en lumi\u00e8re les d\u00e9fis s\u00e9curitaires auxquels le pays est confront\u00e9, notamment dans les zones frontali\u00e8res strat\u00e9giques comme Dakola. La population et les autorit\u00e9s locales attendent d\u00e9sormais les r\u00e9sultats des enqu\u00eates pour comprendre les circonstances exactes de cette trag\u00e9die et pr\u00e9venir de tels \u00e9v\u00e9nements \u00e0 l\u2019avenir.<\/span><\/p>\n<p class=\"p1\"><span class=\"s2\">Alors que le Burkina Faso pleure ses victimes, cet incident rappelle l\u2019importance de renforcer la s\u00e9curit\u00e9 et de maintenir la vigilance face aux menaces qui p\u00e8sent sur le pays. Le gouvernement a r\u00e9affirm\u00e9 son engagement \u00e0 soutenir les familles endeuill\u00e9es et \u00e0 prendre des mesures pour prot\u00e9ger les citoyens et les institutions.<\/span><\/p>\n","protected":false},"excerpt":{"rendered":"<p>Un grave incident s&rsquo;est produit \u00e0 P\u00f4, dans la r\u00e9gion du Centre-Sud du Burkina Faso,<\/p>\n","protected":false},"author":2,"featured_media":1011,"comment_status":"open","ping_status":"open","sticky":false,"template":"","format":"standard","meta":{"_et_pb_use_builder":"","_et_pb_old_content":"","_et_gb_content_width":"","footnotes":""},"categories":[5],"tags":[],"class_list":["post-1008","post","type-post","status-publish","format-standard","has-post-thumbnail","hentry","category-societe"],"yoast_head":"<!-- This site is optimized with the Yoast SEO plugin v27.5 - https:\/\/yoast.com\/product\/yoast-seo-wordpress\/ -->\n<title>Explosion \u00e0 P\u00f4 : le gouvernement exprime sa solidarit\u00e9 aux victimes et promet des mesures judiciaires - Vox Sahel<\/title>\n<meta name=\"robots\" content=\"index, follow, max-snippet:-1, max-image-preview:large, max-video-preview:-1\" \/>\n<link rel=\"canonical\" href=\"https:\/\/voxsahel.com\/?p=1008\" \/>\n<meta property=\"og:locale\" content=\"fr_FR\" \/>\n<meta property=\"og:type\" content=\"article\" \/>\n<meta property=\"og:title\" content=\"Explosion \u00e0 P\u00f4 : le gouvernement exprime sa solidarit\u00e9 aux victimes et promet des mesures judiciaires - Vox Sahel\" \/>\n<meta property=\"og:description\" content=\"Un grave incident s&rsquo;est produit \u00e0 P\u00f4, dans la r\u00e9gion du Centre-Sud du Burkina Faso,\" \/>\n<meta property=\"og:url\" content=\"https:\/\/voxsahel.com\/?p=1008\" \/>\n<meta property=\"og:site_name\" content=\"Vox Sahel\" \/>\n<meta property=\"article:publisher\" content=\"https:\/\/www.facebook.com\/journal.voxsahel\" \/>\n<meta property=\"article:published_time\" content=\"2024-12-11T15:49:03+00:00\" \/>\n<meta property=\"article:modified_time\" content=\"2024-12-11T16:53:25+00:00\" \/>\n<meta property=\"og:image\" content=\"https:\/\/voxsahel.com\/wp-content\/uploads\/2024\/12\/IMG_0421.jpeg\" \/>\n\t<meta property=\"og:image:width\" content=\"1600\" \/>\n\t<meta property=\"og:image:height\" content=\"1066\" \/>\n\t<meta property=\"og:image:type\" content=\"image\/jpeg\" \/>\n<meta name=\"author\" content=\"Vox Sahel\" \/>\n<meta name=\"twitter:card\" content=\"summary_large_image\" \/>\n<meta name=\"twitter:label1\" content=\"\u00c9crit par\" \/>\n\t<meta name=\"twitter:data1\" content=\"Vox Sahel\" \/>\n\t<meta name=\"twitter:label2\" content=\"Dur\u00e9e de lecture estim\u00e9e\" \/>\n\t<meta name=\"twitter:data2\" content=\"3 minutes\" \/>\n<script type=\"application\/ld+json\" class=\"yoast-schema-graph\">{\"@context\":\"https:\\\/\\\/schema.org\",\"@graph\":[{\"@type\":\"Article\",\"@id\":\"https:\\\/\\\/voxsahel.com\\\/?p=1008#article\",\"isPartOf\":{\"@id\":\"https:\\\/\\\/voxsahel.com\\\/?p=1008\"},\"author\":{\"name\":\"Vox Sahel\",\"@id\":\"https:\\\/\\\/voxsahel.com\\\/#\\\/schema\\\/person\\\/b4043608248f8fa227cd760e7ff1e19e\"},\"headline\":\"Explosion \u00e0 P\u00f4 : le gouvernement exprime sa solidarit\u00e9 aux victimes et promet des mesures judiciaires\",\"datePublished\":\"2024-12-11T15:49:03+00:00\",\"dateModified\":\"2024-12-11T16:53:25+00:00\",\"mainEntityOfPage\":{\"@id\":\"https:\\\/\\\/voxsahel.com\\\/?p=1008\"},\"wordCount\":474,\"commentCount\":0,\"publisher\":{\"@id\":\"https:\\\/\\\/voxsahel.com\\\/#organization\"},\"image\":{\"@id\":\"https:\\\/\\\/voxsahel.com\\\/?p=1008#primaryimage\"},\"thumbnailUrl\":\"https:\\\/\\\/voxsahel.com\\\/wp-content\\\/uploads\\\/2024\\\/12\\\/IMG_0421.jpeg\",\"articleSection\":[\"SOCIETE\"],\"inLanguage\":\"fr-FR\",\"potentialAction\":[{\"@type\":\"CommentAction\",\"name\":\"Comment\",\"target\":[\"https:\\\/\\\/voxsahel.com\\\/?p=1008#respond\"]}]},{\"@type\":\"WebPage\",\"@id\":\"https:\\\/\\\/voxsahel.com\\\/?p=1008\",\"url\":\"https:\\\/\\\/voxsahel.com\\\/?p=1008\",\"name\":\"Explosion \u00e0 P\u00f4 : le gouvernement exprime sa solidarit\u00e9 aux victimes et promet des mesures judiciaires - Vox Sahel\",\"isPartOf\":{\"@id\":\"https:\\\/\\\/voxsahel.com\\\/#website\"},\"primaryImageOfPage\":{\"@id\":\"https:\\\/\\\/voxsahel.com\\\/?p=1008#primaryimage\"},\"image\":{\"@id\":\"https:\\\/\\\/voxsahel.com\\\/?p=1008#primaryimage\"},\"thumbnailUrl\":\"https:\\\/\\\/voxsahel.com\\\/wp-content\\\/uploads\\\/2024\\\/12\\\/IMG_0421.jpeg\",\"datePublished\":\"2024-12-11T15:49:03+00:00\",\"dateModified\":\"2024-12-11T16:53:25+00:00\",\"breadcrumb\":{\"@id\":\"https:\\\/\\\/voxsahel.com\\\/?p=1008#breadcrumb\"},\"inLanguage\":\"fr-FR\",\"potentialAction\":[{\"@type\":\"ReadAction\",\"target\":[\"https:\\\/\\\/voxsahel.com\\\/?p=1008\"]}]},{\"@type\":\"ImageObject\",\"inLanguage\":\"fr-FR\",\"@id\":\"https:\\\/\\\/voxsahel.com\\\/?p=1008#primaryimage\",\"url\":\"https:\\\/\\\/voxsahel.com\\\/wp-content\\\/uploads\\\/2024\\\/12\\\/IMG_0421.jpeg\",\"contentUrl\":\"https:\\\/\\\/voxsahel.com\\\/wp-content\\\/uploads\\\/2024\\\/12\\\/IMG_0421.jpeg\",\"width\":1600,\"height\":1066},{\"@type\":\"BreadcrumbList\",\"@id\":\"https:\\\/\\\/voxsahel.com\\\/?p=1008#breadcrumb\",\"itemListElement\":[{\"@type\":\"ListItem\",\"position\":1,\"name\":\"Home\",\"item\":\"https:\\\/\\\/voxsahel.com\\\/\"},{\"@type\":\"ListItem\",\"position\":2,\"name\":\"Explosion \u00e0 P\u00f4 : le gouvernement exprime sa solidarit\u00e9 aux victimes et promet des mesures judiciaires\"}]},{\"@type\":\"WebSite\",\"@id\":\"https:\\\/\\\/voxsahel.com\\\/#website\",\"url\":\"https:\\\/\\\/voxsahel.com\\\/\",\"name\":\"Vox Sahel\",\"description\":\"Informez-vous sur le Sahel en un clic\",\"publisher\":{\"@id\":\"https:\\\/\\\/voxsahel.com\\\/#organization\"},\"potentialAction\":[{\"@type\":\"SearchAction\",\"target\":{\"@type\":\"EntryPoint\",\"urlTemplate\":\"https:\\\/\\\/voxsahel.com\\\/?s={search_term_string}\"},\"query-input\":{\"@type\":\"PropertyValueSpecification\",\"valueRequired\":true,\"valueName\":\"search_term_string\"}}],\"inLanguage\":\"fr-FR\"},{\"@type\":\"Organization\",\"@id\":\"https:\\\/\\\/voxsahel.com\\\/#organization\",\"name\":\"Vox Sahel\",\"url\":\"https:\\\/\\\/voxsahel.com\\\/\",\"logo\":{\"@type\":\"ImageObject\",\"inLanguage\":\"fr-FR\",\"@id\":\"https:\\\/\\\/voxsahel.com\\\/#\\\/schema\\\/logo\\\/image\\\/\",\"url\":\"https:\\\/\\\/voxsahel.com\\\/wp-content\\\/uploads\\\/2024\\\/09\\\/Logo-Vox-Sahel.jpg\",\"contentUrl\":\"https:\\\/\\\/voxsahel.com\\\/wp-content\\\/uploads\\\/2024\\\/09\\\/Logo-Vox-Sahel.jpg\",\"width\":1181,\"height\":848,\"caption\":\"Vox Sahel\"},\"image\":{\"@id\":\"https:\\\/\\\/voxsahel.com\\\/#\\\/schema\\\/logo\\\/image\\\/\"},\"sameAs\":[\"https:\\\/\\\/www.facebook.com\\\/journal.voxsahel\"]},{\"@type\":\"Person\",\"@id\":\"https:\\\/\\\/voxsahel.com\\\/#\\\/schema\\\/person\\\/b4043608248f8fa227cd760e7ff1e19e\",\"name\":\"Vox Sahel\",\"image\":{\"@type\":\"ImageObject\",\"inLanguage\":\"fr-FR\",\"@id\":\"https:\\\/\\\/secure.gravatar.com\\\/avatar\\\/f70e7fa0cb9b29d4a7c5788d6eb2e9ab4d3135cbae1c9161810fdf77a8964699?s=96&d=mm&r=g\",\"url\":\"https:\\\/\\\/secure.gravatar.com\\\/avatar\\\/f70e7fa0cb9b29d4a7c5788d6eb2e9ab4d3135cbae1c9161810fdf77a8964699?s=96&d=mm&r=g\",\"contentUrl\":\"https:\\\/\\\/secure.gravatar.com\\\/avatar\\\/f70e7fa0cb9b29d4a7c5788d6eb2e9ab4d3135cbae1c9161810fdf77a8964699?s=96&d=mm&r=g\",\"caption\":\"Vox Sahel\"},\"sameAs\":[\"http:\\\/\\\/www.voxsahel.com\"],\"url\":\"https:\\\/\\\/voxsahel.com\\\/?author=2\"}]}<\/script>\n<!-- \/ Yoast SEO plugin. -->","yoast_head_json":{"title":"Explosion \u00e0 P\u00f4 : le gouvernement exprime sa solidarit\u00e9 aux victimes et promet des mesures judiciaires - Vox Sahel","robots":{"index":"index","follow":"follow","max-snippet":"max-snippet:-1","max-image-preview":"max-image-preview:large","max-video-preview":"max-video-preview:-1"},"canonical":"https:\/\/voxsahel.com\/?p=1008","og_locale":"fr_FR","og_type":"article","og_title":"Explosion \u00e0 P\u00f4 : le gouvernement exprime sa solidarit\u00e9 aux victimes et promet des mesures judiciaires - Vox Sahel","og_description":"Un grave incident s&rsquo;est produit \u00e0 P\u00f4, dans la r\u00e9gion du Centre-Sud du Burkina Faso,","og_url":"https:\/\/voxsahel.com\/?p=1008","og_site_name":"Vox Sahel","article_publisher":"https:\/\/www.facebook.com\/journal.voxsahel","article_published_time":"2024-12-11T15:49:03+00:00","article_modified_time":"2024-12-11T16:53:25+00:00","og_image":[{"width":1600,"height":1066,"url":"https:\/\/voxsahel.com\/wp-content\/uploads\/2024\/12\/IMG_0421.jpeg","type":"image\/jpeg"}],"author":"Vox Sahel","twitter_card":"summary_large_image","twitter_misc":{"\u00c9crit par":"Vox Sahel","Dur\u00e9e de lecture estim\u00e9e":"3 minutes"},"schema":{"@context":"https:\/\/schema.org","@graph":[{"@type":"Article","@id":"https:\/\/voxsahel.com\/?p=1008#article","isPartOf":{"@id":"https:\/\/voxsahel.com\/?p=1008"},"author":{"name":"Vox Sahel","@id":"https:\/\/voxsahel.com\/#\/schema\/person\/b4043608248f8fa227cd760e7ff1e19e"},"headline":"Explosion \u00e0 P\u00f4 : le gouvernement exprime sa solidarit\u00e9 aux victimes et promet des mesures judiciaires","datePublished":"2024-12-11T15:49:03+00:00","dateModified":"2024-12-11T16:53:25+00:00","mainEntityOfPage":{"@id":"https:\/\/voxsahel.com\/?p=1008"},"wordCount":474,"commentCount":0,"publisher":{"@id":"https:\/\/voxsahel.com\/#organization"},"image":{"@id":"https:\/\/voxsahel.com\/?p=1008#primaryimage"},"thumbnailUrl":"https:\/\/voxsahel.com\/wp-content\/uploads\/2024\/12\/IMG_0421.jpeg","articleSection":["SOCIETE"],"inLanguage":"fr-FR","potentialAction":[{"@type":"CommentAction","name":"Comment","target":["https:\/\/voxsahel.com\/?p=1008#respond"]}]},{"@type":"WebPage","@id":"https:\/\/voxsahel.com\/?p=1008","url":"https:\/\/voxsahel.com\/?p=1008","name":"Explosion \u00e0 P\u00f4 : le gouvernement exprime sa solidarit\u00e9 aux victimes et promet des mesures judiciaires - Vox Sahel","isPartOf":{"@id":"https:\/\/voxsahel.com\/#website"},"primaryImageOfPage":{"@id":"https:\/\/voxsahel.com\/?p=1008#primaryimage"},"image":{"@id":"https:\/\/voxsahel.com\/?p=1008#primaryimage"},"thumbnailUrl":"https:\/\/voxsahel.com\/wp-content\/uploads\/2024\/12\/IMG_0421.jpeg","datePublished":"2024-12-11T15:49:03+00:00","dateModified":"2024-12-11T16:53:25+00:00","breadcrumb":{"@id":"https:\/\/voxsahel.com\/?p=1008#breadcrumb"},"inLanguage":"fr-FR","potentialAction":[{"@type":"ReadAction","target":["https:\/\/voxsahel.com\/?p=1008"]}]},{"@type":"ImageObject","inLanguage":"fr-FR","@id":"https:\/\/voxsahel.com\/?p=1008#primaryimage","url":"https:\/\/voxsahel.com\/wp-content\/uploads\/2024\/12\/IMG_0421.jpeg","contentUrl":"https:\/\/voxsahel.com\/wp-content\/uploads\/2024\/12\/IMG_0421.jpeg","width":1600,"height":1066},{"@type":"BreadcrumbList","@id":"https:\/\/voxsahel.com\/?p=1008#breadcrumb","itemListElement":[{"@type":"ListItem","position":1,"name":"Home","item":"https:\/\/voxsahel.com\/"},{"@type":"ListItem","position":2,"name":"Explosion \u00e0 P\u00f4 : le gouvernement exprime sa solidarit\u00e9 aux victimes et promet des mesures judiciaires"}]},{"@type":"WebSite","@id":"https:\/\/voxsahel.com\/#website","url":"https:\/\/voxsahel.com\/","name":"Vox Sahel","description":"Informez-vous sur le Sahel en un clic","publisher":{"@id":"https:\/\/voxsahel.com\/#organization"},"potentialAction":[{"@type":"SearchAction","target":{"@type":"EntryPoint","urlTemplate":"https:\/\/voxsahel.com\/?s={search_term_string}"},"query-input":{"@type":"PropertyValueSpecification","valueRequired":true,"valueName":"search_term_string"}}],"inLanguage":"fr-FR"},{"@type":"Organization","@id":"https:\/\/voxsahel.com\/#organization","name":"Vox Sahel","url":"https:\/\/voxsahel.com\/","logo":{"@type":"ImageObject","inLanguage":"fr-FR","@id":"https:\/\/voxsahel.com\/#\/schema\/logo\/image\/","url":"https:\/\/voxsahel.com\/wp-content\/uploads\/2024\/09\/Logo-Vox-Sahel.jpg","contentUrl":"https:\/\/voxsahel.com\/wp-content\/uploads\/2024\/09\/Logo-Vox-Sahel.jpg","width":1181,"height":848,"caption":"Vox Sahel"},"image":{"@id":"https:\/\/voxsahel.com\/#\/schema\/logo\/image\/"},"sameAs":["https:\/\/www.facebook.com\/journal.voxsahel"]},{"@type":"Person","@id":"https:\/\/voxsahel.com\/#\/schema\/person\/b4043608248f8fa227cd760e7ff1e19e","name":"Vox Sahel","image":{"@type":"ImageObject","inLanguage":"fr-FR","@id":"https:\/\/secure.gravatar.com\/avatar\/f70e7fa0cb9b29d4a7c5788d6eb2e9ab4d3135cbae1c9161810fdf77a8964699?s=96&d=mm&r=g","url":"https:\/\/secure.gravatar.com\/avatar\/f70e7fa0cb9b29d4a7c5788d6eb2e9ab4d3135cbae1c9161810fdf77a8964699?s=96&d=mm&r=g","contentUrl":"https:\/\/secure.gravatar.com\/avatar\/f70e7fa0cb9b29d4a7c5788d6eb2e9ab4d3135cbae1c9161810fdf77a8964699?s=96&d=mm&r=g","caption":"Vox Sahel"},"sameAs":["http:\/\/www.voxsahel.com"],"url":"https:\/\/voxsahel.com\/?author=2"}]}},"_links":{"self":[{"href":"https:\/\/voxsahel.com\/index.php?rest_route=\/wp\/v2\/posts\/1008","targetHints":{"allow":["GET"]}}],"collection":[{"href":"https:\/\/voxsahel.com\/index.php?rest_route=\/wp\/v2\/posts"}],"about":[{"href":"https:\/\/voxsahel.com\/index.php?rest_route=\/wp\/v2\/types\/post"}],"author":[{"embeddable":true,"href":"https:\/\/voxsahel.com\/index.php?rest_route=\/wp\/v2\/users\/2"}],"replies":[{"embeddable":true,"href":"https:\/\/voxsahel.com\/index.php?rest_route=%2Fwp%2Fv2%2Fcomments&post=1008"}],"version-history":[{"count":1,"href":"https:\/\/voxsahel.com\/index.php?rest_route=\/wp\/v2\/posts\/1008\/revisions"}],"predecessor-version":[{"id":1010,"href":"https:\/\/voxsahel.com\/index.php?rest_route=\/wp\/v2\/posts\/1008\/revisions\/1010"}],"wp:featuredmedia":[{"embeddable":true,"href":"https:\/\/voxsahel.com\/index.php?rest_route=\/wp\/v2\/media\/1011"}],"wp:attachment":[{"href":"https:\/\/voxsahel.com\/index.php?rest_route=%2Fwp%2Fv2%2Fmedia&parent=1008"}],"wp:term":[{"taxonomy":"category","embeddable":true,"href":"https:\/\/voxsahel.com\/index.php?rest_route=%2Fwp%2Fv2%2Fcategories&post=1008"},{"taxonomy":"post_tag","embeddable":true,"href":"https:\/\/voxsahel.com\/index.php?rest_route=%2Fwp%2Fv2%2Ftags&post=1008"}],"curies":[{"name":"wp","href":"https:\/\/api.w.org\/{rel}","templated":true}]}}