{"id":1002,"date":"2024-12-11T08:22:53","date_gmt":"2024-12-11T08:22:53","guid":{"rendered":"https:\/\/voxsahel.com\/?p=1002"},"modified":"2024-12-11T08:22:53","modified_gmt":"2024-12-11T08:22:53","slug":"forte-speculation-sur-le-prix-des-amendes-de-karite-au-burkina-le-gouvernement-intensifie-ses-efforts-pour-reguler-le-marche","status":"publish","type":"post","link":"https:\/\/voxsahel.com\/?p=1002","title":{"rendered":"Forte sp\u00e9culation sur le prix des amendes de karit\u00e9 au Burkina : Le gouvernement intensifie ses efforts pour r\u00e9guler le march\u00e9"},"content":{"rendered":"<p>Face \u00e0 la flamb\u00e9e des prix des amandes de karit\u00e9 et aux pratiques sp\u00e9culatives de certains commer\u00e7ants, le gouvernement burkinab\u00e8 a pris des mesures fortes pour prot\u00e9ger ce secteur strat\u00e9gique. La suspension temporaire des exportations d&rsquo;amandes de karit\u00e9, annonc\u00e9e par le minist\u00e8re du Commerce, vise \u00e0 garantir l&rsquo;approvisionnement local et \u00e0 promouvoir la transformation nationale, un levier important pour dynamiser l&rsquo;\u00e9conomie.<\/p>\n<p>La Brigade Mobile de Contr\u00f4le \u00c9conomique et de la R\u00e9pression des Fraudes (BMCRF) a intensifi\u00e9 ses interventions pour contrer les d\u00e9rives dans le secteur. Les prix des amandes de karit\u00e9 sont r\u00e9glement\u00e9s \u00e0 400 FCFA\/kg dans la r\u00e9gion de Ouagadougou et 375 FCFA\/kg dans les autres localit\u00e9s. Pourtant, de nombreux commer\u00e7ants continuent de pratiquer des tarifs sp\u00e9culatifs, mena\u00e7ant l&rsquo;\u00e9quilibre du march\u00e9.<\/p>\n<p>En r\u00e9action, plusieurs boutiques ont \u00e9t\u00e9 ferm\u00e9es et leurs propri\u00e9taires convoqu\u00e9s. Par ailleurs, toute tentative d&rsquo;exportation ill\u00e9gale expose les contrevenants \u00e0 des sanctions s\u00e9v\u00e8res, y compris la confiscation des marchandises et la fermeture d\u00e9finitive des commerces impliqu\u00e9s.<\/p>\n<p>Le Burkina Faso dispose d&rsquo;un potentiel annuel de production de 1 247 295 tonnes d&rsquo;amandes de karit\u00e9. Cependant, seulement 32 %, soit 404 412 tonnes, sont exploit\u00e9es. Les 68 % restants repr\u00e9sentent une opportunit\u00e9 immense pour d\u00e9velopper des industries locales et renforcer l&rsquo;\u00e9conomie nationale.<\/p>\n<p>Les r\u00e9gions des Hauts-Bassins (20,47 %) et des Cascades (20,21 %) se distinguent par leur forte production, suivie par le Sud-Ouest (18,93 %), le Centre-Ouest (17 %) et la Boucle du Mouhoun (13,32 %).<\/p>\n<p>La karit\u00e9 est une ressource cruciale pour l&rsquo;industrie cosm\u00e9tique et agroalimentaire, tant au niveau national qu&rsquo;international. En encourageant la transformation locale des amandes en beurre de karit\u00e9, le Burkina Faso peut cr\u00e9er des emplois, augmenter la valeur ajout\u00e9e et r\u00e9duire sa d\u00e9pendance aux exportations brutes.<\/p>\n<p>Actuellement, les coop\u00e9ratives de transformation peinent \u00e0 s&rsquo;approvisionner en amandes en raison des exportations massives, souvent au d\u00e9triment des producteurs locaux. La suspension temporaire des exportations permettra de rediriger ces mati\u00e8res premi\u00e8res vers les unit\u00e9s locales, contribuant ainsi \u00e0 la cr\u00e9ation de richesses et \u00e0 l&rsquo;am\u00e9lioration des conditions de vie des populations, notamment des femmes qui jouent un r\u00f4le cl\u00e9 dans ce secteur.<\/p>\n<p>La BMCRF appelle les commer\u00e7ants et les consommateurs \u00e0 respecter la r\u00e9glementation en vigueur et \u00e0 signaler toute infraction via les num\u00e9ros verts : 80 00 11 84, 80 00 11 85, ou 80 00 11 86.<\/p>\n<p>Cette mesure, bien que contraignante \u00e0 court terme, vise \u00e0 \u00e9tablir une concurrence \u00e9quitable et \u00e0 assurer des prix accessibles aux consommateurs tout en prot\u00e9geant les int\u00e9r\u00eats des producteurs locaux. En exploitant durablement le potentiel du karit\u00e9, le Burkina Faso peut transformer cette ressource naturelle en un moteur de d\u00e9veloppement durable et \u00e9quitable.<\/p>\n<p style=\"text-align: right;\"><strong>Par Vox Sahel<\/strong><\/p>\n","protected":false},"excerpt":{"rendered":"<p>Face \u00e0 la flamb\u00e9e des prix des amandes de karit\u00e9 et aux pratiques sp\u00e9culatives de<\/p>\n","protected":false},"author":2,"featured_media":1003,"comment_status":"open","ping_status":"open","sticky":false,"template":"","format":"standard","meta":{"_et_pb_use_builder":"","_et_pb_old_content":"","_et_gb_content_width":"","footnotes":""},"categories":[8],"tags":[133,130,18,287,92,385,70,131],"class_list":["post-1002","post","type-post","status-publish","format-standard","has-post-thumbnail","hentry","category-developpement","tag-amandes-de-karite","tag-brigade-mobile-de-controle-economique-et-de-la-repression-des-fraudes","tag-burkina-faso","tag-croissance-economique","tag-developpement","tag-groupement-professionnel-des-industriels","tag-industrie","tag-karite"],"yoast_head":"<!-- This site is optimized with the Yoast SEO plugin v27.5 - https:\/\/yoast.com\/product\/yoast-seo-wordpress\/ -->\n<title>Forte sp\u00e9culation sur le prix des amendes de karit\u00e9 au Burkina : Le gouvernement intensifie ses efforts pour r\u00e9guler le march\u00e9 - Vox Sahel<\/title>\n<meta name=\"robots\" content=\"index, follow, max-snippet:-1, max-image-preview:large, max-video-preview:-1\" \/>\n<link rel=\"canonical\" href=\"https:\/\/voxsahel.com\/?p=1002\" \/>\n<meta property=\"og:locale\" content=\"fr_FR\" \/>\n<meta property=\"og:type\" content=\"article\" \/>\n<meta property=\"og:title\" content=\"Forte sp\u00e9culation sur le prix des amendes de karit\u00e9 au Burkina : Le gouvernement intensifie ses efforts pour r\u00e9guler le march\u00e9 - Vox Sahel\" \/>\n<meta property=\"og:description\" content=\"Face \u00e0 la flamb\u00e9e des prix des amandes de karit\u00e9 et aux pratiques sp\u00e9culatives de\" \/>\n<meta property=\"og:url\" content=\"https:\/\/voxsahel.com\/?p=1002\" \/>\n<meta property=\"og:site_name\" content=\"Vox Sahel\" \/>\n<meta property=\"article:publisher\" content=\"https:\/\/www.facebook.com\/journal.voxsahel\" \/>\n<meta property=\"article:published_time\" content=\"2024-12-11T08:22:53+00:00\" \/>\n<meta property=\"og:image\" content=\"https:\/\/voxsahel.com\/wp-content\/uploads\/2024\/12\/Karite.jpg\" \/>\n\t<meta property=\"og:image:width\" content=\"1000\" \/>\n\t<meta property=\"og:image:height\" content=\"750\" \/>\n\t<meta property=\"og:image:type\" content=\"image\/jpeg\" \/>\n<meta name=\"author\" content=\"Vox Sahel\" \/>\n<meta name=\"twitter:card\" content=\"summary_large_image\" \/>\n<meta name=\"twitter:label1\" content=\"\u00c9crit par\" \/>\n\t<meta name=\"twitter:data1\" content=\"Vox Sahel\" \/>\n\t<meta name=\"twitter:label2\" content=\"Dur\u00e9e de lecture estim\u00e9e\" \/>\n\t<meta name=\"twitter:data2\" content=\"3 minutes\" \/>\n<script type=\"application\/ld+json\" class=\"yoast-schema-graph\">{\"@context\":\"https:\\\/\\\/schema.org\",\"@graph\":[{\"@type\":\"Article\",\"@id\":\"https:\\\/\\\/voxsahel.com\\\/?p=1002#article\",\"isPartOf\":{\"@id\":\"https:\\\/\\\/voxsahel.com\\\/?p=1002\"},\"author\":{\"name\":\"Vox Sahel\",\"@id\":\"https:\\\/\\\/voxsahel.com\\\/#\\\/schema\\\/person\\\/b4043608248f8fa227cd760e7ff1e19e\"},\"headline\":\"Forte sp\u00e9culation sur le prix des amendes de karit\u00e9 au Burkina : Le gouvernement intensifie ses efforts pour r\u00e9guler le march\u00e9\",\"datePublished\":\"2024-12-11T08:22:53+00:00\",\"mainEntityOfPage\":{\"@id\":\"https:\\\/\\\/voxsahel.com\\\/?p=1002\"},\"wordCount\":477,\"commentCount\":0,\"publisher\":{\"@id\":\"https:\\\/\\\/voxsahel.com\\\/#organization\"},\"image\":{\"@id\":\"https:\\\/\\\/voxsahel.com\\\/?p=1002#primaryimage\"},\"thumbnailUrl\":\"https:\\\/\\\/voxsahel.com\\\/wp-content\\\/uploads\\\/2024\\\/12\\\/Karite.jpg\",\"keywords\":[\"Amandes de karit\u00e9\",\"Brigade Mobile de Contr\u00f4le \u00c9conomique et de la R\u00e9pression des Fraudes\",\"Burkina Faso\",\"Croissance \u00e9conomique\",\"D\u00e9veloppement\",\"Groupement professionnel des industriels\",\"Industrie\",\"Karit\u00e9\"],\"articleSection\":[\"DEVELOPPEMENT\"],\"inLanguage\":\"fr-FR\",\"potentialAction\":[{\"@type\":\"CommentAction\",\"name\":\"Comment\",\"target\":[\"https:\\\/\\\/voxsahel.com\\\/?p=1002#respond\"]}]},{\"@type\":\"WebPage\",\"@id\":\"https:\\\/\\\/voxsahel.com\\\/?p=1002\",\"url\":\"https:\\\/\\\/voxsahel.com\\\/?p=1002\",\"name\":\"Forte sp\u00e9culation sur le prix des amendes de karit\u00e9 au Burkina : Le gouvernement intensifie ses efforts pour r\u00e9guler le march\u00e9 - Vox Sahel\",\"isPartOf\":{\"@id\":\"https:\\\/\\\/voxsahel.com\\\/#website\"},\"primaryImageOfPage\":{\"@id\":\"https:\\\/\\\/voxsahel.com\\\/?p=1002#primaryimage\"},\"image\":{\"@id\":\"https:\\\/\\\/voxsahel.com\\\/?p=1002#primaryimage\"},\"thumbnailUrl\":\"https:\\\/\\\/voxsahel.com\\\/wp-content\\\/uploads\\\/2024\\\/12\\\/Karite.jpg\",\"datePublished\":\"2024-12-11T08:22:53+00:00\",\"breadcrumb\":{\"@id\":\"https:\\\/\\\/voxsahel.com\\\/?p=1002#breadcrumb\"},\"inLanguage\":\"fr-FR\",\"potentialAction\":[{\"@type\":\"ReadAction\",\"target\":[\"https:\\\/\\\/voxsahel.com\\\/?p=1002\"]}]},{\"@type\":\"ImageObject\",\"inLanguage\":\"fr-FR\",\"@id\":\"https:\\\/\\\/voxsahel.com\\\/?p=1002#primaryimage\",\"url\":\"https:\\\/\\\/voxsahel.com\\\/wp-content\\\/uploads\\\/2024\\\/12\\\/Karite.jpg\",\"contentUrl\":\"https:\\\/\\\/voxsahel.com\\\/wp-content\\\/uploads\\\/2024\\\/12\\\/Karite.jpg\",\"width\":1000,\"height\":750,\"caption\":\"Forte sp\u00e9culation sur le prix des amendes de karit\u00e9 au Burkina : Le gouvernement intensifie ses efforts pour r\u00e9guler le march\u00e9\"},{\"@type\":\"BreadcrumbList\",\"@id\":\"https:\\\/\\\/voxsahel.com\\\/?p=1002#breadcrumb\",\"itemListElement\":[{\"@type\":\"ListItem\",\"position\":1,\"name\":\"Home\",\"item\":\"https:\\\/\\\/voxsahel.com\\\/\"},{\"@type\":\"ListItem\",\"position\":2,\"name\":\"Forte sp\u00e9culation sur le prix des amendes de karit\u00e9 au Burkina : Le gouvernement intensifie ses efforts pour r\u00e9guler le march\u00e9\"}]},{\"@type\":\"WebSite\",\"@id\":\"https:\\\/\\\/voxsahel.com\\\/#website\",\"url\":\"https:\\\/\\\/voxsahel.com\\\/\",\"name\":\"Vox Sahel\",\"description\":\"Informez-vous sur le Sahel en un clic\",\"publisher\":{\"@id\":\"https:\\\/\\\/voxsahel.com\\\/#organization\"},\"potentialAction\":[{\"@type\":\"SearchAction\",\"target\":{\"@type\":\"EntryPoint\",\"urlTemplate\":\"https:\\\/\\\/voxsahel.com\\\/?s={search_term_string}\"},\"query-input\":{\"@type\":\"PropertyValueSpecification\",\"valueRequired\":true,\"valueName\":\"search_term_string\"}}],\"inLanguage\":\"fr-FR\"},{\"@type\":\"Organization\",\"@id\":\"https:\\\/\\\/voxsahel.com\\\/#organization\",\"name\":\"Vox Sahel\",\"url\":\"https:\\\/\\\/voxsahel.com\\\/\",\"logo\":{\"@type\":\"ImageObject\",\"inLanguage\":\"fr-FR\",\"@id\":\"https:\\\/\\\/voxsahel.com\\\/#\\\/schema\\\/logo\\\/image\\\/\",\"url\":\"https:\\\/\\\/voxsahel.com\\\/wp-content\\\/uploads\\\/2024\\\/09\\\/Logo-Vox-Sahel.jpg\",\"contentUrl\":\"https:\\\/\\\/voxsahel.com\\\/wp-content\\\/uploads\\\/2024\\\/09\\\/Logo-Vox-Sahel.jpg\",\"width\":1181,\"height\":848,\"caption\":\"Vox Sahel\"},\"image\":{\"@id\":\"https:\\\/\\\/voxsahel.com\\\/#\\\/schema\\\/logo\\\/image\\\/\"},\"sameAs\":[\"https:\\\/\\\/www.facebook.com\\\/journal.voxsahel\"]},{\"@type\":\"Person\",\"@id\":\"https:\\\/\\\/voxsahel.com\\\/#\\\/schema\\\/person\\\/b4043608248f8fa227cd760e7ff1e19e\",\"name\":\"Vox Sahel\",\"image\":{\"@type\":\"ImageObject\",\"inLanguage\":\"fr-FR\",\"@id\":\"https:\\\/\\\/secure.gravatar.com\\\/avatar\\\/f70e7fa0cb9b29d4a7c5788d6eb2e9ab4d3135cbae1c9161810fdf77a8964699?s=96&d=mm&r=g\",\"url\":\"https:\\\/\\\/secure.gravatar.com\\\/avatar\\\/f70e7fa0cb9b29d4a7c5788d6eb2e9ab4d3135cbae1c9161810fdf77a8964699?s=96&d=mm&r=g\",\"contentUrl\":\"https:\\\/\\\/secure.gravatar.com\\\/avatar\\\/f70e7fa0cb9b29d4a7c5788d6eb2e9ab4d3135cbae1c9161810fdf77a8964699?s=96&d=mm&r=g\",\"caption\":\"Vox Sahel\"},\"sameAs\":[\"http:\\\/\\\/www.voxsahel.com\"],\"url\":\"https:\\\/\\\/voxsahel.com\\\/?author=2\"}]}<\/script>\n<!-- \/ Yoast SEO plugin. -->","yoast_head_json":{"title":"Forte sp\u00e9culation sur le prix des amendes de karit\u00e9 au Burkina : Le gouvernement intensifie ses efforts pour r\u00e9guler le march\u00e9 - Vox Sahel","robots":{"index":"index","follow":"follow","max-snippet":"max-snippet:-1","max-image-preview":"max-image-preview:large","max-video-preview":"max-video-preview:-1"},"canonical":"https:\/\/voxsahel.com\/?p=1002","og_locale":"fr_FR","og_type":"article","og_title":"Forte sp\u00e9culation sur le prix des amendes de karit\u00e9 au Burkina : Le gouvernement intensifie ses efforts pour r\u00e9guler le march\u00e9 - Vox Sahel","og_description":"Face \u00e0 la flamb\u00e9e des prix des amandes de karit\u00e9 et aux pratiques sp\u00e9culatives de","og_url":"https:\/\/voxsahel.com\/?p=1002","og_site_name":"Vox Sahel","article_publisher":"https:\/\/www.facebook.com\/journal.voxsahel","article_published_time":"2024-12-11T08:22:53+00:00","og_image":[{"width":1000,"height":750,"url":"https:\/\/voxsahel.com\/wp-content\/uploads\/2024\/12\/Karite.jpg","type":"image\/jpeg"}],"author":"Vox Sahel","twitter_card":"summary_large_image","twitter_misc":{"\u00c9crit par":"Vox Sahel","Dur\u00e9e de lecture estim\u00e9e":"3 minutes"},"schema":{"@context":"https:\/\/schema.org","@graph":[{"@type":"Article","@id":"https:\/\/voxsahel.com\/?p=1002#article","isPartOf":{"@id":"https:\/\/voxsahel.com\/?p=1002"},"author":{"name":"Vox Sahel","@id":"https:\/\/voxsahel.com\/#\/schema\/person\/b4043608248f8fa227cd760e7ff1e19e"},"headline":"Forte sp\u00e9culation sur le prix des amendes de karit\u00e9 au Burkina : Le gouvernement intensifie ses efforts pour r\u00e9guler le march\u00e9","datePublished":"2024-12-11T08:22:53+00:00","mainEntityOfPage":{"@id":"https:\/\/voxsahel.com\/?p=1002"},"wordCount":477,"commentCount":0,"publisher":{"@id":"https:\/\/voxsahel.com\/#organization"},"image":{"@id":"https:\/\/voxsahel.com\/?p=1002#primaryimage"},"thumbnailUrl":"https:\/\/voxsahel.com\/wp-content\/uploads\/2024\/12\/Karite.jpg","keywords":["Amandes de karit\u00e9","Brigade Mobile de Contr\u00f4le \u00c9conomique et de la R\u00e9pression des Fraudes","Burkina Faso","Croissance \u00e9conomique","D\u00e9veloppement","Groupement professionnel des industriels","Industrie","Karit\u00e9"],"articleSection":["DEVELOPPEMENT"],"inLanguage":"fr-FR","potentialAction":[{"@type":"CommentAction","name":"Comment","target":["https:\/\/voxsahel.com\/?p=1002#respond"]}]},{"@type":"WebPage","@id":"https:\/\/voxsahel.com\/?p=1002","url":"https:\/\/voxsahel.com\/?p=1002","name":"Forte sp\u00e9culation sur le prix des amendes de karit\u00e9 au Burkina : Le gouvernement intensifie ses efforts pour r\u00e9guler le march\u00e9 - Vox Sahel","isPartOf":{"@id":"https:\/\/voxsahel.com\/#website"},"primaryImageOfPage":{"@id":"https:\/\/voxsahel.com\/?p=1002#primaryimage"},"image":{"@id":"https:\/\/voxsahel.com\/?p=1002#primaryimage"},"thumbnailUrl":"https:\/\/voxsahel.com\/wp-content\/uploads\/2024\/12\/Karite.jpg","datePublished":"2024-12-11T08:22:53+00:00","breadcrumb":{"@id":"https:\/\/voxsahel.com\/?p=1002#breadcrumb"},"inLanguage":"fr-FR","potentialAction":[{"@type":"ReadAction","target":["https:\/\/voxsahel.com\/?p=1002"]}]},{"@type":"ImageObject","inLanguage":"fr-FR","@id":"https:\/\/voxsahel.com\/?p=1002#primaryimage","url":"https:\/\/voxsahel.com\/wp-content\/uploads\/2024\/12\/Karite.jpg","contentUrl":"https:\/\/voxsahel.com\/wp-content\/uploads\/2024\/12\/Karite.jpg","width":1000,"height":750,"caption":"Forte sp\u00e9culation sur le prix des amendes de karit\u00e9 au Burkina : Le gouvernement intensifie ses efforts pour r\u00e9guler le march\u00e9"},{"@type":"BreadcrumbList","@id":"https:\/\/voxsahel.com\/?p=1002#breadcrumb","itemListElement":[{"@type":"ListItem","position":1,"name":"Home","item":"https:\/\/voxsahel.com\/"},{"@type":"ListItem","position":2,"name":"Forte sp\u00e9culation sur le prix des amendes de karit\u00e9 au Burkina : Le gouvernement intensifie ses efforts pour r\u00e9guler le march\u00e9"}]},{"@type":"WebSite","@id":"https:\/\/voxsahel.com\/#website","url":"https:\/\/voxsahel.com\/","name":"Vox Sahel","description":"Informez-vous sur le Sahel en un clic","publisher":{"@id":"https:\/\/voxsahel.com\/#organization"},"potentialAction":[{"@type":"SearchAction","target":{"@type":"EntryPoint","urlTemplate":"https:\/\/voxsahel.com\/?s={search_term_string}"},"query-input":{"@type":"PropertyValueSpecification","valueRequired":true,"valueName":"search_term_string"}}],"inLanguage":"fr-FR"},{"@type":"Organization","@id":"https:\/\/voxsahel.com\/#organization","name":"Vox Sahel","url":"https:\/\/voxsahel.com\/","logo":{"@type":"ImageObject","inLanguage":"fr-FR","@id":"https:\/\/voxsahel.com\/#\/schema\/logo\/image\/","url":"https:\/\/voxsahel.com\/wp-content\/uploads\/2024\/09\/Logo-Vox-Sahel.jpg","contentUrl":"https:\/\/voxsahel.com\/wp-content\/uploads\/2024\/09\/Logo-Vox-Sahel.jpg","width":1181,"height":848,"caption":"Vox Sahel"},"image":{"@id":"https:\/\/voxsahel.com\/#\/schema\/logo\/image\/"},"sameAs":["https:\/\/www.facebook.com\/journal.voxsahel"]},{"@type":"Person","@id":"https:\/\/voxsahel.com\/#\/schema\/person\/b4043608248f8fa227cd760e7ff1e19e","name":"Vox Sahel","image":{"@type":"ImageObject","inLanguage":"fr-FR","@id":"https:\/\/secure.gravatar.com\/avatar\/f70e7fa0cb9b29d4a7c5788d6eb2e9ab4d3135cbae1c9161810fdf77a8964699?s=96&d=mm&r=g","url":"https:\/\/secure.gravatar.com\/avatar\/f70e7fa0cb9b29d4a7c5788d6eb2e9ab4d3135cbae1c9161810fdf77a8964699?s=96&d=mm&r=g","contentUrl":"https:\/\/secure.gravatar.com\/avatar\/f70e7fa0cb9b29d4a7c5788d6eb2e9ab4d3135cbae1c9161810fdf77a8964699?s=96&d=mm&r=g","caption":"Vox Sahel"},"sameAs":["http:\/\/www.voxsahel.com"],"url":"https:\/\/voxsahel.com\/?author=2"}]}},"_links":{"self":[{"href":"https:\/\/voxsahel.com\/index.php?rest_route=\/wp\/v2\/posts\/1002","targetHints":{"allow":["GET"]}}],"collection":[{"href":"https:\/\/voxsahel.com\/index.php?rest_route=\/wp\/v2\/posts"}],"about":[{"href":"https:\/\/voxsahel.com\/index.php?rest_route=\/wp\/v2\/types\/post"}],"author":[{"embeddable":true,"href":"https:\/\/voxsahel.com\/index.php?rest_route=\/wp\/v2\/users\/2"}],"replies":[{"embeddable":true,"href":"https:\/\/voxsahel.com\/index.php?rest_route=%2Fwp%2Fv2%2Fcomments&post=1002"}],"version-history":[{"count":1,"href":"https:\/\/voxsahel.com\/index.php?rest_route=\/wp\/v2\/posts\/1002\/revisions"}],"predecessor-version":[{"id":1004,"href":"https:\/\/voxsahel.com\/index.php?rest_route=\/wp\/v2\/posts\/1002\/revisions\/1004"}],"wp:featuredmedia":[{"embeddable":true,"href":"https:\/\/voxsahel.com\/index.php?rest_route=\/wp\/v2\/media\/1003"}],"wp:attachment":[{"href":"https:\/\/voxsahel.com\/index.php?rest_route=%2Fwp%2Fv2%2Fmedia&parent=1002"}],"wp:term":[{"taxonomy":"category","embeddable":true,"href":"https:\/\/voxsahel.com\/index.php?rest_route=%2Fwp%2Fv2%2Fcategories&post=1002"},{"taxonomy":"post_tag","embeddable":true,"href":"https:\/\/voxsahel.com\/index.php?rest_route=%2Fwp%2Fv2%2Ftags&post=1002"}],"curies":[{"name":"wp","href":"https:\/\/api.w.org\/{rel}","templated":true}]}}